{"id":139320,"date":"2020-12-01T15:09:42","date_gmt":"2020-12-01T21:09:42","guid":{"rendered":"https:\/\/laredsocial-noticias.com\/wp\/?p=139320"},"modified":"2020-12-01T15:12:30","modified_gmt":"2020-12-01T21:12:30","slug":"a-dos-anos-de-gobierno-se-ha-generado-el-inicio-del-cambio-monreal","status":"publish","type":"post","link":"https:\/\/laredsocial-noticias.com\/wp\/a-dos-anos-de-gobierno-se-ha-generado-el-inicio-del-cambio-monreal\/","title":{"rendered":"A dos a\u00f1os de gobierno, se ha generado el inicio del cambio: Monreal"},"content":{"rendered":"<p class=\"x_CUERPO\"><span lang=\"ES-TRAD\">A dos a\u00f1os de distancia, ha generado el inicio de un cambio de r\u00e9gimen y un proceso inacabado de transformaci\u00f3n profunda de las instituciones, asegur\u00f3 el senador Ricardo Monreal \u00c1vila, coordinador del Grupo Parlamentario de Morena en el Senado de la Rep\u00fablica.<\/span><\/p>\n<p class=\"x_CUERPO\"><span lang=\"ES-TRAD\">Creemos que en este primer tercio se han fijado las bases jur\u00eddicas, pol\u00edticas y econ\u00f3micas para continuar consolidando el cambio de r\u00e9gimen.\u00a0<\/span><\/p>\n<p class=\"x_CUERPO\"><span lang=\"ES-TRAD\">\u00a0<\/span><span lang=\"ES-TRAD\">Incluso, las encuestas expresan con mucha nitidez y claridad, el ambiente social que se vive. La aprobaci\u00f3n que en este momento recibe el Presidente de la Rep\u00fablica es aceptable; a pesar de que tambi\u00e9n hay sectores que no est\u00e1n de acuerdo y que desaprueban su gesti\u00f3n.\u00a0<\/span><\/p>\n<p class=\"x_CUERPO\"><span lang=\"ES-TRAD\">\u00a0<\/span><span lang=\"ES-TRAD\">Sin embargo, la mayor cantidad de personas, volver\u00edan a votar por Andr\u00e9s Manuel L\u00f3pez Obrador para Presidente de la Rep\u00fablica.\u00a0<\/span><\/p>\n<p class=\"x_CUERPO\"><span lang=\"ES-TRAD\">\u00a0<\/span><span lang=\"ES-TRAD\">Se ha enfrentado a adversarios formidables, no s\u00f3lo los grupos econ\u00f3micos, sino los grupos pol\u00edticos que est\u00e1n en la oposici\u00f3n, sino lo m\u00e1s grave: la pandemia que nos tiene azotados y que ha causado tanto da\u00f1o y tanta desgracia en nuestro pa\u00eds.\u00a0<\/span><\/p>\n<p class=\"x_CUERPO\"><span lang=\"ES-TRAD\">\u00a0<\/span><span lang=\"ES-TRAD\">Sin embargo, ha salido a flote y nos alegra que el Presidente de la Rep\u00fablica tenga una alta aprobaci\u00f3n en todas las encuestas que se han emitido con motivo de su segundo a\u00f1o.\u00a0<\/span><\/p>\n<p class=\"x_CUERPO\"><span lang=\"ES-TRAD\">\u00a0<\/span><span lang=\"ES-TRAD\">\u00bfPor qu\u00e9 est\u00e1 el Presidente L\u00f3pez Obrador arriba? \u00bfPor qu\u00e9 est\u00e1 bien evaluado en la mayor parte de la poblaci\u00f3n mexicana?\u00a0<\/span><\/p>\n<p class=\"x_CUERPO\"><span lang=\"ES-TRAD\">\u00a0<\/span><span lang=\"ES-TRAD\">Por tres razones: \u00a0<\/span><\/p>\n<p class=\"x_CUERPO\"><span lang=\"ES-TRAD\">\u00a0<\/span><span lang=\"ES-TRAD\">Una, por su honestidad y su actitud incansable. Dos, por los programas sociales, que son una realidad y que ahora el 70 por ciento de familias, cuando menos, recibe un beneficio; lo que nunca hab\u00eda ocurrido aun con una deuda p\u00fablica creciente que se adquir\u00eda y que no era transparente. Y tercero, la sobriedad, la austeridad y el combate a la corrupci\u00f3n.\u00a0<\/span><\/p>\n<p class=\"x_CUERPO\"><span lang=\"ES-TRAD\">\u00a0<\/span><span lang=\"ES-TRAD\">Estos tres aspectos con los que tienen al Presidente de la Rep\u00fablica bien calificado.\u00a0<\/span><\/p>\n<p class=\"x_CUERPO\"><span lang=\"ES-TRAD\">\u00a0<\/span><span lang=\"ES-TRAD\">Faltan muchas cosas por hacer, en efecto, pero juntos lo vamos a lograr.\u00a0<\/span><\/p>\n<p class=\"x_CUERPO\"><span lang=\"ES-TRAD\">\u00a0<\/span><span lang=\"ES-TRAD\">Estas son algunas de las razones por las que debemos de continuar en el camino trazado.<\/span><\/p>\n<p>&nbsp;<\/p>\n<h2 style=\"text-align: center;\">Desmantelar el sistema presidencialista corrupto y t\u00f3xico, principal aportaci\u00f3n<\/h2>\n<div style=\"width: 740px;\" class=\"wp-video\"><video class=\"wp-video-shortcode\" id=\"video-139320-1\" width=\"740\" height=\"419\" preload=\"metadata\" controls=\"controls\"><source type=\"video\/mp4\" src=\"https:\/\/laredsocial-noticias.com\/wp\/wp-content\/uploads\/2020\/12\/PRESIDENCIALISMO-CORRUPTO-Y-TOXICO.mp4?_=1\" \/><a href=\"https:\/\/laredsocial-noticias.com\/wp\/wp-content\/uploads\/2020\/12\/PRESIDENCIALISMO-CORRUPTO-Y-TOXICO.mp4\">https:\/\/laredsocial-noticias.com\/wp\/wp-content\/uploads\/2020\/12\/PRESIDENCIALISMO-CORRUPTO-Y-TOXICO.mp4<\/a><\/video><\/div>\n<p>Posicionamiento ?del senador Alejandro Armenta, presidente de la Comisi\u00f3n de Hacienda del Senado.<\/p>\n","protected":false},"excerpt":{"rendered":"<p>A dos a\u00f1os de distancia, ha generado el inicio de un cambio de r\u00e9gimen y un proceso inacabado de transformaci\u00f3n&#8230;<\/p>\n","protected":false},"author":1,"featured_media":0,"comment_status":"closed","ping_status":"closed","sticky":false,"template":"","format":"standard","meta":{"footnotes":""},"categories":[399,28],"tags":[],"class_list":["post-139320","post","type-post","status-publish","format-standard","hentry","category-gobierno-de-la-republica","category-gobierno-federal"],"yoast_head":"<!-- This site is optimized with the Yoast SEO plugin v26.5 - https:\/\/yoast.com\/wordpress\/plugins\/seo\/ -->\n<title>A dos a\u00f1os de gobierno, se ha generado el inicio del cambio: Monreal - NOTICIAS<\/title>\n<meta name=\"robots\" content=\"index, follow, max-snippet:-1, max-image-preview:large, max-video-preview:-1\" \/>\n<link rel=\"canonical\" href=\"https:\/\/laredsocial-noticias.com\/wp\/a-dos-anos-de-gobierno-se-ha-generado-el-inicio-del-cambio-monreal\/\" \/>\n<meta property=\"og:locale\" content=\"es_ES\" \/>\n<meta property=\"og:type\" content=\"article\" \/>\n<meta property=\"og:title\" content=\"A dos a\u00f1os de gobierno, se ha generado el inicio del cambio: Monreal - NOTICIAS\" \/>\n<meta property=\"og:description\" content=\"A dos a\u00f1os de distancia, ha generado el inicio de un cambio de r\u00e9gimen y un proceso inacabado de transformaci\u00f3n...\" \/>\n<meta property=\"og:url\" content=\"https:\/\/laredsocial-noticias.com\/wp\/a-dos-anos-de-gobierno-se-ha-generado-el-inicio-del-cambio-monreal\/\" \/>\n<meta property=\"og:site_name\" content=\"NOTICIAS\" \/>\n<meta property=\"article:published_time\" content=\"2020-12-01T21:09:42+00:00\" \/>\n<meta property=\"article:modified_time\" content=\"2020-12-01T21:12:30+00:00\" \/>\n<meta property=\"og:image\" content=\"https:\/\/laredsocial-noticias.com\/wp\/wp-content\/uploads\/2020\/11\/cumpleanos-de-AMLO-.jpg\" \/>\n\t<meta property=\"og:image:width\" content=\"1280\" \/>\n\t<meta property=\"og:image:height\" content=\"720\" \/>\n\t<meta property=\"og:image:type\" content=\"image\/jpeg\" \/>\n<meta name=\"author\" content=\"Editor en Jefe\" \/>\n<meta name=\"twitter:card\" content=\"summary_large_image\" \/>\n<meta name=\"twitter:label1\" content=\"Escrito por\" \/>\n\t<meta name=\"twitter:data1\" content=\"Editor en Jefe\" \/>\n\t<meta name=\"twitter:label2\" content=\"Tiempo de lectura\" \/>\n\t<meta name=\"twitter:data2\" content=\"2 minutos\" \/>\n<!-- \/ Yoast SEO plugin. -->","yoast_head_json":{"title":"A dos a\u00f1os de gobierno, se ha generado el inicio del cambio: Monreal - NOTICIAS","robots":{"index":"index","follow":"follow","max-snippet":"max-snippet:-1","max-image-preview":"max-image-preview:large","max-video-preview":"max-video-preview:-1"},"canonical":"https:\/\/laredsocial-noticias.com\/wp\/a-dos-anos-de-gobierno-se-ha-generado-el-inicio-del-cambio-monreal\/","og_locale":"es_ES","og_type":"article","og_title":"A dos a\u00f1os de gobierno, se ha generado el inicio del cambio: Monreal - NOTICIAS","og_description":"A dos a\u00f1os de distancia, ha generado el inicio de un cambio de r\u00e9gimen y un proceso inacabado de transformaci\u00f3n...","og_url":"https:\/\/laredsocial-noticias.com\/wp\/a-dos-anos-de-gobierno-se-ha-generado-el-inicio-del-cambio-monreal\/","og_site_name":"NOTICIAS","article_published_time":"2020-12-01T21:09:42+00:00","article_modified_time":"2020-12-01T21:12:30+00:00","og_image":[{"width":1280,"height":720,"url":"https:\/\/laredsocial-noticias.com\/wp\/wp-content\/uploads\/2020\/11\/cumpleanos-de-AMLO-.jpg","type":"image\/jpeg"}],"author":"Editor en Jefe","twitter_card":"summary_large_image","twitter_misc":{"Escrito por":"Editor en Jefe","Tiempo de lectura":"2 minutos"},"schema":{"@context":"https:\/\/schema.org","@graph":[{"@type":"WebPage","@id":"https:\/\/laredsocial-noticias.com\/wp\/a-dos-anos-de-gobierno-se-ha-generado-el-inicio-del-cambio-monreal\/","url":"https:\/\/laredsocial-noticias.com\/wp\/a-dos-anos-de-gobierno-se-ha-generado-el-inicio-del-cambio-monreal\/","name":"A dos a\u00f1os de gobierno, se ha generado el inicio del cambio: Monreal - NOTICIAS","isPartOf":{"@id":"https:\/\/laredsocial-noticias.com\/wp\/#website"},"datePublished":"2020-12-01T21:09:42+00:00","dateModified":"2020-12-01T21:12:30+00:00","author":{"@id":"https:\/\/laredsocial-noticias.com\/wp\/#\/schema\/person\/0ce78643f2de7aae6f6ef10e8453a6e0"},"breadcrumb":{"@id":"https:\/\/laredsocial-noticias.com\/wp\/a-dos-anos-de-gobierno-se-ha-generado-el-inicio-del-cambio-monreal\/#breadcrumb"},"inLanguage":"es","potentialAction":[{"@type":"ReadAction","target":["https:\/\/laredsocial-noticias.com\/wp\/a-dos-anos-de-gobierno-se-ha-generado-el-inicio-del-cambio-monreal\/"]}]},{"@type":"BreadcrumbList","@id":"https:\/\/laredsocial-noticias.com\/wp\/a-dos-anos-de-gobierno-se-ha-generado-el-inicio-del-cambio-monreal\/#breadcrumb","itemListElement":[{"@type":"ListItem","position":1,"name":"Portada","item":"https:\/\/laredsocial-noticias.com\/wp\/"},{"@type":"ListItem","position":2,"name":"A dos a\u00f1os de gobierno, se ha generado el inicio del cambio: Monreal"}]},{"@type":"WebSite","@id":"https:\/\/laredsocial-noticias.com\/wp\/#website","url":"https:\/\/laredsocial-noticias.com\/wp\/","name":"NOTICIAS","description":"Lo que se ve y se dice en las redes sociales","potentialAction":[{"@type":"SearchAction","target":{"@type":"EntryPoint","urlTemplate":"https:\/\/laredsocial-noticias.com\/wp\/?s={search_term_string}"},"query-input":{"@type":"PropertyValueSpecification","valueRequired":true,"valueName":"search_term_string"}}],"inLanguage":"es"},{"@type":"Person","@id":"https:\/\/laredsocial-noticias.com\/wp\/#\/schema\/person\/0ce78643f2de7aae6f6ef10e8453a6e0","name":"Editor en Jefe","url":"https:\/\/laredsocial-noticias.com\/wp\/author\/jorgeochoa\/"}]}},"_links":{"self":[{"href":"https:\/\/laredsocial-noticias.com\/wp\/wp-json\/wp\/v2\/posts\/139320","targetHints":{"allow":["GET"]}}],"collection":[{"href":"https:\/\/laredsocial-noticias.com\/wp\/wp-json\/wp\/v2\/posts"}],"about":[{"href":"https:\/\/laredsocial-noticias.com\/wp\/wp-json\/wp\/v2\/types\/post"}],"author":[{"embeddable":true,"href":"https:\/\/laredsocial-noticias.com\/wp\/wp-json\/wp\/v2\/users\/1"}],"replies":[{"embeddable":true,"href":"https:\/\/laredsocial-noticias.com\/wp\/wp-json\/wp\/v2\/comments?post=139320"}],"version-history":[{"count":2,"href":"https:\/\/laredsocial-noticias.com\/wp\/wp-json\/wp\/v2\/posts\/139320\/revisions"}],"predecessor-version":[{"id":139323,"href":"https:\/\/laredsocial-noticias.com\/wp\/wp-json\/wp\/v2\/posts\/139320\/revisions\/139323"}],"wp:attachment":[{"href":"https:\/\/laredsocial-noticias.com\/wp\/wp-json\/wp\/v2\/media?parent=139320"}],"wp:term":[{"taxonomy":"category","embeddable":true,"href":"https:\/\/laredsocial-noticias.com\/wp\/wp-json\/wp\/v2\/categories?post=139320"},{"taxonomy":"post_tag","embeddable":true,"href":"https:\/\/laredsocial-noticias.com\/wp\/wp-json\/wp\/v2\/tags?post=139320"}],"curies":[{"name":"wp","href":"https:\/\/api.w.org\/{rel}","templated":true}]}}