{"id":139561,"date":"2020-12-05T16:27:11","date_gmt":"2020-12-05T22:27:11","guid":{"rendered":"https:\/\/laredsocial-noticias.com\/wp\/?p=139561"},"modified":"2020-12-05T16:29:45","modified_gmt":"2020-12-05T22:29:45","slug":"139561-2","status":"publish","type":"post","link":"https:\/\/laredsocial-noticias.com\/wp\/139561-2\/","title":{"rendered":"Empresarios y partidos pol\u00edticos de CDMX rescatar\u00e1n MIPyMEs"},"content":{"rendered":"<ul>\n<li><strong>COPARMEX y PRI impulsar\u00e1n pol\u00edticas p\u00fablicas afines <\/strong><\/li>\n<\/ul>\n<p><strong>\u00a0<\/strong><strong>Buscar\u00e1n sensibilizar a ambulantes ponderando ventajas de incorporaci\u00f3n a formalidad<\/strong><\/p>\n<p><strong>Pretenden una reactivaci\u00f3n econ\u00f3mica con programas y la promoci\u00f3n de Comit\u00e9s de Fomento Econ\u00f3mico por Alcald\u00eda<\/strong><\/p>\n<p><img loading=\"lazy\" decoding=\"async\" class=\" wp-image-139562 alignright\" src=\"https:\/\/laredsocial-noticias.com\/wp\/wp-content\/uploads\/2020\/12\/COPARMEX-PRI-CDMX-300x78.jpg\" alt=\"\" width=\"519\" height=\"135\" \/><\/p>\n<p><strong>Por Guillermo Pimentel Balderas<\/strong><\/p>\n<p>El sector empresarial y los partidos pol\u00edticos en el Congreso de la Ciudad de M\u00e9xico, buscan fortalecer econ\u00f3micamente a las micro, peque\u00f1as y medianas empresas (MIPyMEs), como parte de los cuatro \u201cDi\u00e1logos Empresariales\u201d que sostuvieron para su desarrollo.<\/p>\n<p>En esta ocasi\u00f3n, la Coparmex CDMX acord\u00f3 20 puntos con el Partido Revolucionario Institucional (PRI) capitalino, en el marco de este encuentro que se llevo al cabo en cuatro sesiones de trabajo denominadas: \u201cDI\u00c1LOGOS EMPRESARIALES\u201d.<\/p>\n<p>Participaron tanto la representaci\u00f3n empresarial de la Confederaci\u00f3n Patronal de la Rep\u00fablica Mexicana, como la representaci\u00f3n del Partido Revolucionario Institucional en la Ciudad de M\u00e9xico, d\u00e1ndose a la tarea de conjuntar todas las propuestas vertidas en un ejercicio por dem\u00e1s in\u00e9dito entre ambas Instituciones, afirm\u00f3 Antonio Z\u00fa\u00f1iga Salinas, dirigente del corporativo empresarial.<\/p>\n<p>En esta ocasi\u00f3n, resalto: \u201cnos ha permitido vislumbrar acciones que podr\u00edan ser de r\u00e1pida consolidaci\u00f3n y f\u00e1cilmente materializadas; pero tambi\u00e9n otras habr\u00eda que procesarlas con diversas instancias internas de ambas Instituciones y, por supuesto, tendr\u00edan viabilidad a mediano plazo como la creaci\u00f3n de cl\u00fasters, el sano desarrollo de la capital a trav\u00e9s de su uso de suelo e infraestructura, adem\u00e1s del dise\u00f1o de propuestas y programas para dar certeza legal a formas de mercadeo popular, as\u00ed como un equilibrio estable entre este tipo de comercio en tianguis y el comercio establecido\u201d.<\/p>\n<p>Explic\u00f3 Z\u00fa\u00f1iga Salinas, que como resultado de la realizaci\u00f3n de las cuatro sesiones de trabajo se derivan acciones que podr\u00edan ser de r\u00e1pida consolidaci\u00f3n y f\u00e1cilmente materializadas; pero tambi\u00e9n hay otras que habr\u00eda que procesar con diversas instancias internas de ambas Instituciones y por supuesto tendr\u00edan viabilidad a mediano plazo.<\/p>\n<p>De acuerdo a lo anterior, se formulan diversas propuestas divididas en: \u201cCORTO\u201d Y en \u201cMEDIANO\u201d plazo. Entre las principales propuestas de corto plazo se pueden enumerar, sensibilizar a los comerciantes informales, ponderando las ventajas de la incorporaci\u00f3n a la formalidad a trav\u00e9s del R\u00e9gimen de Incorporaci\u00f3n Fiscal y la promoci\u00f3n del turismo destacando los atractivos culturales, arqueol\u00f3gicos, gastron\u00f3micos y de recreaci\u00f3n de cada una de las alcald\u00edas.<\/p>\n<p>En el largo plazo tambi\u00e9n se enumera el dise\u00f1o de \u201cProgramas de Oportunidades MIPyMEs competitivas\u201d, diferente de los programas sociales, orientada desde su creaci\u00f3n a la eficiencia econ\u00f3mica con objeto de fundamentar costos de operaci\u00f3n m\u00ednimos para una mejor planeaci\u00f3n de las unidades econ\u00f3micas de que se trate.<\/p>\n<p>Mencion\u00f3 que en el marco del proyecto Coparmex CDMX-PRI, esta una apreciaci\u00f3n de una estrategia conjunta, con el objeto de encontrar soluciones id\u00f3neas que beneficien a la poblaci\u00f3n de la ciudad de una manera m\u00e1s sistem\u00e1tica, donde el aspecto cualitativo preserve los derechos sociales y el aspecto de eficiencia econ\u00f3mica preserve la racionalidad y alto valor agregado econ\u00f3mico.<\/p>\n<p>Esto, agreg\u00f3, con el objetivo general de: \u201cuna coexistencia y cogobierno de la sociedad y el gobierno de la ciudad en un foro p\u00fablico facultativo (deliberativo y vinculante), que permita una adecuada legislaci\u00f3n lo general, con mecanismos espec\u00edficos flexibles que permitan la integridad de la participaci\u00f3n p\u00fablica y su debida representaci\u00f3n democr\u00e1tica\u201d.<\/p>\n<p>Por \u00faltimo, Z\u00fa\u00f1iga Salinas agradeci\u00f3 la participaci\u00f3n de l\u00edderes empresariales, Diputados al Congreso de la Ciudad de M\u00e9xico, Concejales y dirigentes partidistas por sus valiosas aportaciones en estos DI\u00c1LOGOS EMPRESARIALES. \u201cHoy nos queda una tarea compartida para todos los involucrados directa e indirectamente, para que con gran voluntad materialicemos lo aqu\u00ed vertido\u201d, confi\u00f3.<\/p>\n<p><strong>PROPUESTAS A CORTO PLAZO<\/strong><\/p>\n<p>1.- Establecer una Mesa de coordinaci\u00f3n permanente entre ambas instituciones, donde se analicen planes de reactivaci\u00f3n econ\u00f3mica por Demarcaci\u00f3n con el objeto fundamental de mantener el debido equilibrio en las propuestas de pol\u00edticas y programas p\u00fablicos, entre el desarrollo econ\u00f3mico y el desarrollo social en cada demarcaci\u00f3n. (Alcald\u00eda);<\/p>\n<p>2.- Mejorar la imagen del empresario, como un actor estrat\u00e9gico insustituible, ponder\u00e1ndolo como el agente de la econom\u00eda que invierte su capital, tanto productivo como de trabajo, generando fuentes de empleo, ampliando las oportunidades de trabajo y diversificando la planta productiva, debiendo enfrentar vicisitudes en materia econ\u00f3mica y de seguridad.<\/p>\n<p>3.-Proponer el fomento del Turismo, destacando los atractivos culturales, arqueol\u00f3gicos, gastron\u00f3micos y de recreaci\u00f3n de cada regi\u00f3n de la CdMx, a partir de una oferta viable, considerando la \u201cnueva normalidad\u201d y cubriendo los protocolos sanitarios correspondientes. Permitiendo la reestructuraci\u00f3n de este sector econ\u00f3mico como medida antic\u00edclica a la inactividad econ\u00f3mica y su tasa de desempleo negativa.<\/p>\n<p>4.-Proponer pol\u00edticas p\u00fablicas orientadas a la formalizaci\u00f3n del comercio informal sensibilizando a los comerciantes informales, ponderando las ventajas de la incorporaci\u00f3n a la formalidad a trav\u00e9s del R\u00e9gimen de Incorporaci\u00f3n Fiscal, por ejemplo, en materia de facilidades fiscales, financiamiento p\u00fablico\/privado y acceso a la obtenci\u00f3n de su afiliaci\u00f3n a la seguridad social (IMSS).<\/p>\n<p>5.- Promover con los miembros de ambas Instituciones, diversos programas de ECOTURISMO, en coordinaci\u00f3n con las autoridades correspondientes de cada regi\u00f3n, como gesti\u00f3n de una econom\u00eda en transici\u00f3n hacia una econom\u00eda verde sustentable.<\/p>\n<p>6.- Promover la restauraci\u00f3n o instalaci\u00f3n de los Comit\u00e9s de Fomento Econ\u00f3mico por Alcald\u00eda, como instancias de convergencia de propuestas orientadas a la gesti\u00f3n directa de bolsa de trabajo, tanto en sector privado y p\u00fablico; acciones en materia de seguridad p\u00fablica y gesti\u00f3n de apoyos, incentivos y cr\u00e9ditos a las MIPyMEs.<\/p>\n<p>7.- Promover programas de REACTIVACI\u00d3N ECON\u00d3MICA en las Alcald\u00edas de vocaci\u00f3n agr\u00edcola, como activos verdes que hacia su incorporaci\u00f3n formal al sistema econ\u00f3mico de la CDMX; promoviendo \u00e1mbitos eco &#8211; productivos como lo son las chinampas en algunos casos.<\/p>\n<p>8.- Promover conjuntamente o por separado, pero compartiendo la convocatoria a: \u201cla eficiencia econ\u00f3mica\u201d a trav\u00e9s de cursos, talleres, seminarios y toda clase de capacitaci\u00f3n para el Emprendimiento y, por supuesto para quienes ya son titulares de una MIPyMEs.<\/p>\n<p>9.- Promover una pol\u00edtica p\u00fablica de apoyo a las MIPyMEs, para su fondeo con subvenciones, cr\u00e9ditos y contratos por parte de la Administraci\u00f3n P\u00fablica para su fortalecimiento econ\u00f3mico, como una primera etapa hacia la consolidaci\u00f3n de \u00e9stas en un proceso de diversificaci\u00f3n, especializaci\u00f3n y calidad por tipo de mercado.<\/p>\n<p>10.- Buscar en conjunto, mecanismos para el impulso de la Empresa e Industria Nacionales, a trav\u00e9s de mejores mecanismos de vinculaci\u00f3n institucional e incentivos Institucionales a la cadena productiva, materializando oportunidades de mercado y diversificaci\u00f3n de la base productiva que no existe en el presente y, as\u00ed lograr una mayor expansi\u00f3n en el mercado nacional y dar el impulso a sus exportaciones.<\/p>\n<p><strong>ACCIONES A MEDIANO PLAZO<\/strong><\/p>\n<p>Percepci\u00f3n adecuada y com\u00fan de los recursos urbanos y disponibilidad de \u00e9stos, en el marco de los diferentes \u00e1mbitos \u2013 espacios urbanos en cada una de las Alcald\u00edas de la CDMX. Construcci\u00f3n de Infograf\u00eda homologada.<\/p>\n<p>Definici\u00f3n de recursos urbanos categorizados por su funci\u00f3n y utilidad para actividades productivas y sociales para la formaci\u00f3n de un stock (inventario), por zonas con la prioridad de proponer incorporarlos a las pol\u00edticas p\u00fablicas m\u00e1s acordes a un desarrollo integral sustentable.<\/p>\n<p>Construcci\u00f3n de una propuesta de \u201cpol\u00edticas diferenciadas\u201d entre las diversas necesidades de la poblaci\u00f3n local por grado de marginaci\u00f3n y pertenencia al decil de ingresos, con objeto de un dise\u00f1o de: \u201cprogramas de oportunidades MIPyMEs\u201d diferente de los programas sociales.<\/p>\n<p>Promover un Programa de: \u201cOportunidades de MYPyMES Competitivas\u201d orientadas desde su creaci\u00f3n, a la eficiencia econ\u00f3mica con objeto de fundamentar costos de operaci\u00f3n m\u00ednimos, para una mejor planeaci\u00f3n de las unidades econ\u00f3micas de que se trate.<\/p>\n<p>Conjuntar esfuerzos para lograr una mejor percepci\u00f3n y monitoreo de la planeaci\u00f3n urbana, al revisar la existencia de planes de desarrollo urbano a trav\u00e9s de los contenidos en los planes de desarrollo parcial de las Alcald\u00edas, como una primera etapa de un proceso de eficiencia en la aplicaci\u00f3n de los recursos p\u00fablicos de la Ciudad.<\/p>\n<p>Colaboraci\u00f3n conjunta en la valoraci\u00f3n de: \u201cactivos urbanos de alto valor\u201d derivado de los recursos urbanos con los que la ciudad cuenta para el dise\u00f1o de pol\u00edticas p\u00fablicas de inversi\u00f3n p\u00fablica o de asociaci\u00f3n p\u00fablico \u2013 privado, para el desarrollo de \u00e1mbitos de negocio al trasformar sustentablemente un recurso urbano, agregando valor al mismo para ser un activo urbano de alto impacto econ\u00f3mico y\/o social, con objeto de dar prioridad a la sustentabilidad urbana.<\/p>\n<p>Colaboraci\u00f3n conjunta en el An\u00e1lisis y delimitaci\u00f3n de prioridades en \u00e1reas urbanas postindustriales y de la infraestructura de las mismas con objeto de su transformaci\u00f3n id\u00f3nea para mantener su eficiencia log\u00edstica y de econom\u00edas de escala en la relaci\u00f3n: uso de suelo \u2013 infraestructura con objeto de promover cl\u00fasters urbanos competitivos interconectados (espacios territoriales reducidos con todos los servicios necesarios para la vida del ciudadano), d\u00f3nde el precio inmobiliario no desincentive una oportunidad de desarrollo econ\u00f3mico para la ciudad y su poblaci\u00f3n universal.<\/p>\n<p>Definici\u00f3n com\u00fan de las \u00e1reas que ser\u00e1n beneficiadas de una: pol\u00edtica p\u00fablica general hacia pol\u00edticas espec\u00edficas de corte social, donde el presupuesto de la ciudad pueda ser invertido eficientemente por etapas hasta el cumplimiento del: \u201cobjetivo espec\u00edfico social\u201d.<\/p>\n<p>Promover la colaboraci\u00f3n conjunta ante las instancias de la Administraci\u00f3n P\u00fablica Federal, estatal y municipal en materia de mecanismos de financiamiento, con objeto de plantear proyectos de naturaleza nacional en la dotaci\u00f3n de infraestructura estrat\u00e9gica que permita, el adecuado equilibrio entre desarrollo econ\u00f3mico \u2013 social y sustentabilidad en el largo plazo.<\/p>\n<p>Colaboraci\u00f3n en el dise\u00f1o de propuestas y programas para dar certeza legal a formas de mercadeo popular, que requieren incentivos fiscales y una plataforma de actividades comerciales id\u00f3nea para su adecuada din\u00e1mica, ya que sus restricciones normativas, solo permiten un mercadeo con altos costos y ganancias marginales por su reducido volumen de mercadeo, con objeto de: \u201cno permitir la saturaci\u00f3n de \u00e9stos (tianguis), un equilibrio estable entre \u00e9stos y el comercio establecido; siendo que desde 1997 existe la legislaci\u00f3n en la gaceta oficial de la ciudad con relaci\u00f3n a el pago fiscal correspondiente, destinar tal recurso a mejoras de los mismos, as\u00ed como su incorporaci\u00f3n formal al erario de la ciudad.<\/p>\n<p>Hasta aqu\u00ed las propuestas vertidas, por supuesto pasadas por el tamiz de la congruencia cronol\u00f3gica, l\u00f3gica y plasmadas, como un documento de trabajo y primera reflexi\u00f3n con el fin de enriquecerlo con mayores participaciones, pero con el af\u00e1n de que estos: DIALOGOS EMPRESARIALES, dejen sembrada la semilla institucional de por lo menos, el establecimiento de un di\u00e1logo franco, constructor de DEMOCRACIA, como fue sin excepci\u00f3n, en cada uno de los cuatro foros realizados.<\/p>\n<p>&nbsp;<\/p>\n","protected":false},"excerpt":{"rendered":"<p>COPARMEX y PRI impulsar\u00e1n pol\u00edticas p\u00fablicas afines \u00a0Buscar\u00e1n sensibilizar a ambulantes ponderando ventajas de incorporaci\u00f3n a formalidad Pretenden una reactivaci\u00f3n&#8230;<\/p>\n","protected":false},"author":10,"featured_media":0,"comment_status":"closed","ping_status":"closed","sticky":false,"template":"","format":"standard","meta":{"footnotes":""},"categories":[10833,2811],"tags":[],"class_list":["post-139561","post","type-post","status-publish","format-standard","hentry","category-coparmex-cdmx","category-economia"],"yoast_head":"<!-- This site is optimized with the Yoast SEO plugin v26.5 - https:\/\/yoast.com\/wordpress\/plugins\/seo\/ -->\n<title>Empresarios y partidos pol\u00edticos de CDMX rescatar\u00e1n MIPyMEs - NOTICIAS<\/title>\n<meta name=\"robots\" content=\"index, follow, max-snippet:-1, max-image-preview:large, max-video-preview:-1\" \/>\n<link rel=\"canonical\" href=\"https:\/\/laredsocial-noticias.com\/wp\/139561-2\/\" \/>\n<meta property=\"og:locale\" content=\"es_ES\" \/>\n<meta property=\"og:type\" content=\"article\" \/>\n<meta property=\"og:title\" content=\"Empresarios y partidos pol\u00edticos de CDMX rescatar\u00e1n MIPyMEs - NOTICIAS\" \/>\n<meta property=\"og:description\" content=\"COPARMEX y PRI impulsar\u00e1n pol\u00edticas p\u00fablicas afines \u00a0Buscar\u00e1n sensibilizar a ambulantes ponderando ventajas de incorporaci\u00f3n a formalidad Pretenden una reactivaci\u00f3n...\" \/>\n<meta property=\"og:url\" content=\"https:\/\/laredsocial-noticias.com\/wp\/139561-2\/\" \/>\n<meta property=\"og:site_name\" content=\"NOTICIAS\" \/>\n<meta property=\"article:published_time\" content=\"2020-12-05T22:27:11+00:00\" \/>\n<meta property=\"article:modified_time\" content=\"2020-12-05T22:29:45+00:00\" \/>\n<meta property=\"og:image\" content=\"https:\/\/laredsocial-noticias.com\/wp\/wp-content\/uploads\/2020\/11\/IMG-20201028-WA0031.jpg\" \/>\n\t<meta property=\"og:image:width\" content=\"1280\" \/>\n\t<meta property=\"og:image:height\" content=\"684\" \/>\n\t<meta property=\"og:image:type\" content=\"image\/jpeg\" \/>\n<meta name=\"author\" content=\"Guillermo Pimentel\" \/>\n<meta name=\"twitter:card\" content=\"summary_large_image\" \/>\n<meta name=\"twitter:label1\" content=\"Escrito por\" \/>\n\t<meta name=\"twitter:data1\" content=\"Guillermo Pimentel\" \/>\n\t<meta name=\"twitter:label2\" content=\"Tiempo de lectura\" \/>\n\t<meta name=\"twitter:data2\" content=\"10 minutos\" \/>\n<!-- \/ Yoast SEO plugin. -->","yoast_head_json":{"title":"Empresarios y partidos pol\u00edticos de CDMX rescatar\u00e1n MIPyMEs - NOTICIAS","robots":{"index":"index","follow":"follow","max-snippet":"max-snippet:-1","max-image-preview":"max-image-preview:large","max-video-preview":"max-video-preview:-1"},"canonical":"https:\/\/laredsocial-noticias.com\/wp\/139561-2\/","og_locale":"es_ES","og_type":"article","og_title":"Empresarios y partidos pol\u00edticos de CDMX rescatar\u00e1n MIPyMEs - NOTICIAS","og_description":"COPARMEX y PRI impulsar\u00e1n pol\u00edticas p\u00fablicas afines \u00a0Buscar\u00e1n sensibilizar a ambulantes ponderando ventajas de incorporaci\u00f3n a formalidad Pretenden una reactivaci\u00f3n...","og_url":"https:\/\/laredsocial-noticias.com\/wp\/139561-2\/","og_site_name":"NOTICIAS","article_published_time":"2020-12-05T22:27:11+00:00","article_modified_time":"2020-12-05T22:29:45+00:00","og_image":[{"width":1280,"height":684,"url":"https:\/\/laredsocial-noticias.com\/wp\/wp-content\/uploads\/2020\/11\/IMG-20201028-WA0031.jpg","type":"image\/jpeg"}],"author":"Guillermo Pimentel","twitter_card":"summary_large_image","twitter_misc":{"Escrito por":"Guillermo Pimentel","Tiempo de lectura":"10 minutos"},"schema":{"@context":"https:\/\/schema.org","@graph":[{"@type":"WebPage","@id":"https:\/\/laredsocial-noticias.com\/wp\/139561-2\/","url":"https:\/\/laredsocial-noticias.com\/wp\/139561-2\/","name":"Empresarios y partidos pol\u00edticos de CDMX rescatar\u00e1n MIPyMEs - NOTICIAS","isPartOf":{"@id":"https:\/\/laredsocial-noticias.com\/wp\/#website"},"primaryImageOfPage":{"@id":"https:\/\/laredsocial-noticias.com\/wp\/139561-2\/#primaryimage"},"image":{"@id":"https:\/\/laredsocial-noticias.com\/wp\/139561-2\/#primaryimage"},"thumbnailUrl":"https:\/\/laredsocial-noticias.com\/wp\/wp-content\/uploads\/2020\/12\/COPARMEX-PRI-CDMX-300x78.jpg","datePublished":"2020-12-05T22:27:11+00:00","dateModified":"2020-12-05T22:29:45+00:00","author":{"@id":"https:\/\/laredsocial-noticias.com\/wp\/#\/schema\/person\/9c09eb8c35c46dac6d30e2baff4b64d6"},"breadcrumb":{"@id":"https:\/\/laredsocial-noticias.com\/wp\/139561-2\/#breadcrumb"},"inLanguage":"es","potentialAction":[{"@type":"ReadAction","target":["https:\/\/laredsocial-noticias.com\/wp\/139561-2\/"]}]},{"@type":"ImageObject","inLanguage":"es","@id":"https:\/\/laredsocial-noticias.com\/wp\/139561-2\/#primaryimage","url":"","contentUrl":""},{"@type":"BreadcrumbList","@id":"https:\/\/laredsocial-noticias.com\/wp\/139561-2\/#breadcrumb","itemListElement":[{"@type":"ListItem","position":1,"name":"Portada","item":"https:\/\/laredsocial-noticias.com\/wp\/"},{"@type":"ListItem","position":2,"name":"Empresarios y partidos pol\u00edticos de CDMX rescatar\u00e1n MIPyMEs"}]},{"@type":"WebSite","@id":"https:\/\/laredsocial-noticias.com\/wp\/#website","url":"https:\/\/laredsocial-noticias.com\/wp\/","name":"NOTICIAS","description":"Lo que se ve y se dice en las redes sociales","potentialAction":[{"@type":"SearchAction","target":{"@type":"EntryPoint","urlTemplate":"https:\/\/laredsocial-noticias.com\/wp\/?s={search_term_string}"},"query-input":{"@type":"PropertyValueSpecification","valueRequired":true,"valueName":"search_term_string"}}],"inLanguage":"es"},{"@type":"Person","@id":"https:\/\/laredsocial-noticias.com\/wp\/#\/schema\/person\/9c09eb8c35c46dac6d30e2baff4b64d6","name":"Guillermo Pimentel","url":"https:\/\/laredsocial-noticias.com\/wp\/author\/guillermo\/"}]}},"_links":{"self":[{"href":"https:\/\/laredsocial-noticias.com\/wp\/wp-json\/wp\/v2\/posts\/139561","targetHints":{"allow":["GET"]}}],"collection":[{"href":"https:\/\/laredsocial-noticias.com\/wp\/wp-json\/wp\/v2\/posts"}],"about":[{"href":"https:\/\/laredsocial-noticias.com\/wp\/wp-json\/wp\/v2\/types\/post"}],"author":[{"embeddable":true,"href":"https:\/\/laredsocial-noticias.com\/wp\/wp-json\/wp\/v2\/users\/10"}],"replies":[{"embeddable":true,"href":"https:\/\/laredsocial-noticias.com\/wp\/wp-json\/wp\/v2\/comments?post=139561"}],"version-history":[{"count":4,"href":"https:\/\/laredsocial-noticias.com\/wp\/wp-json\/wp\/v2\/posts\/139561\/revisions"}],"predecessor-version":[{"id":139569,"href":"https:\/\/laredsocial-noticias.com\/wp\/wp-json\/wp\/v2\/posts\/139561\/revisions\/139569"}],"wp:attachment":[{"href":"https:\/\/laredsocial-noticias.com\/wp\/wp-json\/wp\/v2\/media?parent=139561"}],"wp:term":[{"taxonomy":"category","embeddable":true,"href":"https:\/\/laredsocial-noticias.com\/wp\/wp-json\/wp\/v2\/categories?post=139561"},{"taxonomy":"post_tag","embeddable":true,"href":"https:\/\/laredsocial-noticias.com\/wp\/wp-json\/wp\/v2\/tags?post=139561"}],"curies":[{"name":"wp","href":"https:\/\/api.w.org\/{rel}","templated":true}]}}