{"id":141600,"date":"2021-01-17T11:31:50","date_gmt":"2021-01-17T17:31:50","guid":{"rendered":"https:\/\/laredsocial-noticias.com\/wp\/?p=141600"},"modified":"2021-01-17T11:31:50","modified_gmt":"2021-01-17T17:31:50","slug":"seguire-subiendo-mensajes-al-face-reta-amlo-al-ine","status":"publish","type":"post","link":"https:\/\/laredsocial-noticias.com\/wp\/seguire-subiendo-mensajes-al-face-reta-amlo-al-ine\/","title":{"rendered":"\u201cSeguir\u00e9 subiendo mensajes al face\u2026\u201d reta AMLO al INE"},"content":{"rendered":"<p>Mientras no nos censuren vamos a seguir subiendo nuestros mensajes al &#8216;face&#8217;, \u00a0dijo el Presidente Andr\u00e9s Manuel L\u00f3pez Obrador (AMLO) este s\u00e1bado, durante una gira de trabajo.<\/p>\n<p>Esto, luego de que el Instituto Nacional Electoral (INE) determin\u00f3 prohibir las conferencias matutinas donde emita opiniones sobre el proceso electoral en curso.<\/p>\n<p>El mandatario consider\u00f3 esta decisi\u00f3n como una censuren pero advirti\u00f3 que \u00e9l seguir\u00e1 subiendo videos en &#8220;el fase\u201d (Facebook).<\/p>\n<p>El viernes, el Consejo General del INE aprob\u00f3 por mayor\u00eda ordenar al Presidente de la Rep\u00fablica, gobernadores y servidores p\u00fablicos abstenerse de hablar sobre el proceso electoral en sus actos p\u00fablicos.<\/p>\n<p>Por toda respuesta, AMLO dijo sarc\u00e1stico:<\/p>\n<p>&#8220;Vamos a dejar el mensaje para que no sea tan largo, porque luego me reclaman de que son videos&#8230; Como lo vamos a subir al &#8216;face&#8217;. Mientras no nos censuren vamos a seguir subiendo nuestros mensajes al &#8216;face&#8217; &#8220;.<\/p>\n","protected":false},"excerpt":{"rendered":"<p>Mientras no nos censuren vamos a seguir subiendo nuestros mensajes al &#8216;face&#8217;, \u00a0dijo el Presidente Andr\u00e9s Manuel L\u00f3pez Obrador (AMLO)&#8230;<\/p>\n","protected":false},"author":1,"featured_media":0,"comment_status":"closed","ping_status":"closed","sticky":false,"template":"","format":"standard","meta":{"footnotes":""},"categories":[2262,399,28],"tags":[],"class_list":["post-141600","post","type-post","status-publish","format-standard","hentry","category-elecciones","category-gobierno-de-la-republica","category-gobierno-federal"],"yoast_head":"<!-- This site is optimized with the Yoast SEO plugin v26.5 - https:\/\/yoast.com\/wordpress\/plugins\/seo\/ -->\n<title>\u201cSeguir\u00e9 subiendo mensajes al face\u2026\u201d reta AMLO al INE - NOTICIAS<\/title>\n<meta name=\"robots\" content=\"index, follow, max-snippet:-1, max-image-preview:large, max-video-preview:-1\" \/>\n<link rel=\"canonical\" href=\"https:\/\/laredsocial-noticias.com\/wp\/seguire-subiendo-mensajes-al-face-reta-amlo-al-ine\/\" \/>\n<meta property=\"og:locale\" content=\"es_ES\" \/>\n<meta property=\"og:type\" content=\"article\" \/>\n<meta property=\"og:title\" content=\"\u201cSeguir\u00e9 subiendo mensajes al face\u2026\u201d reta AMLO al INE - NOTICIAS\" \/>\n<meta property=\"og:description\" content=\"Mientras no nos censuren vamos a seguir subiendo nuestros mensajes al &#8216;face&#8217;, \u00a0dijo el Presidente Andr\u00e9s Manuel L\u00f3pez Obrador (AMLO)...\" \/>\n<meta property=\"og:url\" content=\"https:\/\/laredsocial-noticias.com\/wp\/seguire-subiendo-mensajes-al-face-reta-amlo-al-ine\/\" \/>\n<meta property=\"og:site_name\" content=\"NOTICIAS\" \/>\n<meta property=\"article:published_time\" content=\"2021-01-17T17:31:50+00:00\" \/>\n<meta property=\"og:image\" content=\"https:\/\/laredsocial-noticias.com\/wp\/wp-content\/uploads\/2021\/01\/AMLO-EN-GUERRERO.jpg\" \/>\n\t<meta property=\"og:image:width\" content=\"1366\" \/>\n\t<meta property=\"og:image:height\" content=\"768\" \/>\n\t<meta property=\"og:image:type\" content=\"image\/jpeg\" \/>\n<meta name=\"author\" content=\"Editor en Jefe\" \/>\n<meta name=\"twitter:card\" content=\"summary_large_image\" \/>\n<meta name=\"twitter:label1\" content=\"Escrito por\" \/>\n\t<meta name=\"twitter:data1\" content=\"Editor en Jefe\" \/>\n\t<meta name=\"twitter:label2\" content=\"Tiempo de lectura\" \/>\n\t<meta name=\"twitter:data2\" content=\"1 minuto\" \/>\n<!-- \/ Yoast SEO plugin. -->","yoast_head_json":{"title":"\u201cSeguir\u00e9 subiendo mensajes al face\u2026\u201d reta AMLO al INE - NOTICIAS","robots":{"index":"index","follow":"follow","max-snippet":"max-snippet:-1","max-image-preview":"max-image-preview:large","max-video-preview":"max-video-preview:-1"},"canonical":"https:\/\/laredsocial-noticias.com\/wp\/seguire-subiendo-mensajes-al-face-reta-amlo-al-ine\/","og_locale":"es_ES","og_type":"article","og_title":"\u201cSeguir\u00e9 subiendo mensajes al face\u2026\u201d reta AMLO al INE - NOTICIAS","og_description":"Mientras no nos censuren vamos a seguir subiendo nuestros mensajes al &#8216;face&#8217;, \u00a0dijo el Presidente Andr\u00e9s Manuel L\u00f3pez Obrador (AMLO)...","og_url":"https:\/\/laredsocial-noticias.com\/wp\/seguire-subiendo-mensajes-al-face-reta-amlo-al-ine\/","og_site_name":"NOTICIAS","article_published_time":"2021-01-17T17:31:50+00:00","og_image":[{"width":1366,"height":768,"url":"https:\/\/laredsocial-noticias.com\/wp\/wp-content\/uploads\/2021\/01\/AMLO-EN-GUERRERO.jpg","type":"image\/jpeg"}],"author":"Editor en Jefe","twitter_card":"summary_large_image","twitter_misc":{"Escrito por":"Editor en Jefe","Tiempo de lectura":"1 minuto"},"schema":{"@context":"https:\/\/schema.org","@graph":[{"@type":"WebPage","@id":"https:\/\/laredsocial-noticias.com\/wp\/seguire-subiendo-mensajes-al-face-reta-amlo-al-ine\/","url":"https:\/\/laredsocial-noticias.com\/wp\/seguire-subiendo-mensajes-al-face-reta-amlo-al-ine\/","name":"\u201cSeguir\u00e9 subiendo mensajes al face\u2026\u201d reta AMLO al INE - NOTICIAS","isPartOf":{"@id":"https:\/\/laredsocial-noticias.com\/wp\/#website"},"datePublished":"2021-01-17T17:31:50+00:00","author":{"@id":"https:\/\/laredsocial-noticias.com\/wp\/#\/schema\/person\/0ce78643f2de7aae6f6ef10e8453a6e0"},"breadcrumb":{"@id":"https:\/\/laredsocial-noticias.com\/wp\/seguire-subiendo-mensajes-al-face-reta-amlo-al-ine\/#breadcrumb"},"inLanguage":"es","potentialAction":[{"@type":"ReadAction","target":["https:\/\/laredsocial-noticias.com\/wp\/seguire-subiendo-mensajes-al-face-reta-amlo-al-ine\/"]}]},{"@type":"BreadcrumbList","@id":"https:\/\/laredsocial-noticias.com\/wp\/seguire-subiendo-mensajes-al-face-reta-amlo-al-ine\/#breadcrumb","itemListElement":[{"@type":"ListItem","position":1,"name":"Portada","item":"https:\/\/laredsocial-noticias.com\/wp\/"},{"@type":"ListItem","position":2,"name":"\u201cSeguir\u00e9 subiendo mensajes al face\u2026\u201d reta AMLO al INE"}]},{"@type":"WebSite","@id":"https:\/\/laredsocial-noticias.com\/wp\/#website","url":"https:\/\/laredsocial-noticias.com\/wp\/","name":"NOTICIAS","description":"Lo que se ve y se dice en las redes sociales","potentialAction":[{"@type":"SearchAction","target":{"@type":"EntryPoint","urlTemplate":"https:\/\/laredsocial-noticias.com\/wp\/?s={search_term_string}"},"query-input":{"@type":"PropertyValueSpecification","valueRequired":true,"valueName":"search_term_string"}}],"inLanguage":"es"},{"@type":"Person","@id":"https:\/\/laredsocial-noticias.com\/wp\/#\/schema\/person\/0ce78643f2de7aae6f6ef10e8453a6e0","name":"Editor en Jefe","url":"https:\/\/laredsocial-noticias.com\/wp\/author\/jorgeochoa\/"}]}},"_links":{"self":[{"href":"https:\/\/laredsocial-noticias.com\/wp\/wp-json\/wp\/v2\/posts\/141600","targetHints":{"allow":["GET"]}}],"collection":[{"href":"https:\/\/laredsocial-noticias.com\/wp\/wp-json\/wp\/v2\/posts"}],"about":[{"href":"https:\/\/laredsocial-noticias.com\/wp\/wp-json\/wp\/v2\/types\/post"}],"author":[{"embeddable":true,"href":"https:\/\/laredsocial-noticias.com\/wp\/wp-json\/wp\/v2\/users\/1"}],"replies":[{"embeddable":true,"href":"https:\/\/laredsocial-noticias.com\/wp\/wp-json\/wp\/v2\/comments?post=141600"}],"version-history":[{"count":1,"href":"https:\/\/laredsocial-noticias.com\/wp\/wp-json\/wp\/v2\/posts\/141600\/revisions"}],"predecessor-version":[{"id":141601,"href":"https:\/\/laredsocial-noticias.com\/wp\/wp-json\/wp\/v2\/posts\/141600\/revisions\/141601"}],"wp:attachment":[{"href":"https:\/\/laredsocial-noticias.com\/wp\/wp-json\/wp\/v2\/media?parent=141600"}],"wp:term":[{"taxonomy":"category","embeddable":true,"href":"https:\/\/laredsocial-noticias.com\/wp\/wp-json\/wp\/v2\/categories?post=141600"},{"taxonomy":"post_tag","embeddable":true,"href":"https:\/\/laredsocial-noticias.com\/wp\/wp-json\/wp\/v2\/tags?post=141600"}],"curies":[{"name":"wp","href":"https:\/\/api.w.org\/{rel}","templated":true}]}}