{"id":14208,"date":"2016-06-22T15:00:51","date_gmt":"2016-06-22T20:00:51","guid":{"rendered":"http:\/\/laredsocial-noticias.com\/wp\/?p=14208"},"modified":"2016-06-22T14:55:19","modified_gmt":"2016-06-22T19:55:19","slug":"onu-destaca-importancia-de-invertir-en-las-mujeres-y-en-las-ninas","status":"publish","type":"post","link":"https:\/\/laredsocial-noticias.com\/wp\/onu-destaca-importancia-de-invertir-en-las-mujeres-y-en-las-ninas\/","title":{"rendered":"ONU destaca importancia de invertir en las mujeres y en las ni\u00f1as"},"content":{"rendered":"<p><strong>CIUDAD DE M\u00c9XICO, 22 de junio, (AMPRYT \/ C\u00cdRCULO DIGITAL).-\u00a0<\/strong>La directora general adjunta de ONU Mujeres, Lakshmi Puri, manifest\u00f3 que el empoderamiento de la mujer y la igualdad de g\u00e9nero son dos de los temas m\u00e1s descuidados en el mundo, donde ning\u00fan pa\u00eds ha logrado la igualdad de g\u00e9nero.<\/p>\n<div class=\"desarrollo\">\n<p>De manera que la violencia de la que es v\u00edctima el sector, as\u00ed como la falta de independencia econ\u00f3mica y la pobreza, forman parte de las brechas que padecen y son algunas de las &#8220;injusticias m\u00e1s toleradas en el mundo entero&#8221;, se\u00f1al\u00f3 en voz de una traductora.<\/p>\n<p>Destac\u00f3 la importancia de invertir en las mujeres y en las ni\u00f1as pues se ha dejado en lo \u00faltimo de las listas de prioridades, por lo que se requiere revertir ese hecho.<\/p>\n<p>En un acto convocado tambi\u00e9n por Forbes y Fundaci\u00f3n Cin\u00e9polis, Lakshmi Puri reconoci\u00f3 las acciones emprendidas en M\u00e9xico aunque consider\u00f3 necesario que se invierta m\u00e1s en el potencial y la capacidad de ese sector de la poblaci\u00f3n.<\/p>\n<p>&#8220;Este es el tiempo de transformaci\u00f3n, M\u00e9xico es el lugar adecuado y si tenemos a las personas adecuadas, creo que aqu\u00ed el tema es qu\u00e9 se hace hacia adelante, hacia d\u00f3nde vamos, el chiste es tomar acci\u00f3n y necesitamos invertir&#8221;.<\/p>\n<p>Al lado de Lakshmi Puri se encontraba la ind\u00edgena zapoteca Eufrosina Cruz quien coment\u00f3 algunos de los problemas a los que por su condici\u00f3n se enfrent\u00f3 de ni\u00f1a y &#8220;entend\u00ed que ser mujer no es una limitante para aportar para el desarrollo de la comunidad&#8221;.<\/p>\n<p>Acompa\u00f1adas por la representante de ONU Mujeres en M\u00e9xico, Ana G\u00fcezmes, la activista abund\u00f3 &#8220;que la \u00fanica herramienta para cambiar la visi\u00f3n de la sociedad en general es educar a una ni\u00f1a porque va a transformar primero su vida&#8221; y luego todo lo que la rodea.<\/p>\n<p>Para Mar\u00eda de la Paz L\u00f3pez Barajas, funcionaria del Instituto Nacional de las Mujeres (Inmujeres), la igualdad de g\u00e9nero tiene que &#8220;ser un cambio civilizatorio&#8221;, un compromiso global que incluya a la familia, al mercado y al Estado, donde el gobierno asume su compromiso y obligaci\u00f3n con esos derechos.<\/p>\n<p>La directora general de Institucionalizaci\u00f3n de la Perspectiva de G\u00e9nero del organismo a\u00f1adi\u00f3 que &#8220;M\u00e9xico eligi\u00f3 el camino de la normatividad y las leyes primero para darle institucionalidad y poder hacer eso que se llama ahora transversalidad en las pol\u00edticas p\u00fablicas&#8221;.<\/p>\n<p>Tambi\u00e9n estuvieron la directora General del Consejo Mexicano de Asuntos Internacionales, Claudia Calvin, y la presidenta de Crea, Comunidades de Emprendedores Social A.C., Leticia J\u00e1uregui.<\/p>\n<\/div>\n<p>&nbsp;<\/p>\n","protected":false},"excerpt":{"rendered":"<p>CIUDAD DE M\u00c9XICO, 22 de junio, (AMPRYT \/ C\u00cdRCULO DIGITAL).-\u00a0La directora general adjunta de ONU Mujeres, Lakshmi Puri, manifest\u00f3 que&#8230;<\/p>\n","protected":false},"author":1,"featured_media":0,"comment_status":"closed","ping_status":"closed","sticky":false,"template":"","format":"standard","meta":{"footnotes":""},"categories":[1796,73],"tags":[332,77],"class_list":["post-14208","post","type-post","status-publish","format-standard","hentry","category-circulodigital","category-principal","tag-mexico","tag-principal"],"yoast_head":"<!-- This site is optimized with the Yoast SEO plugin v26.5 - https:\/\/yoast.com\/wordpress\/plugins\/seo\/ -->\n<title>ONU destaca importancia de invertir en las mujeres y en las ni\u00f1as - NOTICIAS<\/title>\n<meta name=\"robots\" content=\"index, follow, max-snippet:-1, max-image-preview:large, max-video-preview:-1\" \/>\n<link rel=\"canonical\" href=\"https:\/\/laredsocial-noticias.com\/wp\/onu-destaca-importancia-de-invertir-en-las-mujeres-y-en-las-ninas\/\" \/>\n<meta property=\"og:locale\" content=\"es_ES\" \/>\n<meta property=\"og:type\" content=\"article\" \/>\n<meta property=\"og:title\" content=\"ONU destaca importancia de invertir en las mujeres y en las ni\u00f1as - NOTICIAS\" \/>\n<meta property=\"og:description\" content=\"CIUDAD DE M\u00c9XICO, 22 de junio, (AMPRYT \/ C\u00cdRCULO DIGITAL).-\u00a0La directora general adjunta de ONU Mujeres, Lakshmi Puri, manifest\u00f3 que...\" \/>\n<meta property=\"og:url\" content=\"https:\/\/laredsocial-noticias.com\/wp\/onu-destaca-importancia-de-invertir-en-las-mujeres-y-en-las-ninas\/\" \/>\n<meta property=\"og:site_name\" content=\"NOTICIAS\" \/>\n<meta property=\"article:published_time\" content=\"2016-06-22T20:00:51+00:00\" \/>\n<meta name=\"author\" content=\"Editor en Jefe\" \/>\n<meta name=\"twitter:card\" content=\"summary_large_image\" \/>\n<meta name=\"twitter:label1\" content=\"Escrito por\" \/>\n\t<meta name=\"twitter:data1\" content=\"Editor en Jefe\" \/>\n\t<meta name=\"twitter:label2\" content=\"Tiempo de lectura\" \/>\n\t<meta name=\"twitter:data2\" content=\"2 minutos\" \/>\n<!-- \/ Yoast SEO plugin. -->","yoast_head_json":{"title":"ONU destaca importancia de invertir en las mujeres y en las ni\u00f1as - NOTICIAS","robots":{"index":"index","follow":"follow","max-snippet":"max-snippet:-1","max-image-preview":"max-image-preview:large","max-video-preview":"max-video-preview:-1"},"canonical":"https:\/\/laredsocial-noticias.com\/wp\/onu-destaca-importancia-de-invertir-en-las-mujeres-y-en-las-ninas\/","og_locale":"es_ES","og_type":"article","og_title":"ONU destaca importancia de invertir en las mujeres y en las ni\u00f1as - NOTICIAS","og_description":"CIUDAD DE M\u00c9XICO, 22 de junio, (AMPRYT \/ C\u00cdRCULO DIGITAL).-\u00a0La directora general adjunta de ONU Mujeres, Lakshmi Puri, manifest\u00f3 que...","og_url":"https:\/\/laredsocial-noticias.com\/wp\/onu-destaca-importancia-de-invertir-en-las-mujeres-y-en-las-ninas\/","og_site_name":"NOTICIAS","article_published_time":"2016-06-22T20:00:51+00:00","author":"Editor en Jefe","twitter_card":"summary_large_image","twitter_misc":{"Escrito por":"Editor en Jefe","Tiempo de lectura":"2 minutos"},"schema":{"@context":"https:\/\/schema.org","@graph":[{"@type":"WebPage","@id":"https:\/\/laredsocial-noticias.com\/wp\/onu-destaca-importancia-de-invertir-en-las-mujeres-y-en-las-ninas\/","url":"https:\/\/laredsocial-noticias.com\/wp\/onu-destaca-importancia-de-invertir-en-las-mujeres-y-en-las-ninas\/","name":"ONU destaca importancia de invertir en las mujeres y en las ni\u00f1as - NOTICIAS","isPartOf":{"@id":"https:\/\/laredsocial-noticias.com\/wp\/#website"},"datePublished":"2016-06-22T20:00:51+00:00","author":{"@id":"https:\/\/laredsocial-noticias.com\/wp\/#\/schema\/person\/0ce78643f2de7aae6f6ef10e8453a6e0"},"breadcrumb":{"@id":"https:\/\/laredsocial-noticias.com\/wp\/onu-destaca-importancia-de-invertir-en-las-mujeres-y-en-las-ninas\/#breadcrumb"},"inLanguage":"es","potentialAction":[{"@type":"ReadAction","target":["https:\/\/laredsocial-noticias.com\/wp\/onu-destaca-importancia-de-invertir-en-las-mujeres-y-en-las-ninas\/"]}]},{"@type":"BreadcrumbList","@id":"https:\/\/laredsocial-noticias.com\/wp\/onu-destaca-importancia-de-invertir-en-las-mujeres-y-en-las-ninas\/#breadcrumb","itemListElement":[{"@type":"ListItem","position":1,"name":"Portada","item":"https:\/\/laredsocial-noticias.com\/wp\/"},{"@type":"ListItem","position":2,"name":"ONU destaca importancia de invertir en las mujeres y en las ni\u00f1as"}]},{"@type":"WebSite","@id":"https:\/\/laredsocial-noticias.com\/wp\/#website","url":"https:\/\/laredsocial-noticias.com\/wp\/","name":"NOTICIAS","description":"Lo que se ve y se dice en las redes sociales","potentialAction":[{"@type":"SearchAction","target":{"@type":"EntryPoint","urlTemplate":"https:\/\/laredsocial-noticias.com\/wp\/?s={search_term_string}"},"query-input":{"@type":"PropertyValueSpecification","valueRequired":true,"valueName":"search_term_string"}}],"inLanguage":"es"},{"@type":"Person","@id":"https:\/\/laredsocial-noticias.com\/wp\/#\/schema\/person\/0ce78643f2de7aae6f6ef10e8453a6e0","name":"Editor en Jefe","url":"https:\/\/laredsocial-noticias.com\/wp\/author\/jorgeochoa\/"}]}},"_links":{"self":[{"href":"https:\/\/laredsocial-noticias.com\/wp\/wp-json\/wp\/v2\/posts\/14208","targetHints":{"allow":["GET"]}}],"collection":[{"href":"https:\/\/laredsocial-noticias.com\/wp\/wp-json\/wp\/v2\/posts"}],"about":[{"href":"https:\/\/laredsocial-noticias.com\/wp\/wp-json\/wp\/v2\/types\/post"}],"author":[{"embeddable":true,"href":"https:\/\/laredsocial-noticias.com\/wp\/wp-json\/wp\/v2\/users\/1"}],"replies":[{"embeddable":true,"href":"https:\/\/laredsocial-noticias.com\/wp\/wp-json\/wp\/v2\/comments?post=14208"}],"version-history":[{"count":1,"href":"https:\/\/laredsocial-noticias.com\/wp\/wp-json\/wp\/v2\/posts\/14208\/revisions"}],"predecessor-version":[{"id":14209,"href":"https:\/\/laredsocial-noticias.com\/wp\/wp-json\/wp\/v2\/posts\/14208\/revisions\/14209"}],"wp:attachment":[{"href":"https:\/\/laredsocial-noticias.com\/wp\/wp-json\/wp\/v2\/media?parent=14208"}],"wp:term":[{"taxonomy":"category","embeddable":true,"href":"https:\/\/laredsocial-noticias.com\/wp\/wp-json\/wp\/v2\/categories?post=14208"},{"taxonomy":"post_tag","embeddable":true,"href":"https:\/\/laredsocial-noticias.com\/wp\/wp-json\/wp\/v2\/tags?post=14208"}],"curies":[{"name":"wp","href":"https:\/\/api.w.org\/{rel}","templated":true}]}}