{"id":142151,"date":"2021-01-26T19:22:04","date_gmt":"2021-01-27T01:22:04","guid":{"rendered":"https:\/\/laredsocial-noticias.com\/wp\/?p=142151"},"modified":"2021-01-26T19:22:06","modified_gmt":"2021-01-27T01:22:06","slug":"habilitan-dos-nuevos-puntos-para-recargar-oxigeno-gratis-en-cdmx-2","status":"publish","type":"post","link":"https:\/\/laredsocial-noticias.com\/wp\/habilitan-dos-nuevos-puntos-para-recargar-oxigeno-gratis-en-cdmx-2\/","title":{"rendered":"Habilitan dos nuevos puntos para recargar ox\u00edgeno gratis en CDMX"},"content":{"rendered":"<p>El Gobierno de la Ciudad de M\u00e9xico instal\u00f3 dos nuevos puntos para recargar tanques de ox\u00edgeno que permitan atender a pacientes con Covid-19.<\/p>\n<p>En conferencia de prensa, Olivia L\u00f3pez, secretar\u00eda de Salud de la capital explic\u00f3 que los espacios se encuentran ubicados en las alcald\u00edas Milpa Alta y \u00c1lvaro Obreg\u00f3n.<\/p>\n<p>Con estos ya suman cuatro los lugares disponibles en la Ciudad de M\u00e9xico donde se brinda de manera gratuita este servicio.<\/p>\n<p>Los nuevos espacios se encuentran en:<\/p>\n<ul>\n<li>El Centro de Salud \u2018Minas de Cristo\u2019, en \u00c1lvaro Obreg\u00f3n.<\/li>\n<li>El Centro de Salud \u2018San Salvador Cuauhtenco\u201d, en Milpa Alta.<\/li>\n<\/ul>\n<p>El horario de atenci\u00f3n ser\u00e1 de 09:00 a 18:00 horas, inform\u00f3 la titular de Salud<\/p>\n","protected":false},"excerpt":{"rendered":"<p>El Gobierno de la Ciudad de M\u00e9xico instal\u00f3 dos nuevos puntos para recargar tanques de ox\u00edgeno que permitan atender a&#8230;<\/p>\n","protected":false},"author":1,"featured_media":0,"comment_status":"open","ping_status":"closed","sticky":false,"template":"","format":"standard","meta":{"footnotes":""},"categories":[91,6026,11297,2849],"tags":[4959,77],"class_list":["post-142151","post","type-post","status-publish","format-standard","hentry","category-cdmx","category-portada","category-principales","category-salud","tag-featured","tag-principal"],"yoast_head":"<!-- This site is optimized with the Yoast SEO plugin v26.5 - https:\/\/yoast.com\/wordpress\/plugins\/seo\/ -->\n<title>Habilitan dos nuevos puntos para recargar ox\u00edgeno gratis en CDMX - NOTICIAS<\/title>\n<meta name=\"robots\" content=\"index, follow, max-snippet:-1, max-image-preview:large, max-video-preview:-1\" \/>\n<link rel=\"canonical\" href=\"https:\/\/laredsocial-noticias.com\/wp\/habilitan-dos-nuevos-puntos-para-recargar-oxigeno-gratis-en-cdmx-2\/\" \/>\n<meta property=\"og:locale\" content=\"es_ES\" \/>\n<meta property=\"og:type\" content=\"article\" \/>\n<meta property=\"og:title\" content=\"Habilitan dos nuevos puntos para recargar ox\u00edgeno gratis en CDMX - NOTICIAS\" \/>\n<meta property=\"og:description\" content=\"El Gobierno de la Ciudad de M\u00e9xico instal\u00f3 dos nuevos puntos para recargar tanques de ox\u00edgeno que permitan atender a...\" \/>\n<meta property=\"og:url\" content=\"https:\/\/laredsocial-noticias.com\/wp\/habilitan-dos-nuevos-puntos-para-recargar-oxigeno-gratis-en-cdmx-2\/\" \/>\n<meta property=\"og:site_name\" content=\"NOTICIAS\" \/>\n<meta property=\"article:published_time\" content=\"2021-01-27T01:22:04+00:00\" \/>\n<meta property=\"article:modified_time\" content=\"2021-01-27T01:22:06+00:00\" \/>\n<meta property=\"og:image\" content=\"https:\/\/laredsocial-noticias.com\/wp\/wp-content\/uploads\/2021\/01\/recargar-oxi\u0301geno.jpg\" \/>\n\t<meta property=\"og:image:width\" content=\"1280\" \/>\n\t<meta property=\"og:image:height\" content=\"720\" \/>\n\t<meta property=\"og:image:type\" content=\"image\/jpeg\" \/>\n<meta name=\"author\" content=\"Editor en Jefe\" \/>\n<meta name=\"twitter:card\" content=\"summary_large_image\" \/>\n<meta name=\"twitter:label1\" content=\"Escrito por\" \/>\n\t<meta name=\"twitter:data1\" content=\"Editor en Jefe\" \/>\n\t<meta name=\"twitter:label2\" content=\"Tiempo de lectura\" \/>\n\t<meta name=\"twitter:data2\" content=\"1 minuto\" \/>\n<!-- \/ Yoast SEO plugin. -->","yoast_head_json":{"title":"Habilitan dos nuevos puntos para recargar ox\u00edgeno gratis en CDMX - NOTICIAS","robots":{"index":"index","follow":"follow","max-snippet":"max-snippet:-1","max-image-preview":"max-image-preview:large","max-video-preview":"max-video-preview:-1"},"canonical":"https:\/\/laredsocial-noticias.com\/wp\/habilitan-dos-nuevos-puntos-para-recargar-oxigeno-gratis-en-cdmx-2\/","og_locale":"es_ES","og_type":"article","og_title":"Habilitan dos nuevos puntos para recargar ox\u00edgeno gratis en CDMX - NOTICIAS","og_description":"El Gobierno de la Ciudad de M\u00e9xico instal\u00f3 dos nuevos puntos para recargar tanques de ox\u00edgeno que permitan atender a...","og_url":"https:\/\/laredsocial-noticias.com\/wp\/habilitan-dos-nuevos-puntos-para-recargar-oxigeno-gratis-en-cdmx-2\/","og_site_name":"NOTICIAS","article_published_time":"2021-01-27T01:22:04+00:00","article_modified_time":"2021-01-27T01:22:06+00:00","og_image":[{"width":1280,"height":720,"url":"https:\/\/laredsocial-noticias.com\/wp\/wp-content\/uploads\/2021\/01\/recargar-oxi\u0301geno.jpg","type":"image\/jpeg"}],"author":"Editor en Jefe","twitter_card":"summary_large_image","twitter_misc":{"Escrito por":"Editor en Jefe","Tiempo de lectura":"1 minuto"},"schema":{"@context":"https:\/\/schema.org","@graph":[{"@type":"WebPage","@id":"https:\/\/laredsocial-noticias.com\/wp\/habilitan-dos-nuevos-puntos-para-recargar-oxigeno-gratis-en-cdmx-2\/","url":"https:\/\/laredsocial-noticias.com\/wp\/habilitan-dos-nuevos-puntos-para-recargar-oxigeno-gratis-en-cdmx-2\/","name":"Habilitan dos nuevos puntos para recargar ox\u00edgeno gratis en CDMX - NOTICIAS","isPartOf":{"@id":"https:\/\/laredsocial-noticias.com\/wp\/#website"},"datePublished":"2021-01-27T01:22:04+00:00","dateModified":"2021-01-27T01:22:06+00:00","author":{"@id":"https:\/\/laredsocial-noticias.com\/wp\/#\/schema\/person\/0ce78643f2de7aae6f6ef10e8453a6e0"},"breadcrumb":{"@id":"https:\/\/laredsocial-noticias.com\/wp\/habilitan-dos-nuevos-puntos-para-recargar-oxigeno-gratis-en-cdmx-2\/#breadcrumb"},"inLanguage":"es","potentialAction":[{"@type":"ReadAction","target":["https:\/\/laredsocial-noticias.com\/wp\/habilitan-dos-nuevos-puntos-para-recargar-oxigeno-gratis-en-cdmx-2\/"]}]},{"@type":"BreadcrumbList","@id":"https:\/\/laredsocial-noticias.com\/wp\/habilitan-dos-nuevos-puntos-para-recargar-oxigeno-gratis-en-cdmx-2\/#breadcrumb","itemListElement":[{"@type":"ListItem","position":1,"name":"Portada","item":"https:\/\/laredsocial-noticias.com\/wp\/"},{"@type":"ListItem","position":2,"name":"Habilitan dos nuevos puntos para recargar ox\u00edgeno gratis en CDMX"}]},{"@type":"WebSite","@id":"https:\/\/laredsocial-noticias.com\/wp\/#website","url":"https:\/\/laredsocial-noticias.com\/wp\/","name":"NOTICIAS","description":"Lo que se ve y se dice en las redes sociales","potentialAction":[{"@type":"SearchAction","target":{"@type":"EntryPoint","urlTemplate":"https:\/\/laredsocial-noticias.com\/wp\/?s={search_term_string}"},"query-input":{"@type":"PropertyValueSpecification","valueRequired":true,"valueName":"search_term_string"}}],"inLanguage":"es"},{"@type":"Person","@id":"https:\/\/laredsocial-noticias.com\/wp\/#\/schema\/person\/0ce78643f2de7aae6f6ef10e8453a6e0","name":"Editor en Jefe","url":"https:\/\/laredsocial-noticias.com\/wp\/author\/jorgeochoa\/"}]}},"_links":{"self":[{"href":"https:\/\/laredsocial-noticias.com\/wp\/wp-json\/wp\/v2\/posts\/142151","targetHints":{"allow":["GET"]}}],"collection":[{"href":"https:\/\/laredsocial-noticias.com\/wp\/wp-json\/wp\/v2\/posts"}],"about":[{"href":"https:\/\/laredsocial-noticias.com\/wp\/wp-json\/wp\/v2\/types\/post"}],"author":[{"embeddable":true,"href":"https:\/\/laredsocial-noticias.com\/wp\/wp-json\/wp\/v2\/users\/1"}],"replies":[{"embeddable":true,"href":"https:\/\/laredsocial-noticias.com\/wp\/wp-json\/wp\/v2\/comments?post=142151"}],"version-history":[{"count":1,"href":"https:\/\/laredsocial-noticias.com\/wp\/wp-json\/wp\/v2\/posts\/142151\/revisions"}],"predecessor-version":[{"id":142152,"href":"https:\/\/laredsocial-noticias.com\/wp\/wp-json\/wp\/v2\/posts\/142151\/revisions\/142152"}],"wp:attachment":[{"href":"https:\/\/laredsocial-noticias.com\/wp\/wp-json\/wp\/v2\/media?parent=142151"}],"wp:term":[{"taxonomy":"category","embeddable":true,"href":"https:\/\/laredsocial-noticias.com\/wp\/wp-json\/wp\/v2\/categories?post=142151"},{"taxonomy":"post_tag","embeddable":true,"href":"https:\/\/laredsocial-noticias.com\/wp\/wp-json\/wp\/v2\/tags?post=142151"}],"curies":[{"name":"wp","href":"https:\/\/api.w.org\/{rel}","templated":true}]}}