{"id":142250,"date":"2021-01-28T15:04:15","date_gmt":"2021-01-28T21:04:15","guid":{"rendered":"https:\/\/laredsocial-noticias.com\/wp\/?p=142250"},"modified":"2021-01-28T15:04:18","modified_gmt":"2021-01-28T21:04:18","slug":"ranking-ubica-a-mexico-como-uno-de-los-peores-paises-en-el-manejo-del-covid","status":"publish","type":"post","link":"https:\/\/laredsocial-noticias.com\/wp\/ranking-ubica-a-mexico-como-uno-de-los-peores-paises-en-el-manejo-del-covid\/","title":{"rendered":"Ranking ubica a M\u00e9xico como uno de los peores pa\u00edses en el manejo del covid"},"content":{"rendered":"<p>Un estudio elaborado por el portal australiano Instituto Lowy que evalu\u00f3 el desempe\u00f1o de 98 naciones ante la pandemia de coronavirus, deja ver que Colombia, M\u00e9xico y Brasil son los tres pa\u00edses que peor han manejado el SARS-CoV-2.<\/p>\n<p>De acuerdo con la informaci\u00f3n, M\u00e9xico se encuentra en el pen\u00faltimo lugar de la tabla, en la posici\u00f3n 97, s\u00f3lo superado por Brasil, quien se qued\u00f3 con el lugar 98 y apenas superado por Colombia en el puesto 96.<\/p>\n<p>Por el contrario, los pa\u00edses que ocuparon las medallas de \u201coro, plata y bronce\u201d son Nueva Zelanda, Vietnam y Taiw\u00e1n, quien en reiteradas ocasiones han sido reconocidos por diversas naciones y rankings, e incluso se ha intentado simular su estrategia en otras regiones.<\/p>\n<p>La comparaci\u00f3n se realiz\u00f3 a las 36 semanas siguientes a que se registr\u00f3 el\u00a0 cent\u00e9simo caso confirmado del virus.<\/p>\n<p>En otras posiciones Australia se queda en el octavo puesto, Reino Unido en el 66 y a Estados Unidos en el 94.<\/p>\n<p>Cabe apuntar que la medici\u00f3n excluye a China por falta de datos.<\/p>\n<p>Nueva Zelanda, el pa\u00eds m\u00e1s elogiado en el manejo de la pandemia, suma 2 mil 300 casos de coronavirus as\u00ed como 25 muertos. Vietnam suma mil 551 casos y 35 muertos ; y Taiw\u00e1n ha registrado 890 contagios y 7 muertes.<\/p>\n<p>El Instituto Lowy analiz\u00f3 los casos y muertes confirmados por la cepa, as\u00ed como su ratio por mill\u00f3n de habitantes y el n\u00famero total de test aplicados.<\/p>\n<p>Los pa\u00edses tambi\u00e9n se\u00f1alan que los que tienen menor cantidad de habitantes (alrededor de 10 millones de habitantes) han hecho mejor manejo que los que tienen poblaciones grandes.<\/p>\n<p>De acuerdo con el m\u00e1s reciente informe de la Secretar\u00eda de Salud, M\u00e9xico registr\u00f3 17 mil 944 nuevos casos confirmados y mil 623 nuevas defunciones, con lo que ya acumula un mill\u00f3n 806 mil 849 casos y 153 mil 639 muertos.<\/p>\n","protected":false},"excerpt":{"rendered":"<p>Un estudio elaborado por el portal australiano Instituto Lowy que evalu\u00f3 el desempe\u00f1o de 98 naciones ante la pandemia de&#8230;<\/p>\n","protected":false},"author":1,"featured_media":0,"comment_status":"open","ping_status":"closed","sticky":false,"template":"","format":"standard","meta":{"footnotes":""},"categories":[78,1726,2801,6026,11297,2849],"tags":[4959,77],"class_list":["post-142250","post","type-post","status-publish","format-standard","hentry","category-nacional","category-nacionales","category-politica","category-portada","category-principales","category-salud","tag-featured","tag-principal"],"yoast_head":"<!-- This site is optimized with the Yoast SEO plugin v26.5 - https:\/\/yoast.com\/wordpress\/plugins\/seo\/ -->\n<title>Ranking ubica a M\u00e9xico como uno de los peores pa\u00edses en el manejo del covid - NOTICIAS<\/title>\n<meta name=\"robots\" content=\"index, follow, max-snippet:-1, max-image-preview:large, max-video-preview:-1\" \/>\n<link rel=\"canonical\" href=\"https:\/\/laredsocial-noticias.com\/wp\/ranking-ubica-a-mexico-como-uno-de-los-peores-paises-en-el-manejo-del-covid\/\" \/>\n<meta property=\"og:locale\" content=\"es_ES\" \/>\n<meta property=\"og:type\" content=\"article\" \/>\n<meta property=\"og:title\" content=\"Ranking ubica a M\u00e9xico como uno de los peores pa\u00edses en el manejo del covid - NOTICIAS\" \/>\n<meta property=\"og:description\" content=\"Un estudio elaborado por el portal australiano Instituto Lowy que evalu\u00f3 el desempe\u00f1o de 98 naciones ante la pandemia de...\" \/>\n<meta property=\"og:url\" content=\"https:\/\/laredsocial-noticias.com\/wp\/ranking-ubica-a-mexico-como-uno-de-los-peores-paises-en-el-manejo-del-covid\/\" \/>\n<meta property=\"og:site_name\" content=\"NOTICIAS\" \/>\n<meta property=\"article:published_time\" content=\"2021-01-28T21:04:15+00:00\" \/>\n<meta property=\"article:modified_time\" content=\"2021-01-28T21:04:18+00:00\" \/>\n<meta property=\"og:image\" content=\"https:\/\/laredsocial-noticias.com\/wp\/wp-content\/uploads\/2021\/01\/Mexico-coronavirus.jpg\" \/>\n\t<meta property=\"og:image:width\" content=\"1280\" \/>\n\t<meta property=\"og:image:height\" content=\"720\" \/>\n\t<meta property=\"og:image:type\" content=\"image\/jpeg\" \/>\n<meta name=\"author\" content=\"Editor en Jefe\" \/>\n<meta name=\"twitter:card\" content=\"summary_large_image\" \/>\n<meta name=\"twitter:label1\" content=\"Escrito por\" \/>\n\t<meta name=\"twitter:data1\" content=\"Editor en Jefe\" \/>\n\t<meta name=\"twitter:label2\" content=\"Tiempo de lectura\" \/>\n\t<meta name=\"twitter:data2\" content=\"2 minutos\" \/>\n<!-- \/ Yoast SEO plugin. -->","yoast_head_json":{"title":"Ranking ubica a M\u00e9xico como uno de los peores pa\u00edses en el manejo del covid - NOTICIAS","robots":{"index":"index","follow":"follow","max-snippet":"max-snippet:-1","max-image-preview":"max-image-preview:large","max-video-preview":"max-video-preview:-1"},"canonical":"https:\/\/laredsocial-noticias.com\/wp\/ranking-ubica-a-mexico-como-uno-de-los-peores-paises-en-el-manejo-del-covid\/","og_locale":"es_ES","og_type":"article","og_title":"Ranking ubica a M\u00e9xico como uno de los peores pa\u00edses en el manejo del covid - NOTICIAS","og_description":"Un estudio elaborado por el portal australiano Instituto Lowy que evalu\u00f3 el desempe\u00f1o de 98 naciones ante la pandemia de...","og_url":"https:\/\/laredsocial-noticias.com\/wp\/ranking-ubica-a-mexico-como-uno-de-los-peores-paises-en-el-manejo-del-covid\/","og_site_name":"NOTICIAS","article_published_time":"2021-01-28T21:04:15+00:00","article_modified_time":"2021-01-28T21:04:18+00:00","og_image":[{"width":1280,"height":720,"url":"https:\/\/laredsocial-noticias.com\/wp\/wp-content\/uploads\/2021\/01\/Mexico-coronavirus.jpg","type":"image\/jpeg"}],"author":"Editor en Jefe","twitter_card":"summary_large_image","twitter_misc":{"Escrito por":"Editor en Jefe","Tiempo de lectura":"2 minutos"},"schema":{"@context":"https:\/\/schema.org","@graph":[{"@type":"WebPage","@id":"https:\/\/laredsocial-noticias.com\/wp\/ranking-ubica-a-mexico-como-uno-de-los-peores-paises-en-el-manejo-del-covid\/","url":"https:\/\/laredsocial-noticias.com\/wp\/ranking-ubica-a-mexico-como-uno-de-los-peores-paises-en-el-manejo-del-covid\/","name":"Ranking ubica a M\u00e9xico como uno de los peores pa\u00edses en el manejo del covid - NOTICIAS","isPartOf":{"@id":"https:\/\/laredsocial-noticias.com\/wp\/#website"},"datePublished":"2021-01-28T21:04:15+00:00","dateModified":"2021-01-28T21:04:18+00:00","author":{"@id":"https:\/\/laredsocial-noticias.com\/wp\/#\/schema\/person\/0ce78643f2de7aae6f6ef10e8453a6e0"},"breadcrumb":{"@id":"https:\/\/laredsocial-noticias.com\/wp\/ranking-ubica-a-mexico-como-uno-de-los-peores-paises-en-el-manejo-del-covid\/#breadcrumb"},"inLanguage":"es","potentialAction":[{"@type":"ReadAction","target":["https:\/\/laredsocial-noticias.com\/wp\/ranking-ubica-a-mexico-como-uno-de-los-peores-paises-en-el-manejo-del-covid\/"]}]},{"@type":"BreadcrumbList","@id":"https:\/\/laredsocial-noticias.com\/wp\/ranking-ubica-a-mexico-como-uno-de-los-peores-paises-en-el-manejo-del-covid\/#breadcrumb","itemListElement":[{"@type":"ListItem","position":1,"name":"Portada","item":"https:\/\/laredsocial-noticias.com\/wp\/"},{"@type":"ListItem","position":2,"name":"Ranking ubica a M\u00e9xico como uno de los peores pa\u00edses en el manejo del covid"}]},{"@type":"WebSite","@id":"https:\/\/laredsocial-noticias.com\/wp\/#website","url":"https:\/\/laredsocial-noticias.com\/wp\/","name":"NOTICIAS","description":"Lo que se ve y se dice en las redes sociales","potentialAction":[{"@type":"SearchAction","target":{"@type":"EntryPoint","urlTemplate":"https:\/\/laredsocial-noticias.com\/wp\/?s={search_term_string}"},"query-input":{"@type":"PropertyValueSpecification","valueRequired":true,"valueName":"search_term_string"}}],"inLanguage":"es"},{"@type":"Person","@id":"https:\/\/laredsocial-noticias.com\/wp\/#\/schema\/person\/0ce78643f2de7aae6f6ef10e8453a6e0","name":"Editor en Jefe","url":"https:\/\/laredsocial-noticias.com\/wp\/author\/jorgeochoa\/"}]}},"_links":{"self":[{"href":"https:\/\/laredsocial-noticias.com\/wp\/wp-json\/wp\/v2\/posts\/142250","targetHints":{"allow":["GET"]}}],"collection":[{"href":"https:\/\/laredsocial-noticias.com\/wp\/wp-json\/wp\/v2\/posts"}],"about":[{"href":"https:\/\/laredsocial-noticias.com\/wp\/wp-json\/wp\/v2\/types\/post"}],"author":[{"embeddable":true,"href":"https:\/\/laredsocial-noticias.com\/wp\/wp-json\/wp\/v2\/users\/1"}],"replies":[{"embeddable":true,"href":"https:\/\/laredsocial-noticias.com\/wp\/wp-json\/wp\/v2\/comments?post=142250"}],"version-history":[{"count":1,"href":"https:\/\/laredsocial-noticias.com\/wp\/wp-json\/wp\/v2\/posts\/142250\/revisions"}],"predecessor-version":[{"id":142251,"href":"https:\/\/laredsocial-noticias.com\/wp\/wp-json\/wp\/v2\/posts\/142250\/revisions\/142251"}],"wp:attachment":[{"href":"https:\/\/laredsocial-noticias.com\/wp\/wp-json\/wp\/v2\/media?parent=142250"}],"wp:term":[{"taxonomy":"category","embeddable":true,"href":"https:\/\/laredsocial-noticias.com\/wp\/wp-json\/wp\/v2\/categories?post=142250"},{"taxonomy":"post_tag","embeddable":true,"href":"https:\/\/laredsocial-noticias.com\/wp\/wp-json\/wp\/v2\/tags?post=142250"}],"curies":[{"name":"wp","href":"https:\/\/api.w.org\/{rel}","templated":true}]}}