{"id":142340,"date":"2021-01-31T15:09:12","date_gmt":"2021-01-31T21:09:12","guid":{"rendered":"https:\/\/laredsocial-noticias.com\/wp\/?p=142340"},"modified":"2021-01-31T15:09:13","modified_gmt":"2021-01-31T21:09:13","slug":"actualmente-no-existen-condiciones-para-regresar-a-clases-en-modalidad-presencial-martha-barajas-garcia","status":"publish","type":"post","link":"https:\/\/laredsocial-noticias.com\/wp\/actualmente-no-existen-condiciones-para-regresar-a-clases-en-modalidad-presencial-martha-barajas-garcia\/","title":{"rendered":"Actualmente no existen condiciones para regresar a clases en modalidad presencial: Martha Barajas Garc\u00eda"},"content":{"rendered":"<p>La diputada Martha Barajas Garc\u00eda, vicepresidenta de la Comisi\u00f3n de Cultura, Ciencia y Tecnolog\u00eda; se\u00f1al\u00f3 que no existen las condiciones sanitarias para que puedan regresar a clases presenciales ni en instituciones privadas ni p\u00fablicas.<\/p>\n<p>Indic\u00f3 que, \u201calgunas instituciones privadas han se\u00f1alado que el regreso a clases de los alumnos es una necesidad imperante, pero en ning\u00fan momento debe ponerse en riesgo la salud de estudiantes y personal docente\u201d.<\/p>\n<p>La legisladora se\u00f1al\u00f3 que, no se debe perder de vista el principio constitucional de que en todas las decisiones del Estado se debe velar por el inter\u00e9s superior de la ni\u00f1ez, y en este momento ese inter\u00e9s es la salud y evitar mayor propagaci\u00f3n del COVID-19.<\/p>\n<p>Respecto a la solicitud de los colegios particulares de regresar a actividades presenciales, Barajas Garc\u00eda precis\u00f3 que es entendible que las instituciones educativas quieran reabrir, sin embargo, ello representar\u00eda un riesgo muy alto, sobre todo en estos momentos que el estado se encuentra en el sem\u00e1foro epidemiol\u00f3gico rojo.<\/p>\n<p>La vicepresidenta de la Comisi\u00f3n de Educaci\u00f3n del Congreso del Estado se\u00f1al\u00f3 que aun cuando las instituciones busquen garantizar el cumplimiento de las medidas sanitarias, es dif\u00edcil que se cumplan a cabalidad, porque habla de ni\u00f1os y j\u00f3venes.<\/p>\n<p>Finalmente se\u00f1al\u00f3 que, por el sem\u00e1foro rojo, es que la propia Secretar\u00eda de Educaci\u00f3n del Gobierno del Estado, estableci\u00f3 que el proceso de preinscripci\u00f3n del pr\u00f3ximo ciclo escolar sea en su modalidad virtual, ya que todas las autoridades est\u00e1n haciendo un esfuerzo tit\u00e1nico, para seguir cumpliendo con sus obligaciones legales, pero sin poner en riesgo a la ciudadan\u00eda.<\/p>\n","protected":false},"excerpt":{"rendered":"<p>La diputada Martha Barajas Garc\u00eda, vicepresidenta de la Comisi\u00f3n de Cultura, Ciencia y Tecnolog\u00eda; se\u00f1al\u00f3 que no existen las condiciones&#8230;<\/p>\n","protected":false},"author":1,"featured_media":0,"comment_status":"open","ping_status":"closed","sticky":false,"template":"","format":"standard","meta":{"footnotes":""},"categories":[78,1726,2801,6026,11297],"tags":[4959,77],"class_list":["post-142340","post","type-post","status-publish","format-standard","hentry","category-nacional","category-nacionales","category-politica","category-portada","category-principales","tag-featured","tag-principal"],"yoast_head":"<!-- This site is optimized with the Yoast SEO plugin v26.5 - https:\/\/yoast.com\/wordpress\/plugins\/seo\/ -->\n<title>Actualmente no existen condiciones para regresar a clases en modalidad presencial: Martha Barajas Garc\u00eda - NOTICIAS<\/title>\n<meta name=\"robots\" content=\"index, follow, max-snippet:-1, max-image-preview:large, max-video-preview:-1\" \/>\n<link rel=\"canonical\" href=\"https:\/\/laredsocial-noticias.com\/wp\/actualmente-no-existen-condiciones-para-regresar-a-clases-en-modalidad-presencial-martha-barajas-garcia\/\" \/>\n<meta property=\"og:locale\" content=\"es_ES\" \/>\n<meta property=\"og:type\" content=\"article\" \/>\n<meta property=\"og:title\" content=\"Actualmente no existen condiciones para regresar a clases en modalidad presencial: Martha Barajas Garc\u00eda - NOTICIAS\" \/>\n<meta property=\"og:description\" content=\"La diputada Martha Barajas Garc\u00eda, vicepresidenta de la Comisi\u00f3n de Cultura, Ciencia y Tecnolog\u00eda; se\u00f1al\u00f3 que no existen las condiciones...\" \/>\n<meta property=\"og:url\" content=\"https:\/\/laredsocial-noticias.com\/wp\/actualmente-no-existen-condiciones-para-regresar-a-clases-en-modalidad-presencial-martha-barajas-garcia\/\" \/>\n<meta property=\"og:site_name\" content=\"NOTICIAS\" \/>\n<meta property=\"article:published_time\" content=\"2021-01-31T21:09:12+00:00\" \/>\n<meta property=\"article:modified_time\" content=\"2021-01-31T21:09:13+00:00\" \/>\n<meta property=\"og:image\" content=\"https:\/\/laredsocial-noticias.com\/wp\/wp-content\/uploads\/2021\/01\/slp-3.jpg\" \/>\n\t<meta property=\"og:image:width\" content=\"787\" \/>\n\t<meta property=\"og:image:height\" content=\"525\" \/>\n\t<meta property=\"og:image:type\" content=\"image\/jpeg\" \/>\n<meta name=\"author\" content=\"Editor en Jefe\" \/>\n<meta name=\"twitter:card\" content=\"summary_large_image\" \/>\n<meta name=\"twitter:label1\" content=\"Escrito por\" \/>\n\t<meta name=\"twitter:data1\" content=\"Editor en Jefe\" \/>\n\t<meta name=\"twitter:label2\" content=\"Tiempo de lectura\" \/>\n\t<meta name=\"twitter:data2\" content=\"1 minuto\" \/>\n<!-- \/ Yoast SEO plugin. -->","yoast_head_json":{"title":"Actualmente no existen condiciones para regresar a clases en modalidad presencial: Martha Barajas Garc\u00eda - NOTICIAS","robots":{"index":"index","follow":"follow","max-snippet":"max-snippet:-1","max-image-preview":"max-image-preview:large","max-video-preview":"max-video-preview:-1"},"canonical":"https:\/\/laredsocial-noticias.com\/wp\/actualmente-no-existen-condiciones-para-regresar-a-clases-en-modalidad-presencial-martha-barajas-garcia\/","og_locale":"es_ES","og_type":"article","og_title":"Actualmente no existen condiciones para regresar a clases en modalidad presencial: Martha Barajas Garc\u00eda - NOTICIAS","og_description":"La diputada Martha Barajas Garc\u00eda, vicepresidenta de la Comisi\u00f3n de Cultura, Ciencia y Tecnolog\u00eda; se\u00f1al\u00f3 que no existen las condiciones...","og_url":"https:\/\/laredsocial-noticias.com\/wp\/actualmente-no-existen-condiciones-para-regresar-a-clases-en-modalidad-presencial-martha-barajas-garcia\/","og_site_name":"NOTICIAS","article_published_time":"2021-01-31T21:09:12+00:00","article_modified_time":"2021-01-31T21:09:13+00:00","og_image":[{"width":787,"height":525,"url":"https:\/\/laredsocial-noticias.com\/wp\/wp-content\/uploads\/2021\/01\/slp-3.jpg","type":"image\/jpeg"}],"author":"Editor en Jefe","twitter_card":"summary_large_image","twitter_misc":{"Escrito por":"Editor en Jefe","Tiempo de lectura":"1 minuto"},"schema":{"@context":"https:\/\/schema.org","@graph":[{"@type":"WebPage","@id":"https:\/\/laredsocial-noticias.com\/wp\/actualmente-no-existen-condiciones-para-regresar-a-clases-en-modalidad-presencial-martha-barajas-garcia\/","url":"https:\/\/laredsocial-noticias.com\/wp\/actualmente-no-existen-condiciones-para-regresar-a-clases-en-modalidad-presencial-martha-barajas-garcia\/","name":"Actualmente no existen condiciones para regresar a clases en modalidad presencial: Martha Barajas Garc\u00eda - NOTICIAS","isPartOf":{"@id":"https:\/\/laredsocial-noticias.com\/wp\/#website"},"datePublished":"2021-01-31T21:09:12+00:00","dateModified":"2021-01-31T21:09:13+00:00","author":{"@id":"https:\/\/laredsocial-noticias.com\/wp\/#\/schema\/person\/0ce78643f2de7aae6f6ef10e8453a6e0"},"breadcrumb":{"@id":"https:\/\/laredsocial-noticias.com\/wp\/actualmente-no-existen-condiciones-para-regresar-a-clases-en-modalidad-presencial-martha-barajas-garcia\/#breadcrumb"},"inLanguage":"es","potentialAction":[{"@type":"ReadAction","target":["https:\/\/laredsocial-noticias.com\/wp\/actualmente-no-existen-condiciones-para-regresar-a-clases-en-modalidad-presencial-martha-barajas-garcia\/"]}]},{"@type":"BreadcrumbList","@id":"https:\/\/laredsocial-noticias.com\/wp\/actualmente-no-existen-condiciones-para-regresar-a-clases-en-modalidad-presencial-martha-barajas-garcia\/#breadcrumb","itemListElement":[{"@type":"ListItem","position":1,"name":"Portada","item":"https:\/\/laredsocial-noticias.com\/wp\/"},{"@type":"ListItem","position":2,"name":"Actualmente no existen condiciones para regresar a clases en modalidad presencial: Martha Barajas Garc\u00eda"}]},{"@type":"WebSite","@id":"https:\/\/laredsocial-noticias.com\/wp\/#website","url":"https:\/\/laredsocial-noticias.com\/wp\/","name":"NOTICIAS","description":"Lo que se ve y se dice en las redes sociales","potentialAction":[{"@type":"SearchAction","target":{"@type":"EntryPoint","urlTemplate":"https:\/\/laredsocial-noticias.com\/wp\/?s={search_term_string}"},"query-input":{"@type":"PropertyValueSpecification","valueRequired":true,"valueName":"search_term_string"}}],"inLanguage":"es"},{"@type":"Person","@id":"https:\/\/laredsocial-noticias.com\/wp\/#\/schema\/person\/0ce78643f2de7aae6f6ef10e8453a6e0","name":"Editor en Jefe","url":"https:\/\/laredsocial-noticias.com\/wp\/author\/jorgeochoa\/"}]}},"_links":{"self":[{"href":"https:\/\/laredsocial-noticias.com\/wp\/wp-json\/wp\/v2\/posts\/142340","targetHints":{"allow":["GET"]}}],"collection":[{"href":"https:\/\/laredsocial-noticias.com\/wp\/wp-json\/wp\/v2\/posts"}],"about":[{"href":"https:\/\/laredsocial-noticias.com\/wp\/wp-json\/wp\/v2\/types\/post"}],"author":[{"embeddable":true,"href":"https:\/\/laredsocial-noticias.com\/wp\/wp-json\/wp\/v2\/users\/1"}],"replies":[{"embeddable":true,"href":"https:\/\/laredsocial-noticias.com\/wp\/wp-json\/wp\/v2\/comments?post=142340"}],"version-history":[{"count":1,"href":"https:\/\/laredsocial-noticias.com\/wp\/wp-json\/wp\/v2\/posts\/142340\/revisions"}],"predecessor-version":[{"id":142341,"href":"https:\/\/laredsocial-noticias.com\/wp\/wp-json\/wp\/v2\/posts\/142340\/revisions\/142341"}],"wp:attachment":[{"href":"https:\/\/laredsocial-noticias.com\/wp\/wp-json\/wp\/v2\/media?parent=142340"}],"wp:term":[{"taxonomy":"category","embeddable":true,"href":"https:\/\/laredsocial-noticias.com\/wp\/wp-json\/wp\/v2\/categories?post=142340"},{"taxonomy":"post_tag","embeddable":true,"href":"https:\/\/laredsocial-noticias.com\/wp\/wp-json\/wp\/v2\/tags?post=142340"}],"curies":[{"name":"wp","href":"https:\/\/api.w.org\/{rel}","templated":true}]}}