{"id":143567,"date":"2021-02-23T12:12:59","date_gmt":"2021-02-23T18:12:59","guid":{"rendered":"https:\/\/laredsocial-noticias.com\/wp\/?p=143567"},"modified":"2021-02-23T12:13:01","modified_gmt":"2021-02-23T18:13:01","slug":"casos-activos-de-covid-19-muestran-clara-disminucion-en-mexico-ssa","status":"publish","type":"post","link":"https:\/\/laredsocial-noticias.com\/wp\/casos-activos-de-covid-19-muestran-clara-disminucion-en-mexico-ssa\/","title":{"rendered":"Casos activos de Covid-19 muestran \u201cclara disminuci\u00f3n\u201d en M\u00e9xico: Ssa"},"content":{"rendered":"<p>Jorge Alcocer Varela, titular de la Secretar\u00eda de Salud, inform\u00f3 que desde hace seis semanas los\u00a0casos activos de Covid-19\u00a0\u201cmuestran una clara disminuci\u00f3n\u201d en M\u00e9xico.<\/p>\n<p>Durante la conferencia de prensa matutina del presidente Andr\u00e9s Manuel L\u00f3pez Obrador, el funcionario federal indic\u00f3 que al momento hay\u00a047 mil 168 casos activos\u00a0lo que representa solo el\u00a02 por ciento\u00a0a nivel nacional.<\/p>\n<p>Puntualiz\u00f3 que la\u00a0ocupaci\u00f3n de camas\u00a0para la atenci\u00f3n general (33 por ciento) y atenci\u00f3n de pacientes (36 por ciento) tambi\u00e9n muestran una tendencia a la baja.<\/p>\n<p>En cuanto al\u00a0panorama de vacunaci\u00f3n nacional, dijo que el 22 de febrero fueron aplicadas 38 mil 790 dosis, del mill\u00f3n 733 mil 404 totales.<\/p>\n<p>Destac\u00f3 que el\u00a070 por ciento del personal m\u00e9dico\u00a0ya ha sido inmunizado completamente, as\u00ed como se ha vacunado a\u00a0608 mil 275 adultos mayores.<\/p>\n<p>En ese sentido, agreg\u00f3 que s\u00f3lo se ha reportado\u00a00.4 por ciento\u00a0de efectos secundarios relacionados con la aplicaci\u00f3n de la vacuna.<\/p>\n","protected":false},"excerpt":{"rendered":"<p>Jorge Alcocer Varela, titular de la Secretar\u00eda de Salud, inform\u00f3 que desde hace seis semanas los\u00a0casos activos de Covid-19\u00a0\u201cmuestran una&#8230;<\/p>\n","protected":false},"author":1,"featured_media":0,"comment_status":"open","ping_status":"closed","sticky":false,"template":"","format":"standard","meta":{"footnotes":""},"categories":[78,1726,2801,6026,11297,2849],"tags":[4959,77],"class_list":["post-143567","post","type-post","status-publish","format-standard","hentry","category-nacional","category-nacionales","category-politica","category-portada","category-principales","category-salud","tag-featured","tag-principal"],"yoast_head":"<!-- This site is optimized with the Yoast SEO plugin v26.5 - https:\/\/yoast.com\/wordpress\/plugins\/seo\/ -->\n<title>Casos activos de Covid-19 muestran \u201cclara disminuci\u00f3n\u201d en M\u00e9xico: Ssa - NOTICIAS<\/title>\n<meta name=\"robots\" content=\"index, follow, max-snippet:-1, max-image-preview:large, max-video-preview:-1\" \/>\n<link rel=\"canonical\" href=\"https:\/\/laredsocial-noticias.com\/wp\/casos-activos-de-covid-19-muestran-clara-disminucion-en-mexico-ssa\/\" \/>\n<meta property=\"og:locale\" content=\"es_ES\" \/>\n<meta property=\"og:type\" content=\"article\" \/>\n<meta property=\"og:title\" content=\"Casos activos de Covid-19 muestran \u201cclara disminuci\u00f3n\u201d en M\u00e9xico: Ssa - NOTICIAS\" \/>\n<meta property=\"og:description\" content=\"Jorge Alcocer Varela, titular de la Secretar\u00eda de Salud, inform\u00f3 que desde hace seis semanas los\u00a0casos activos de Covid-19\u00a0\u201cmuestran una...\" \/>\n<meta property=\"og:url\" content=\"https:\/\/laredsocial-noticias.com\/wp\/casos-activos-de-covid-19-muestran-clara-disminucion-en-mexico-ssa\/\" \/>\n<meta property=\"og:site_name\" content=\"NOTICIAS\" \/>\n<meta property=\"article:published_time\" content=\"2021-02-23T18:12:59+00:00\" \/>\n<meta property=\"article:modified_time\" content=\"2021-02-23T18:13:01+00:00\" \/>\n<meta property=\"og:image\" content=\"https:\/\/laredsocial-noticias.com\/wp\/wp-content\/uploads\/2021\/02\/casos-activos-covid19-mexico.jpg\" \/>\n\t<meta property=\"og:image:width\" content=\"1280\" \/>\n\t<meta property=\"og:image:height\" content=\"720\" \/>\n\t<meta property=\"og:image:type\" content=\"image\/jpeg\" \/>\n<meta name=\"author\" content=\"Editor en Jefe\" \/>\n<meta name=\"twitter:card\" content=\"summary_large_image\" \/>\n<meta name=\"twitter:label1\" content=\"Escrito por\" \/>\n\t<meta name=\"twitter:data1\" content=\"Editor en Jefe\" \/>\n\t<meta name=\"twitter:label2\" content=\"Tiempo de lectura\" \/>\n\t<meta name=\"twitter:data2\" content=\"1 minuto\" \/>\n<!-- \/ Yoast SEO plugin. -->","yoast_head_json":{"title":"Casos activos de Covid-19 muestran \u201cclara disminuci\u00f3n\u201d en M\u00e9xico: Ssa - NOTICIAS","robots":{"index":"index","follow":"follow","max-snippet":"max-snippet:-1","max-image-preview":"max-image-preview:large","max-video-preview":"max-video-preview:-1"},"canonical":"https:\/\/laredsocial-noticias.com\/wp\/casos-activos-de-covid-19-muestran-clara-disminucion-en-mexico-ssa\/","og_locale":"es_ES","og_type":"article","og_title":"Casos activos de Covid-19 muestran \u201cclara disminuci\u00f3n\u201d en M\u00e9xico: Ssa - NOTICIAS","og_description":"Jorge Alcocer Varela, titular de la Secretar\u00eda de Salud, inform\u00f3 que desde hace seis semanas los\u00a0casos activos de Covid-19\u00a0\u201cmuestran una...","og_url":"https:\/\/laredsocial-noticias.com\/wp\/casos-activos-de-covid-19-muestran-clara-disminucion-en-mexico-ssa\/","og_site_name":"NOTICIAS","article_published_time":"2021-02-23T18:12:59+00:00","article_modified_time":"2021-02-23T18:13:01+00:00","og_image":[{"width":1280,"height":720,"url":"https:\/\/laredsocial-noticias.com\/wp\/wp-content\/uploads\/2021\/02\/casos-activos-covid19-mexico.jpg","type":"image\/jpeg"}],"author":"Editor en Jefe","twitter_card":"summary_large_image","twitter_misc":{"Escrito por":"Editor en Jefe","Tiempo de lectura":"1 minuto"},"schema":{"@context":"https:\/\/schema.org","@graph":[{"@type":"WebPage","@id":"https:\/\/laredsocial-noticias.com\/wp\/casos-activos-de-covid-19-muestran-clara-disminucion-en-mexico-ssa\/","url":"https:\/\/laredsocial-noticias.com\/wp\/casos-activos-de-covid-19-muestran-clara-disminucion-en-mexico-ssa\/","name":"Casos activos de Covid-19 muestran \u201cclara disminuci\u00f3n\u201d en M\u00e9xico: Ssa - NOTICIAS","isPartOf":{"@id":"https:\/\/laredsocial-noticias.com\/wp\/#website"},"datePublished":"2021-02-23T18:12:59+00:00","dateModified":"2021-02-23T18:13:01+00:00","author":{"@id":"https:\/\/laredsocial-noticias.com\/wp\/#\/schema\/person\/0ce78643f2de7aae6f6ef10e8453a6e0"},"breadcrumb":{"@id":"https:\/\/laredsocial-noticias.com\/wp\/casos-activos-de-covid-19-muestran-clara-disminucion-en-mexico-ssa\/#breadcrumb"},"inLanguage":"es","potentialAction":[{"@type":"ReadAction","target":["https:\/\/laredsocial-noticias.com\/wp\/casos-activos-de-covid-19-muestran-clara-disminucion-en-mexico-ssa\/"]}]},{"@type":"BreadcrumbList","@id":"https:\/\/laredsocial-noticias.com\/wp\/casos-activos-de-covid-19-muestran-clara-disminucion-en-mexico-ssa\/#breadcrumb","itemListElement":[{"@type":"ListItem","position":1,"name":"Portada","item":"https:\/\/laredsocial-noticias.com\/wp\/"},{"@type":"ListItem","position":2,"name":"Casos activos de Covid-19 muestran \u201cclara disminuci\u00f3n\u201d en M\u00e9xico: Ssa"}]},{"@type":"WebSite","@id":"https:\/\/laredsocial-noticias.com\/wp\/#website","url":"https:\/\/laredsocial-noticias.com\/wp\/","name":"NOTICIAS","description":"Lo que se ve y se dice en las redes sociales","potentialAction":[{"@type":"SearchAction","target":{"@type":"EntryPoint","urlTemplate":"https:\/\/laredsocial-noticias.com\/wp\/?s={search_term_string}"},"query-input":{"@type":"PropertyValueSpecification","valueRequired":true,"valueName":"search_term_string"}}],"inLanguage":"es"},{"@type":"Person","@id":"https:\/\/laredsocial-noticias.com\/wp\/#\/schema\/person\/0ce78643f2de7aae6f6ef10e8453a6e0","name":"Editor en Jefe","url":"https:\/\/laredsocial-noticias.com\/wp\/author\/jorgeochoa\/"}]}},"_links":{"self":[{"href":"https:\/\/laredsocial-noticias.com\/wp\/wp-json\/wp\/v2\/posts\/143567","targetHints":{"allow":["GET"]}}],"collection":[{"href":"https:\/\/laredsocial-noticias.com\/wp\/wp-json\/wp\/v2\/posts"}],"about":[{"href":"https:\/\/laredsocial-noticias.com\/wp\/wp-json\/wp\/v2\/types\/post"}],"author":[{"embeddable":true,"href":"https:\/\/laredsocial-noticias.com\/wp\/wp-json\/wp\/v2\/users\/1"}],"replies":[{"embeddable":true,"href":"https:\/\/laredsocial-noticias.com\/wp\/wp-json\/wp\/v2\/comments?post=143567"}],"version-history":[{"count":1,"href":"https:\/\/laredsocial-noticias.com\/wp\/wp-json\/wp\/v2\/posts\/143567\/revisions"}],"predecessor-version":[{"id":143568,"href":"https:\/\/laredsocial-noticias.com\/wp\/wp-json\/wp\/v2\/posts\/143567\/revisions\/143568"}],"wp:attachment":[{"href":"https:\/\/laredsocial-noticias.com\/wp\/wp-json\/wp\/v2\/media?parent=143567"}],"wp:term":[{"taxonomy":"category","embeddable":true,"href":"https:\/\/laredsocial-noticias.com\/wp\/wp-json\/wp\/v2\/categories?post=143567"},{"taxonomy":"post_tag","embeddable":true,"href":"https:\/\/laredsocial-noticias.com\/wp\/wp-json\/wp\/v2\/tags?post=143567"}],"curies":[{"name":"wp","href":"https:\/\/api.w.org\/{rel}","templated":true}]}}