{"id":144473,"date":"2021-03-10T13:44:11","date_gmt":"2021-03-10T19:44:11","guid":{"rendered":"https:\/\/laredsocial-noticias.com\/wp\/?p=144473"},"modified":"2021-03-10T13:44:19","modified_gmt":"2021-03-10T19:44:19","slug":"necesaria-la-reinsercion-laboral-de-mujeres-que-hayan-salido-de-prision-monreal","status":"publish","type":"post","link":"https:\/\/laredsocial-noticias.com\/wp\/necesaria-la-reinsercion-laboral-de-mujeres-que-hayan-salido-de-prision-monreal\/","title":{"rendered":"Necesaria la reinserci\u00f3n laboral de mujeres que hayan salido de prisi\u00f3n: Monreal"},"content":{"rendered":"<p>Tras afirmar que en M\u00e9xico s\u00f3lo el cinco por ciento de la poblaci\u00f3n femenil que sale de prisi\u00f3n encuentra empleo, el senador Ricardo Monreal urgi\u00f3 a garantizar la reinserci\u00f3n laboral de este sector en condiciones de igualdad.<\/p>\n<p>Con ese prop\u00f3sito el coordinador del Grupo Parlamentario de Morena, promueve una reforma al art\u00edculo 96 de la Ley Nacional de Ejecuci\u00f3n Penal.<\/p>\n<p>El senador explic\u00f3 que el objetivo de su iniciativa es establecer una coordinaci\u00f3n interinstitucional para eliminar las barreras injustificadas que impiden la inserci\u00f3n, en el \u00e1mbito laboral, a las mujeres en nuestro pa\u00eds.<\/p>\n<p>Adem\u00e1s, plante\u00f3 que quienes hayan obtenido su libertad y tengan a su cargo uno o m\u00e1s hijas o hijos, deber\u00e1n recibir atenci\u00f3n prioritaria en los esquemas de coordinaci\u00f3n interinstitucional.<\/p>\n<p>Monreal \u00c1vila dijo que lamentablemente el sistema de reinserci\u00f3n social que hered\u00f3 esta administraci\u00f3n dej\u00f3 un saldo desfavorecedor, especialmente para ellas, pues se estima que tan s\u00f3lo cinco por ciento de las que salen de prisi\u00f3n encuentran empleo.<\/p>\n<p>Ello, subray\u00f3, obedece a una realidad que hist\u00f3ricamente \u201cha lastimado con vehemencia\u201d a este grupo social, debido a una situaci\u00f3n de discriminaci\u00f3n estructural y sistem\u00e1tica.<\/p>\n<p>Refiri\u00f3 que, seg\u00fan cifras de la Secretar\u00eda de Seguridad y Protecci\u00f3n Ciudadana, en diciembre de 2020, hab\u00eda 214 mil 231 personas privadas de su libertad, distribuidas en los 289 centros penitenciarios del pa\u00eds; de ellas, 11 mil 839 son mujeres.<\/p>\n<p>El legislador precis\u00f3 que el 72 por ciento de esas mujeres tienen hijas o hijos y el 88 por ciento representaba el sustento econ\u00f3mico de su familia.<\/p>\n<p>Ante este escenario, consider\u00f3 fundamental que se garantice la reinserci\u00f3n de este sector poblacional, a trav\u00e9s de medidas post-penales con perspectiva de g\u00e9nero.<\/p>\n<p>Se debe dar respuesta efectiva a las necesidades de grupos en condici\u00f3n de vulnerabilidad, en sinton\u00eda con el mandato constitucional y los diversos instrumentos en materia penitenciaria suscritos por el Estado mexicano, enfatiz\u00f3.<\/p>\n<p>Ricardo Monreal resalt\u00f3 que, en el Senado de la Rep\u00fablica, el Grupo Parlamentario de Morena ha impulsado importantes reformas en materia de igualdad de oportunidades para las mujeres en los diversos campos de la vida p\u00fablica y privada.<\/p>\n<p>Esta iniciativa, agreg\u00f3, busca que se contin\u00fae apuntalando al marco jur\u00eddico de nuestro pa\u00eds a trav\u00e9s de normas que contribuyan a consolidar la igualdad de las mujeres.<\/p>\n","protected":false},"excerpt":{"rendered":"<p>Tras afirmar que en M\u00e9xico s\u00f3lo el cinco por ciento de la poblaci\u00f3n femenil que sale de prisi\u00f3n encuentra empleo,&#8230;<\/p>\n","protected":false},"author":1,"featured_media":0,"comment_status":"open","ping_status":"closed","sticky":false,"template":"","format":"standard","meta":{"footnotes":""},"categories":[78,1726,2801,6026,11297],"tags":[4959,77,60],"class_list":["post-144473","post","type-post","status-publish","format-standard","hentry","category-nacional","category-nacionales","category-politica","category-portada","category-principales","tag-featured","tag-principal","tag-senado"],"yoast_head":"<!-- This site is optimized with the Yoast SEO plugin v26.5 - https:\/\/yoast.com\/wordpress\/plugins\/seo\/ -->\n<title>Necesaria la reinserci\u00f3n laboral de mujeres que hayan salido de prisi\u00f3n: Monreal - NOTICIAS<\/title>\n<meta name=\"robots\" content=\"index, follow, max-snippet:-1, max-image-preview:large, max-video-preview:-1\" \/>\n<link rel=\"canonical\" href=\"https:\/\/laredsocial-noticias.com\/wp\/necesaria-la-reinsercion-laboral-de-mujeres-que-hayan-salido-de-prision-monreal\/\" \/>\n<meta property=\"og:locale\" content=\"es_ES\" \/>\n<meta property=\"og:type\" content=\"article\" \/>\n<meta property=\"og:title\" content=\"Necesaria la reinserci\u00f3n laboral de mujeres que hayan salido de prisi\u00f3n: Monreal - NOTICIAS\" \/>\n<meta property=\"og:description\" content=\"Tras afirmar que en M\u00e9xico s\u00f3lo el cinco por ciento de la poblaci\u00f3n femenil que sale de prisi\u00f3n encuentra empleo,...\" \/>\n<meta property=\"og:url\" content=\"https:\/\/laredsocial-noticias.com\/wp\/necesaria-la-reinsercion-laboral-de-mujeres-que-hayan-salido-de-prision-monreal\/\" \/>\n<meta property=\"og:site_name\" content=\"NOTICIAS\" \/>\n<meta property=\"article:published_time\" content=\"2021-03-10T19:44:11+00:00\" \/>\n<meta property=\"article:modified_time\" content=\"2021-03-10T19:44:19+00:00\" \/>\n<meta property=\"og:image\" content=\"https:\/\/laredsocial-noticias.com\/wp\/wp-content\/uploads\/2021\/03\/monreal-2-2.jpg\" \/>\n\t<meta property=\"og:image:width\" content=\"714\" \/>\n\t<meta property=\"og:image:height\" content=\"472\" \/>\n\t<meta property=\"og:image:type\" content=\"image\/jpeg\" \/>\n<meta name=\"author\" content=\"Editor en Jefe\" \/>\n<meta name=\"twitter:card\" content=\"summary_large_image\" \/>\n<meta name=\"twitter:label1\" content=\"Escrito por\" \/>\n\t<meta name=\"twitter:data1\" content=\"Editor en Jefe\" \/>\n\t<meta name=\"twitter:label2\" content=\"Tiempo de lectura\" \/>\n\t<meta name=\"twitter:data2\" content=\"2 minutos\" \/>\n<!-- \/ Yoast SEO plugin. -->","yoast_head_json":{"title":"Necesaria la reinserci\u00f3n laboral de mujeres que hayan salido de prisi\u00f3n: Monreal - NOTICIAS","robots":{"index":"index","follow":"follow","max-snippet":"max-snippet:-1","max-image-preview":"max-image-preview:large","max-video-preview":"max-video-preview:-1"},"canonical":"https:\/\/laredsocial-noticias.com\/wp\/necesaria-la-reinsercion-laboral-de-mujeres-que-hayan-salido-de-prision-monreal\/","og_locale":"es_ES","og_type":"article","og_title":"Necesaria la reinserci\u00f3n laboral de mujeres que hayan salido de prisi\u00f3n: Monreal - NOTICIAS","og_description":"Tras afirmar que en M\u00e9xico s\u00f3lo el cinco por ciento de la poblaci\u00f3n femenil que sale de prisi\u00f3n encuentra empleo,...","og_url":"https:\/\/laredsocial-noticias.com\/wp\/necesaria-la-reinsercion-laboral-de-mujeres-que-hayan-salido-de-prision-monreal\/","og_site_name":"NOTICIAS","article_published_time":"2021-03-10T19:44:11+00:00","article_modified_time":"2021-03-10T19:44:19+00:00","og_image":[{"width":714,"height":472,"url":"https:\/\/laredsocial-noticias.com\/wp\/wp-content\/uploads\/2021\/03\/monreal-2-2.jpg","type":"image\/jpeg"}],"author":"Editor en Jefe","twitter_card":"summary_large_image","twitter_misc":{"Escrito por":"Editor en Jefe","Tiempo de lectura":"2 minutos"},"schema":{"@context":"https:\/\/schema.org","@graph":[{"@type":"WebPage","@id":"https:\/\/laredsocial-noticias.com\/wp\/necesaria-la-reinsercion-laboral-de-mujeres-que-hayan-salido-de-prision-monreal\/","url":"https:\/\/laredsocial-noticias.com\/wp\/necesaria-la-reinsercion-laboral-de-mujeres-que-hayan-salido-de-prision-monreal\/","name":"Necesaria la reinserci\u00f3n laboral de mujeres que hayan salido de prisi\u00f3n: Monreal - NOTICIAS","isPartOf":{"@id":"https:\/\/laredsocial-noticias.com\/wp\/#website"},"datePublished":"2021-03-10T19:44:11+00:00","dateModified":"2021-03-10T19:44:19+00:00","author":{"@id":"https:\/\/laredsocial-noticias.com\/wp\/#\/schema\/person\/0ce78643f2de7aae6f6ef10e8453a6e0"},"breadcrumb":{"@id":"https:\/\/laredsocial-noticias.com\/wp\/necesaria-la-reinsercion-laboral-de-mujeres-que-hayan-salido-de-prision-monreal\/#breadcrumb"},"inLanguage":"es","potentialAction":[{"@type":"ReadAction","target":["https:\/\/laredsocial-noticias.com\/wp\/necesaria-la-reinsercion-laboral-de-mujeres-que-hayan-salido-de-prision-monreal\/"]}]},{"@type":"BreadcrumbList","@id":"https:\/\/laredsocial-noticias.com\/wp\/necesaria-la-reinsercion-laboral-de-mujeres-que-hayan-salido-de-prision-monreal\/#breadcrumb","itemListElement":[{"@type":"ListItem","position":1,"name":"Portada","item":"https:\/\/laredsocial-noticias.com\/wp\/"},{"@type":"ListItem","position":2,"name":"Necesaria la reinserci\u00f3n laboral de mujeres que hayan salido de prisi\u00f3n: Monreal"}]},{"@type":"WebSite","@id":"https:\/\/laredsocial-noticias.com\/wp\/#website","url":"https:\/\/laredsocial-noticias.com\/wp\/","name":"NOTICIAS","description":"Lo que se ve y se dice en las redes sociales","potentialAction":[{"@type":"SearchAction","target":{"@type":"EntryPoint","urlTemplate":"https:\/\/laredsocial-noticias.com\/wp\/?s={search_term_string}"},"query-input":{"@type":"PropertyValueSpecification","valueRequired":true,"valueName":"search_term_string"}}],"inLanguage":"es"},{"@type":"Person","@id":"https:\/\/laredsocial-noticias.com\/wp\/#\/schema\/person\/0ce78643f2de7aae6f6ef10e8453a6e0","name":"Editor en Jefe","url":"https:\/\/laredsocial-noticias.com\/wp\/author\/jorgeochoa\/"}]}},"_links":{"self":[{"href":"https:\/\/laredsocial-noticias.com\/wp\/wp-json\/wp\/v2\/posts\/144473","targetHints":{"allow":["GET"]}}],"collection":[{"href":"https:\/\/laredsocial-noticias.com\/wp\/wp-json\/wp\/v2\/posts"}],"about":[{"href":"https:\/\/laredsocial-noticias.com\/wp\/wp-json\/wp\/v2\/types\/post"}],"author":[{"embeddable":true,"href":"https:\/\/laredsocial-noticias.com\/wp\/wp-json\/wp\/v2\/users\/1"}],"replies":[{"embeddable":true,"href":"https:\/\/laredsocial-noticias.com\/wp\/wp-json\/wp\/v2\/comments?post=144473"}],"version-history":[{"count":1,"href":"https:\/\/laredsocial-noticias.com\/wp\/wp-json\/wp\/v2\/posts\/144473\/revisions"}],"predecessor-version":[{"id":144474,"href":"https:\/\/laredsocial-noticias.com\/wp\/wp-json\/wp\/v2\/posts\/144473\/revisions\/144474"}],"wp:attachment":[{"href":"https:\/\/laredsocial-noticias.com\/wp\/wp-json\/wp\/v2\/media?parent=144473"}],"wp:term":[{"taxonomy":"category","embeddable":true,"href":"https:\/\/laredsocial-noticias.com\/wp\/wp-json\/wp\/v2\/categories?post=144473"},{"taxonomy":"post_tag","embeddable":true,"href":"https:\/\/laredsocial-noticias.com\/wp\/wp-json\/wp\/v2\/tags?post=144473"}],"curies":[{"name":"wp","href":"https:\/\/api.w.org\/{rel}","templated":true}]}}