{"id":144763,"date":"2021-03-17T11:37:47","date_gmt":"2021-03-17T17:37:47","guid":{"rendered":"https:\/\/laredsocial-noticias.com\/wp\/?p=144763"},"modified":"2021-03-17T11:37:49","modified_gmt":"2021-03-17T17:37:49","slug":"busca-ricardo-monreal-garantizar-derechos-humanos-y-libertades-de-los-adultos-mayores","status":"publish","type":"post","link":"https:\/\/laredsocial-noticias.com\/wp\/busca-ricardo-monreal-garantizar-derechos-humanos-y-libertades-de-los-adultos-mayores\/","title":{"rendered":"Busca Ricardo Monreal garantizar derechos humanos y libertades de los adultos mayores"},"content":{"rendered":"<p>El Estado debe asumir la obligaci\u00f3n de promover, proteger y garantizar los derechos humanos y libertades fundamentales de los adultos mayores para contribuir a su total y efectiva inclusi\u00f3n, integraci\u00f3n y participaci\u00f3n en la sociedad y con ello dejar atr\u00e1s el enfoque asistencialista.<\/p>\n<p>As\u00ed lo expone Ricardo Monreal, el coordinador del Grupo Parlamentario de Morena, en\u00a0 la reforma constitucional que presentar\u00e1 ante el Pleno del Senado de la Rep\u00fablica.<\/p>\n<p>El senador busca reformar los art\u00edculos 4 y 73 de la Constituci\u00f3n Pol\u00edtica para consolidar un sistema integral de atenci\u00f3n, que le permita a este sector de la poblaci\u00f3n disfrutar de una vida plena, independiente y aut\u00f3noma.<\/p>\n<p>En la iniciativa plantea que todos los \u00f3rdenes de gobierno adopten medidas para prevenir, sancionar y erradicar el maltrato o abuso en contra de las personas mayores.<\/p>\n<p>Expone que de acuerdo con el Consejo Nacional de Poblaci\u00f3n, para el a\u00f1o 2050 habitar\u00e1n en M\u00e9xico m\u00e1s de 150 millones de personas; de las cuales, el 21.5 por ciento, es decir, 32.4 millones, tendr\u00e1n m\u00e1s de 60 a\u00f1os.<\/p>\n<p>\u201cSi bien en nuestro pa\u00eds las personas mayores gozan de todos los derechos que la Constituci\u00f3n establece, a\u00fan predomina un modelo legal y pol\u00edtico de atenci\u00f3n que las considera con un enfoque de asistencia social y no como sujetos de derechos\u201d, acot\u00f3.<\/p>\n<p>Diversos organismos han sido enf\u00e1ticos en la necesidad de fortalecer las normas dirigidas a ese grupo poblacional que \u201ccrece sin parar\u201d, de modo que se consolide un sistema integral y adecuado para su atenci\u00f3n y protecci\u00f3n.<\/p>\n<p>El l\u00edder de Morena pretende establecer en la Carta Magna que las personas mayores tienen derecho a disfrutar de una vida plena, independiente y aut\u00f3noma, as\u00ed como a recibir un trato diferenciado y preferencial.<\/p>\n<p>Plante\u00f3 facultar al Congreso de la Uni\u00f3n para expedir la Ley General de los Derechos de las Personas Mayores, que defina las obligaciones concretas de la Federaci\u00f3n, las entidades federativas y los municipios en estas tareas.<\/p>\n<p>\u201cReconocer la igualdad de derechos de las personas de 60 a\u00f1os y m\u00e1s no debe limitarse a una simple declaraci\u00f3n\u00a0 pol\u00edtica\u201d.<\/p>\n<p>Lo que se requiere, apunt\u00f3 el legislador, es continuar con las acciones para su materializaci\u00f3n, con un marco conceptual y jur\u00eddico pertinentes, as\u00ed como pol\u00edticas p\u00fablicas espec\u00edficas.<\/p>\n<p>La iniciativa se suma a la reforma constitucional para reconocer el derecho de las personas mayores a recibir una pensi\u00f3n por parte del Estado.<\/p>\n<p>As\u00ed como a su incorporaci\u00f3n a diversos programas sociales y su inclusi\u00f3n como grupo prioritario en el proceso de vacunaci\u00f3n contra la Covid-19.<\/p>\n<p>Monreal \u00c1vila\u00a0 aclar\u00f3 que con ello se da un paso definitivo para determinar los mecanismos para hacer exigibles los derechos de las personas mayores, los procedimientos para evaluar su eficacia y las sanciones por incumplimiento.<\/p>\n","protected":false},"excerpt":{"rendered":"<p>El Estado debe asumir la obligaci\u00f3n de promover, proteger y garantizar los derechos humanos y libertades fundamentales de los adultos&#8230;<\/p>\n","protected":false},"author":1,"featured_media":0,"comment_status":"open","ping_status":"closed","sticky":false,"template":"","format":"standard","meta":{"footnotes":""},"categories":[78,1726,2801,6026,11297],"tags":[4959,77,60],"class_list":["post-144763","post","type-post","status-publish","format-standard","hentry","category-nacional","category-nacionales","category-politica","category-portada","category-principales","tag-featured","tag-principal","tag-senado"],"yoast_head":"<!-- This site is optimized with the Yoast SEO plugin v26.5 - https:\/\/yoast.com\/wordpress\/plugins\/seo\/ -->\n<title>Busca Ricardo Monreal garantizar derechos humanos y libertades de los adultos mayores - NOTICIAS<\/title>\n<meta name=\"robots\" content=\"index, follow, max-snippet:-1, max-image-preview:large, max-video-preview:-1\" \/>\n<link rel=\"canonical\" href=\"https:\/\/laredsocial-noticias.com\/wp\/busca-ricardo-monreal-garantizar-derechos-humanos-y-libertades-de-los-adultos-mayores\/\" \/>\n<meta property=\"og:locale\" content=\"es_ES\" \/>\n<meta property=\"og:type\" content=\"article\" \/>\n<meta property=\"og:title\" content=\"Busca Ricardo Monreal garantizar derechos humanos y libertades de los adultos mayores - NOTICIAS\" \/>\n<meta property=\"og:description\" content=\"El Estado debe asumir la obligaci\u00f3n de promover, proteger y garantizar los derechos humanos y libertades fundamentales de los adultos...\" \/>\n<meta property=\"og:url\" content=\"https:\/\/laredsocial-noticias.com\/wp\/busca-ricardo-monreal-garantizar-derechos-humanos-y-libertades-de-los-adultos-mayores\/\" \/>\n<meta property=\"og:site_name\" content=\"NOTICIAS\" \/>\n<meta property=\"article:published_time\" content=\"2021-03-17T17:37:47+00:00\" \/>\n<meta property=\"article:modified_time\" content=\"2021-03-17T17:37:49+00:00\" \/>\n<meta property=\"og:image\" content=\"https:\/\/laredsocial-noticias.com\/wp\/wp-content\/uploads\/2021\/02\/monreal-1-1.jpg\" \/>\n\t<meta property=\"og:image:width\" content=\"771\" \/>\n\t<meta property=\"og:image:height\" content=\"534\" \/>\n\t<meta property=\"og:image:type\" content=\"image\/jpeg\" \/>\n<meta name=\"author\" content=\"Editor en Jefe\" \/>\n<meta name=\"twitter:card\" content=\"summary_large_image\" \/>\n<meta name=\"twitter:label1\" content=\"Escrito por\" \/>\n\t<meta name=\"twitter:data1\" content=\"Editor en Jefe\" \/>\n\t<meta name=\"twitter:label2\" content=\"Tiempo de lectura\" \/>\n\t<meta name=\"twitter:data2\" content=\"2 minutos\" \/>\n<!-- \/ Yoast SEO plugin. -->","yoast_head_json":{"title":"Busca Ricardo Monreal garantizar derechos humanos y libertades de los adultos mayores - NOTICIAS","robots":{"index":"index","follow":"follow","max-snippet":"max-snippet:-1","max-image-preview":"max-image-preview:large","max-video-preview":"max-video-preview:-1"},"canonical":"https:\/\/laredsocial-noticias.com\/wp\/busca-ricardo-monreal-garantizar-derechos-humanos-y-libertades-de-los-adultos-mayores\/","og_locale":"es_ES","og_type":"article","og_title":"Busca Ricardo Monreal garantizar derechos humanos y libertades de los adultos mayores - NOTICIAS","og_description":"El Estado debe asumir la obligaci\u00f3n de promover, proteger y garantizar los derechos humanos y libertades fundamentales de los adultos...","og_url":"https:\/\/laredsocial-noticias.com\/wp\/busca-ricardo-monreal-garantizar-derechos-humanos-y-libertades-de-los-adultos-mayores\/","og_site_name":"NOTICIAS","article_published_time":"2021-03-17T17:37:47+00:00","article_modified_time":"2021-03-17T17:37:49+00:00","og_image":[{"width":771,"height":534,"url":"https:\/\/laredsocial-noticias.com\/wp\/wp-content\/uploads\/2021\/02\/monreal-1-1.jpg","type":"image\/jpeg"}],"author":"Editor en Jefe","twitter_card":"summary_large_image","twitter_misc":{"Escrito por":"Editor en Jefe","Tiempo de lectura":"2 minutos"},"schema":{"@context":"https:\/\/schema.org","@graph":[{"@type":"WebPage","@id":"https:\/\/laredsocial-noticias.com\/wp\/busca-ricardo-monreal-garantizar-derechos-humanos-y-libertades-de-los-adultos-mayores\/","url":"https:\/\/laredsocial-noticias.com\/wp\/busca-ricardo-monreal-garantizar-derechos-humanos-y-libertades-de-los-adultos-mayores\/","name":"Busca Ricardo Monreal garantizar derechos humanos y libertades de los adultos mayores - NOTICIAS","isPartOf":{"@id":"https:\/\/laredsocial-noticias.com\/wp\/#website"},"datePublished":"2021-03-17T17:37:47+00:00","dateModified":"2021-03-17T17:37:49+00:00","author":{"@id":"https:\/\/laredsocial-noticias.com\/wp\/#\/schema\/person\/0ce78643f2de7aae6f6ef10e8453a6e0"},"breadcrumb":{"@id":"https:\/\/laredsocial-noticias.com\/wp\/busca-ricardo-monreal-garantizar-derechos-humanos-y-libertades-de-los-adultos-mayores\/#breadcrumb"},"inLanguage":"es","potentialAction":[{"@type":"ReadAction","target":["https:\/\/laredsocial-noticias.com\/wp\/busca-ricardo-monreal-garantizar-derechos-humanos-y-libertades-de-los-adultos-mayores\/"]}]},{"@type":"BreadcrumbList","@id":"https:\/\/laredsocial-noticias.com\/wp\/busca-ricardo-monreal-garantizar-derechos-humanos-y-libertades-de-los-adultos-mayores\/#breadcrumb","itemListElement":[{"@type":"ListItem","position":1,"name":"Portada","item":"https:\/\/laredsocial-noticias.com\/wp\/"},{"@type":"ListItem","position":2,"name":"Busca Ricardo Monreal garantizar derechos humanos y libertades de los adultos mayores"}]},{"@type":"WebSite","@id":"https:\/\/laredsocial-noticias.com\/wp\/#website","url":"https:\/\/laredsocial-noticias.com\/wp\/","name":"NOTICIAS","description":"Lo que se ve y se dice en las redes sociales","potentialAction":[{"@type":"SearchAction","target":{"@type":"EntryPoint","urlTemplate":"https:\/\/laredsocial-noticias.com\/wp\/?s={search_term_string}"},"query-input":{"@type":"PropertyValueSpecification","valueRequired":true,"valueName":"search_term_string"}}],"inLanguage":"es"},{"@type":"Person","@id":"https:\/\/laredsocial-noticias.com\/wp\/#\/schema\/person\/0ce78643f2de7aae6f6ef10e8453a6e0","name":"Editor en Jefe","url":"https:\/\/laredsocial-noticias.com\/wp\/author\/jorgeochoa\/"}]}},"_links":{"self":[{"href":"https:\/\/laredsocial-noticias.com\/wp\/wp-json\/wp\/v2\/posts\/144763","targetHints":{"allow":["GET"]}}],"collection":[{"href":"https:\/\/laredsocial-noticias.com\/wp\/wp-json\/wp\/v2\/posts"}],"about":[{"href":"https:\/\/laredsocial-noticias.com\/wp\/wp-json\/wp\/v2\/types\/post"}],"author":[{"embeddable":true,"href":"https:\/\/laredsocial-noticias.com\/wp\/wp-json\/wp\/v2\/users\/1"}],"replies":[{"embeddable":true,"href":"https:\/\/laredsocial-noticias.com\/wp\/wp-json\/wp\/v2\/comments?post=144763"}],"version-history":[{"count":1,"href":"https:\/\/laredsocial-noticias.com\/wp\/wp-json\/wp\/v2\/posts\/144763\/revisions"}],"predecessor-version":[{"id":144764,"href":"https:\/\/laredsocial-noticias.com\/wp\/wp-json\/wp\/v2\/posts\/144763\/revisions\/144764"}],"wp:attachment":[{"href":"https:\/\/laredsocial-noticias.com\/wp\/wp-json\/wp\/v2\/media?parent=144763"}],"wp:term":[{"taxonomy":"category","embeddable":true,"href":"https:\/\/laredsocial-noticias.com\/wp\/wp-json\/wp\/v2\/categories?post=144763"},{"taxonomy":"post_tag","embeddable":true,"href":"https:\/\/laredsocial-noticias.com\/wp\/wp-json\/wp\/v2\/tags?post=144763"}],"curies":[{"name":"wp","href":"https:\/\/api.w.org\/{rel}","templated":true}]}}