{"id":14594,"date":"2016-06-24T15:30:03","date_gmt":"2016-06-24T20:30:03","guid":{"rendered":"http:\/\/laredsocial-noticias.com\/wp\/?p=14594"},"modified":"2016-06-24T14:50:09","modified_gmt":"2016-06-24T19:50:09","slug":"urge-los-angeles-times-a-congreso-a-actuar-sobre-reforma-migratoria","status":"publish","type":"post","link":"https:\/\/laredsocial-noticias.com\/wp\/urge-los-angeles-times-a-congreso-a-actuar-sobre-reforma-migratoria\/","title":{"rendered":"Urge Los Angeles Times a congreso a actuar sobre reforma migratoria"},"content":{"rendered":"<p><strong>LOS \u00c1NGELES, 24 de junio, (MOMENTO INFORMATIVO \/ C\u00cdRCULO DIGITAL).-\u00a0<\/strong>La resoluci\u00f3n de la Corte Suprema de Estados Unidos sobre las \u00f3rdenes ejecutivas del presidente Barack Obama, solo subraya la urgente necesidad de que el congreso act\u00fae sobre una reforma migratoria integral, afirmo hoy Los Angeles Times.<\/p>\n<p>\u201cLa resoluci\u00f3n de empate 4-4 (cuatro votos a favor y cuatro en contra) que emiti\u00f3 la Corte Suprema la v\u00edspera es una tragedia que solo puede ser de corta duraci\u00f3n\u201d, consider\u00f3 el rotativo.<\/p>\n<p>El voto del jueves en la Corte Suprema dej\u00f3 en suspenso las medidas de alivio migratorio que podr\u00edan haber regularizado la situaci\u00f3n de unos cinco millones de inmigrantes en Estados Unidos.<\/p>\n<p>\u201cMillones de padres inmigrantes y sus familias pierden en la decisi\u00f3n ileg\u00edtima en una demanda de Texas contra el gobierno federal, y ahora el asunto es regresado a otra corte\u201d, indic\u00f3 el diario en una art\u00edculo firmado por Michael A. Olivas, profesor del Centro de Leyes de la Universidad de Houston.<\/p>\n<p>\u201cLa decisi\u00f3n es un triste giro de los acontecimientos. Se congela la Acci\u00f3n Diferida para los padres de ni\u00f1os estadunidenses, conocida como DAPA, y restaura las renovaciones de Acci\u00f3n Diferida para Menores Llegados o DACA, a tan solo dos a\u00f1os, en lugar de los tres a\u00f1os propuestos\u201d, critic\u00f3.<\/p>\n<p>\u201cA pesar del rev\u00e9s representado por la decisi\u00f3n del tribunal, no hay que precipitarse a declarar como muerta a la acci\u00f3n diferida\u201d, aclar\u00f3.<\/p>\n<p>\u201cAl final, el punto muerto en el tribunal s\u00f3lo subraya la necesidad urgente que el Congreso act\u00fae sobre la reforma migratoria integral\u201d, subray\u00f3.<\/p>\n<p>\u201cLos malhechores reales sobre la inmigraci\u00f3n no son los jueces de la Corte Suprema, son la mayor\u00eda conservadora de la C\u00e1mara y el Senado\u201d, enfatiz\u00f3.<\/p>\n<p>\u201cLa decisi\u00f3n de la Corte Suprema es, sin duda, una tragedia para millones de familias inmigrantes en el corto plazo. Restriccionistas han ganado temporalmente al tener el sart\u00e9n por el mango\u201d, se\u00f1al\u00f3.<\/p>\n<p>\u201cLos jueces han fallado a las familias a las que dej\u00f3 en la incertidumbre. Sin embargo, el resultado tambi\u00e9n puede ser positivo para los derechos de inmigrantes y la autoridad presidencial\u201d, abund\u00f3.<\/p>\n","protected":false},"excerpt":{"rendered":"<p>LOS \u00c1NGELES, 24 de junio, (MOMENTO INFORMATIVO \/ C\u00cdRCULO DIGITAL).-\u00a0La resoluci\u00f3n de la Corte Suprema de Estados Unidos sobre las&#8230;<\/p>\n","protected":false},"author":1,"featured_media":0,"comment_status":"closed","ping_status":"closed","sticky":false,"template":"","format":"standard","meta":{"footnotes":""},"categories":[1796,101,73],"tags":[145,77],"class_list":["post-14594","post","type-post","status-publish","format-standard","hentry","category-circulodigital","category-internacional","category-principal","tag-internacional","tag-principal"],"yoast_head":"<!-- This site is optimized with the Yoast SEO plugin v26.5 - https:\/\/yoast.com\/wordpress\/plugins\/seo\/ -->\n<title>Urge Los Angeles Times a congreso a actuar sobre reforma migratoria - NOTICIAS<\/title>\n<meta name=\"robots\" content=\"index, follow, max-snippet:-1, max-image-preview:large, max-video-preview:-1\" \/>\n<link rel=\"canonical\" href=\"https:\/\/laredsocial-noticias.com\/wp\/urge-los-angeles-times-a-congreso-a-actuar-sobre-reforma-migratoria\/\" \/>\n<meta property=\"og:locale\" content=\"es_ES\" \/>\n<meta property=\"og:type\" content=\"article\" \/>\n<meta property=\"og:title\" content=\"Urge Los Angeles Times a congreso a actuar sobre reforma migratoria - NOTICIAS\" \/>\n<meta property=\"og:description\" content=\"LOS \u00c1NGELES, 24 de junio, (MOMENTO INFORMATIVO \/ C\u00cdRCULO DIGITAL).-\u00a0La resoluci\u00f3n de la Corte Suprema de Estados Unidos sobre las...\" \/>\n<meta property=\"og:url\" content=\"https:\/\/laredsocial-noticias.com\/wp\/urge-los-angeles-times-a-congreso-a-actuar-sobre-reforma-migratoria\/\" \/>\n<meta property=\"og:site_name\" content=\"NOTICIAS\" \/>\n<meta property=\"article:published_time\" content=\"2016-06-24T20:30:03+00:00\" \/>\n<meta name=\"author\" content=\"Editor en Jefe\" \/>\n<meta name=\"twitter:card\" content=\"summary_large_image\" \/>\n<meta name=\"twitter:label1\" content=\"Escrito por\" \/>\n\t<meta name=\"twitter:data1\" content=\"Editor en Jefe\" \/>\n\t<meta name=\"twitter:label2\" content=\"Tiempo de lectura\" \/>\n\t<meta name=\"twitter:data2\" content=\"2 minutos\" \/>\n<!-- \/ Yoast SEO plugin. -->","yoast_head_json":{"title":"Urge Los Angeles Times a congreso a actuar sobre reforma migratoria - NOTICIAS","robots":{"index":"index","follow":"follow","max-snippet":"max-snippet:-1","max-image-preview":"max-image-preview:large","max-video-preview":"max-video-preview:-1"},"canonical":"https:\/\/laredsocial-noticias.com\/wp\/urge-los-angeles-times-a-congreso-a-actuar-sobre-reforma-migratoria\/","og_locale":"es_ES","og_type":"article","og_title":"Urge Los Angeles Times a congreso a actuar sobre reforma migratoria - NOTICIAS","og_description":"LOS \u00c1NGELES, 24 de junio, (MOMENTO INFORMATIVO \/ C\u00cdRCULO DIGITAL).-\u00a0La resoluci\u00f3n de la Corte Suprema de Estados Unidos sobre las...","og_url":"https:\/\/laredsocial-noticias.com\/wp\/urge-los-angeles-times-a-congreso-a-actuar-sobre-reforma-migratoria\/","og_site_name":"NOTICIAS","article_published_time":"2016-06-24T20:30:03+00:00","author":"Editor en Jefe","twitter_card":"summary_large_image","twitter_misc":{"Escrito por":"Editor en Jefe","Tiempo de lectura":"2 minutos"},"schema":{"@context":"https:\/\/schema.org","@graph":[{"@type":"WebPage","@id":"https:\/\/laredsocial-noticias.com\/wp\/urge-los-angeles-times-a-congreso-a-actuar-sobre-reforma-migratoria\/","url":"https:\/\/laredsocial-noticias.com\/wp\/urge-los-angeles-times-a-congreso-a-actuar-sobre-reforma-migratoria\/","name":"Urge Los Angeles Times a congreso a actuar sobre reforma migratoria - NOTICIAS","isPartOf":{"@id":"https:\/\/laredsocial-noticias.com\/wp\/#website"},"datePublished":"2016-06-24T20:30:03+00:00","author":{"@id":"https:\/\/laredsocial-noticias.com\/wp\/#\/schema\/person\/0ce78643f2de7aae6f6ef10e8453a6e0"},"breadcrumb":{"@id":"https:\/\/laredsocial-noticias.com\/wp\/urge-los-angeles-times-a-congreso-a-actuar-sobre-reforma-migratoria\/#breadcrumb"},"inLanguage":"es","potentialAction":[{"@type":"ReadAction","target":["https:\/\/laredsocial-noticias.com\/wp\/urge-los-angeles-times-a-congreso-a-actuar-sobre-reforma-migratoria\/"]}]},{"@type":"BreadcrumbList","@id":"https:\/\/laredsocial-noticias.com\/wp\/urge-los-angeles-times-a-congreso-a-actuar-sobre-reforma-migratoria\/#breadcrumb","itemListElement":[{"@type":"ListItem","position":1,"name":"Portada","item":"https:\/\/laredsocial-noticias.com\/wp\/"},{"@type":"ListItem","position":2,"name":"Urge Los Angeles Times a congreso a actuar sobre reforma migratoria"}]},{"@type":"WebSite","@id":"https:\/\/laredsocial-noticias.com\/wp\/#website","url":"https:\/\/laredsocial-noticias.com\/wp\/","name":"NOTICIAS","description":"Lo que se ve y se dice en las redes sociales","potentialAction":[{"@type":"SearchAction","target":{"@type":"EntryPoint","urlTemplate":"https:\/\/laredsocial-noticias.com\/wp\/?s={search_term_string}"},"query-input":{"@type":"PropertyValueSpecification","valueRequired":true,"valueName":"search_term_string"}}],"inLanguage":"es"},{"@type":"Person","@id":"https:\/\/laredsocial-noticias.com\/wp\/#\/schema\/person\/0ce78643f2de7aae6f6ef10e8453a6e0","name":"Editor en Jefe","url":"https:\/\/laredsocial-noticias.com\/wp\/author\/jorgeochoa\/"}]}},"_links":{"self":[{"href":"https:\/\/laredsocial-noticias.com\/wp\/wp-json\/wp\/v2\/posts\/14594","targetHints":{"allow":["GET"]}}],"collection":[{"href":"https:\/\/laredsocial-noticias.com\/wp\/wp-json\/wp\/v2\/posts"}],"about":[{"href":"https:\/\/laredsocial-noticias.com\/wp\/wp-json\/wp\/v2\/types\/post"}],"author":[{"embeddable":true,"href":"https:\/\/laredsocial-noticias.com\/wp\/wp-json\/wp\/v2\/users\/1"}],"replies":[{"embeddable":true,"href":"https:\/\/laredsocial-noticias.com\/wp\/wp-json\/wp\/v2\/comments?post=14594"}],"version-history":[{"count":1,"href":"https:\/\/laredsocial-noticias.com\/wp\/wp-json\/wp\/v2\/posts\/14594\/revisions"}],"predecessor-version":[{"id":14595,"href":"https:\/\/laredsocial-noticias.com\/wp\/wp-json\/wp\/v2\/posts\/14594\/revisions\/14595"}],"wp:attachment":[{"href":"https:\/\/laredsocial-noticias.com\/wp\/wp-json\/wp\/v2\/media?parent=14594"}],"wp:term":[{"taxonomy":"category","embeddable":true,"href":"https:\/\/laredsocial-noticias.com\/wp\/wp-json\/wp\/v2\/categories?post=14594"},{"taxonomy":"post_tag","embeddable":true,"href":"https:\/\/laredsocial-noticias.com\/wp\/wp-json\/wp\/v2\/tags?post=14594"}],"curies":[{"name":"wp","href":"https:\/\/api.w.org\/{rel}","templated":true}]}}