{"id":146514,"date":"2021-04-26T00:05:36","date_gmt":"2021-04-26T05:05:36","guid":{"rendered":"https:\/\/laredsocial-noticias.com\/wp\/?p=146514"},"modified":"2021-04-27T10:15:11","modified_gmt":"2021-04-27T15:15:11","slug":"las-afectaciones-por-el-covid-19-al-transporte-y-la-movilidad-sus-retos-y-oportunidades-el-tema-del-12-cit-que-se-efectuara-los-dias-28-y-29","status":"publish","type":"post","link":"https:\/\/laredsocial-noticias.com\/wp\/las-afectaciones-por-el-covid-19-al-transporte-y-la-movilidad-sus-retos-y-oportunidades-el-tema-del-12-cit-que-se-efectuara-los-dias-28-y-29\/","title":{"rendered":"Las afectaciones por el Covid 19 al transporte y la movilidad; sus retos y oportunidades, el tema del 12 CIT que se efectuar\u00e1 los d\u00edas 28 y 29"},"content":{"rendered":"<p>Con un panel encabezado por la Ministra de Transporte y Telecomunicaciones de Chile, Gloria Hutt, quien ofrecer\u00e1 la conferencia magistral \u201cMovilidad del futuro: tecnolog\u00eda, segmentaci\u00f3n, integraci\u00f3n\u201d, iniciar\u00e1 este mi\u00e9rcoles 28 el 12\u00ba Congreso Internacional del Transporte (12 CIT), que organiza la Asociaci\u00f3n Mexicana de Transporte y Movilidad.<\/p>\n<p>El Congreso Internacional del Transporte (CIT), cuyo tema este a\u00f1o es la \u201cMovilidad de ma\u00f1ana, el reto de hoy\u201d, es un espacio donde expertos y autoridades nacionales e internacionales, proveedores, operadores e, incluso, usuarios del transporte p\u00fablico colectivo se dan la oportunidad para reflexionar juntos sobre temas esenciales de esta importante actividad humana, como es el transporte y la movilidad en nuestras ciudades, adem\u00e1s de su incidencia en la econom\u00eda, el medio ambiente y, ahora, el impacto que a cada uno de los distintos sectores les ha generado la pandemia por el Covid-19.<\/p>\n<p>El 12\u00ba Congreso Internacional del Transporte (12 CIT) se dividir\u00e1 en dos jornadas, la primera el mi\u00e9rcoles 28 con cinco mesas de di\u00e1logo y dos conferencias magistrales, una de la Ministra de Transporte y Telecomunicaciones de Chile, Gloria Hutt, y la otra de Arturo Ardila-G\u00f3mez, economista principal de Transporte y l\u00edder de movilidad urbana del Banco Mundial, quien tocar\u00e1 el tema del \u201cTransporte urbano en la post pandemia: escenarios para el transporte sostenible y el uso del suelo\u201d.<\/p>\n<p>En los p\u00e1neles internacionales, Ang\u00e9lica Castro, directora Internacional en Transconsult de Colombia; \u00c1ngel Molinero Molinero, director General de Urbanismo y Sistemas de Transporte (USTRAN) de M\u00e9xico, Juli\u00e1n Sastre Gonz\u00e1lez, director de la Consultora ALOMON y Presidente del Instituto de Movilidad de Espa\u00f1a, conversar\u00e1n sobre Redise\u00f1o de la Movilidad para un nuevo futuro, moderados por Claudio Varano, CEO de Arintech, de Argentina.<\/p>\n<p>\u201cEl transporte en Am\u00e9rica Latina y el impacto de la pandemia por Covid-19\u201d es el tema del que platicar\u00e1n Eva Jokanovich, secretaria de Movilidad de Rosario, Argentina; Diego Monraz Villase\u00f1or, secretario de Transporte del Estado de Jalisco y Levi dos Santos Oliveira, secretario de Movilidad y Transporte de Sao Paulo, moderados por Sergio Avelleda, director de Movilidad Urbana del World Resources Institute (WRI).<\/p>\n<p>Sobre \u201cEducaci\u00f3n e investigaci\u00f3n clave para la construcci\u00f3n de soluciones en la movilidad\u201d disertar\u00e1n Juan Carlos Mu\u00f1oz, director del Centro de Desarrollo Urbano Sustentable CEDEUS, de Chile y los mexicanos Mario Ram\u00f3n Silva Rodr\u00edguez, profesor investigador de la maestr\u00eda y doctorado en Movilidad Urbana, Transporte y Territorio de la Universidad de Guadalajara (UdG); Joel Ahumada Vargas, profesor investigador de la UPIICSA-IPN, quienes tendr\u00e1n la moderaci\u00f3n de Javier Hern\u00e1ndez, profesor investigador de la UPIICSA-IPN.<\/p>\n<p>\u201cLos nuevos modelos de negocio y esquemas de financiamiento\u201d ser\u00e1 un tema tratado por Orlando Meneses de Head of E-Mobility Chile at Enel X; Carlos Botello, director para M\u00e9xico en Ascendal Group; Flavio Chevis, director de ADDAX de Brasil, quien contar\u00e1n con la moderaci\u00f3n del mexicano Abel L\u00f3pez Dodero, specialista en Transporte del Banco Mundial.<\/p>\n<p>En una mesa colombiana, Elkin Vel\u00e1squez Monsalve, Director de la Oficina Regional para el Caribe y Am\u00e9rica Latina de ONU-Habitat; Martha Luc\u00eda Guti\u00e9rrez Echeverri, secretaria Ejecutiva de Red Sistemas Integrados de Movilidad Urbana Sustentable (SIMUS) y Fernando P\u00e1ez Mendieta, director de Movilidad de World Resources Institute M\u00e9xico (WRI), tratar\u00e1n el tema \u201cLa planeaci\u00f3n urbana como garante de las soluciones de movilidad: La ciudad de 15 minutos\u201d, con la moderaci\u00f3n de Alberto Mar\u00edn Fern\u00e1ndez, director General de Red Planners, de Espa\u00f1a.<\/p>\n<p>En asuntos de innovaci\u00f3n y desarrollo como \u201cLa electromovilidad en el transporte p\u00fablico\u201d, ser\u00e1n tocados por Felipe Ram\u00edrez Buitrago, gerente General de TransMilenio de Colombia; H\u00e9ctor Moya, director en Buses Metropolitana METBUS de Chile; Ana P\u00e9rez del Olmo, responsable del \u00c1rea de Consultor\u00eda, EMT Madrid de Espa\u00f1a y como moderador estar\u00e1 Esteban Berm\u00fadez Forn, coordinador de Movilidad El\u00e9ctrica (MOVE) en Am\u00e9rica Latina y el Caribe del Programa de las Naciones Unidas para el Medio Ambiente (PNUMA), de Costa Rica.<\/p>\n<p>La agenda para el jueves 29 tendr\u00e1 el mismo formato con dos conferencias magistrales y seis mesas de di\u00e1logo: A primera hora el estadounidense Rodolfo Guzm\u00e1n, socio Gerente para las Am\u00e9ricas de Arthur D. Little, disertar\u00e1 sobre \u201cEl futuro de la movilidad post COVID-19\u201d y m\u00e1s adelante, su compatriota Paola Realpozo, vicepresidenta de Trapeze Group Am\u00e9ricas, comentar\u00e1 sobre \u201cLa perspectiva norteamericana sobre el cambio y adaptaci\u00f3n en la industria del transporte p\u00fablico\u201d.<\/p>\n<p>En la mesa de di\u00e1logo \u201cLa innovaci\u00f3n como factor fundamental en las soluciones de movilidad\u201d participar\u00e1n Vicente Torres, director de Asuntos P\u00fablicos de Urbvan Transit, de M\u00e9xico; Milena Braga Romano, directora Ejecutiva de BR7 Mobilidade, de Brasil y Ronen Avraham, gerente para Latinoam\u00e9rica de Optibus, de Israel, con la moderaci\u00f3n de V\u00edctor Manuel Cos\u00edo S\u00e1nchez, CEO y Cofundador de BUSSI, de M\u00e9xico.<\/p>\n<p>En una mesa netamente mexicana, sobre el \u201cTransporte, medio ambiente y salud\u201d les tocar\u00e1 dar sus puntos de vista a Jorge Villarreal Padilla, director de Pol\u00edtica Clim\u00e1tica de la Iniciativa Clim\u00e1tica de M\u00e9xico (ICM); Arturo Cervantes Trejo, presidente de la Alianza Nacional de la Seguridad Vial (ANASEVI); Bernardo Baranda Sep\u00falveda, director de Latinoam\u00e9rica del Instituto de Pol\u00edticas para el Transporte y el Desarrollo (ITDP) con la moderaci\u00f3n de Adriana Lobo, directora Ejecutiva de World Resources Institute M\u00e9xico WRI.<\/p>\n<p>Sobre \u201cLas necesidades de los usuarios, Comunicaci\u00f3n y Marketing clave para la recuperaci\u00f3n del sector\u201d platicar\u00e1n Roberto Sganzerla, especialista en Marketing \u2013 Consulting y Valeska Peres Pinto, coordinador del Programa de Buenas Pr\u00e1cticas &#8211; UITP LAD, de Brasil y Laura Andrea Salazar Correa, comunicadora social, especialista en Estudios Pol\u00edticos, mexicana, quienes ser\u00e1n moderados por el tambi\u00e9n local Eugenio de la Cruz, cordinador de Comunicaci\u00f3n de la Asociaci\u00f3n Mexicana de Transporte y Movilidad AMTM.<\/p>\n<p>En relaci\u00f3n con la \u201cTransici\u00f3n hacia una movilidad limpia\u201d, el conocimiento lo aportar\u00e1n Sebasti\u00e1n Pesado, CEO y Office Coordinator en Mercedes Benz Autobuses M\u00e9xico; Carlos Acosta, Gerente Regional Zona Centro, VOLVO Buses M\u00e9xico, Jorge Navarro, director Comercial y Servicios de Scania Autobuses, de Chile y Ediltron Temporal Gomes, director de Sunwin Bus Corporation para Lat\u00edn Am\u00e9rica de Brasil, moderados por Miguel Elizalde Liz\u00e1rraga, presidente Ejecutivo de la Asociaci\u00f3n Nacional de Productores de Autobuses y Tractocamiones (ANPACT) de M\u00e9xico.<\/p>\n<p>En la mesa \u201cLa equidad de g\u00e9nero en la movilidad\u201d, concurrir\u00e1n Cecilia Anette Ram\u00edrez Valenzuela, candidata de Maestr\u00eda en Pol\u00edticas P\u00fablicas por la Universidad de California Los \u00c1ngeles, de los Estados Unidos, y las mexicanas Laura Ballesteros Mancilla, secretaria Global de Women in Motion; Karla Dom\u00ednguez Gonz\u00e1lez, especialista en G\u00e9nero del Banco Mundial; Cecilia Anette Ram\u00edrez Valenzuela, candidata de Maestr\u00eda en Pol\u00edticas P\u00fablicas por la Universidad de California Los \u00c1ngeles, y como moderadora, Maite Ramos G\u00f3mez, directora de Alstom M\u00e9xico.<\/p>\n<p>Finalmente, para hablar sobre \u201cLa recuperaci\u00f3n del sector transporte, retos y oportunidades\u201d, estar\u00e1n de manera virtual Jes\u00fas Padilla Zenteno, presidente del Corredor Insurgentes (CISA), de M\u00e9xico y Fundador de la Asociaci\u00f3n Mexicana de Transporte y Movilidad (AMTM); Eleonora Pazos, jefa de la Oficina de Am\u00e9rica Latina de la Uni\u00f3n Internacional de Transporte P\u00fablico (UITP) de Argentina y Felipe Targa, especialista Senior de Transporte Urbano del Banco Mundial, de Colombia, quienes tendr\u00e1n la moderaci\u00f3n del actual presidente de la AMTM, Nicol\u00e1s Rosales Pallares.<\/p>\n","protected":false},"excerpt":{"rendered":"<p>Con un panel encabezado por la Ministra de Transporte y Telecomunicaciones de Chile, Gloria Hutt, quien ofrecer\u00e1 la conferencia magistral&#8230;<\/p>\n","protected":false},"author":1,"featured_media":0,"comment_status":"open","ping_status":"closed","sticky":false,"template":"","format":"standard","meta":{"footnotes":""},"categories":[10707,10722],"tags":[],"class_list":["post-146514","post","type-post","status-publish","format-standard","hentry","category-tendencia","category-tendencias"],"yoast_head":"<!-- This site is optimized with the Yoast SEO plugin v26.5 - https:\/\/yoast.com\/wordpress\/plugins\/seo\/ -->\n<title>Las afectaciones por el Covid 19 al transporte y la movilidad; sus retos y oportunidades, el tema del 12 CIT que se efectuar\u00e1 los d\u00edas 28 y 29 - NOTICIAS<\/title>\n<meta name=\"robots\" content=\"index, follow, max-snippet:-1, max-image-preview:large, max-video-preview:-1\" \/>\n<link rel=\"canonical\" href=\"https:\/\/laredsocial-noticias.com\/wp\/las-afectaciones-por-el-covid-19-al-transporte-y-la-movilidad-sus-retos-y-oportunidades-el-tema-del-12-cit-que-se-efectuara-los-dias-28-y-29\/\" \/>\n<meta property=\"og:locale\" content=\"es_ES\" \/>\n<meta property=\"og:type\" content=\"article\" \/>\n<meta property=\"og:title\" content=\"Las afectaciones por el Covid 19 al transporte y la movilidad; sus retos y oportunidades, el tema del 12 CIT que se efectuar\u00e1 los d\u00edas 28 y 29 - NOTICIAS\" \/>\n<meta property=\"og:description\" content=\"Con un panel encabezado por la Ministra de Transporte y Telecomunicaciones de Chile, Gloria Hutt, quien ofrecer\u00e1 la conferencia magistral...\" \/>\n<meta property=\"og:url\" content=\"https:\/\/laredsocial-noticias.com\/wp\/las-afectaciones-por-el-covid-19-al-transporte-y-la-movilidad-sus-retos-y-oportunidades-el-tema-del-12-cit-que-se-efectuara-los-dias-28-y-29\/\" \/>\n<meta property=\"og:site_name\" content=\"NOTICIAS\" \/>\n<meta property=\"article:published_time\" content=\"2021-04-26T05:05:36+00:00\" \/>\n<meta property=\"article:modified_time\" content=\"2021-04-27T15:15:11+00:00\" \/>\n<meta property=\"og:image\" content=\"https:\/\/laredsocial-noticias.com\/wp\/wp-content\/uploads\/2021\/04\/Screen-Shot-2021-04-27-at-10.14.04.png\" \/>\n\t<meta property=\"og:image:width\" content=\"1343\" \/>\n\t<meta property=\"og:image:height\" content=\"759\" \/>\n\t<meta property=\"og:image:type\" content=\"image\/png\" \/>\n<meta name=\"author\" content=\"Editor en Jefe\" \/>\n<meta name=\"twitter:card\" content=\"summary_large_image\" \/>\n<meta name=\"twitter:label1\" content=\"Escrito por\" \/>\n\t<meta name=\"twitter:data1\" content=\"Editor en Jefe\" \/>\n\t<meta name=\"twitter:label2\" content=\"Tiempo de lectura\" \/>\n\t<meta name=\"twitter:data2\" content=\"6 minutos\" \/>\n<!-- \/ Yoast SEO plugin. -->","yoast_head_json":{"title":"Las afectaciones por el Covid 19 al transporte y la movilidad; sus retos y oportunidades, el tema del 12 CIT que se efectuar\u00e1 los d\u00edas 28 y 29 - NOTICIAS","robots":{"index":"index","follow":"follow","max-snippet":"max-snippet:-1","max-image-preview":"max-image-preview:large","max-video-preview":"max-video-preview:-1"},"canonical":"https:\/\/laredsocial-noticias.com\/wp\/las-afectaciones-por-el-covid-19-al-transporte-y-la-movilidad-sus-retos-y-oportunidades-el-tema-del-12-cit-que-se-efectuara-los-dias-28-y-29\/","og_locale":"es_ES","og_type":"article","og_title":"Las afectaciones por el Covid 19 al transporte y la movilidad; sus retos y oportunidades, el tema del 12 CIT que se efectuar\u00e1 los d\u00edas 28 y 29 - NOTICIAS","og_description":"Con un panel encabezado por la Ministra de Transporte y Telecomunicaciones de Chile, Gloria Hutt, quien ofrecer\u00e1 la conferencia magistral...","og_url":"https:\/\/laredsocial-noticias.com\/wp\/las-afectaciones-por-el-covid-19-al-transporte-y-la-movilidad-sus-retos-y-oportunidades-el-tema-del-12-cit-que-se-efectuara-los-dias-28-y-29\/","og_site_name":"NOTICIAS","article_published_time":"2021-04-26T05:05:36+00:00","article_modified_time":"2021-04-27T15:15:11+00:00","og_image":[{"width":1343,"height":759,"url":"https:\/\/laredsocial-noticias.com\/wp\/wp-content\/uploads\/2021\/04\/Screen-Shot-2021-04-27-at-10.14.04.png","type":"image\/png"}],"author":"Editor en Jefe","twitter_card":"summary_large_image","twitter_misc":{"Escrito por":"Editor en Jefe","Tiempo de lectura":"6 minutos"},"schema":{"@context":"https:\/\/schema.org","@graph":[{"@type":"WebPage","@id":"https:\/\/laredsocial-noticias.com\/wp\/las-afectaciones-por-el-covid-19-al-transporte-y-la-movilidad-sus-retos-y-oportunidades-el-tema-del-12-cit-que-se-efectuara-los-dias-28-y-29\/","url":"https:\/\/laredsocial-noticias.com\/wp\/las-afectaciones-por-el-covid-19-al-transporte-y-la-movilidad-sus-retos-y-oportunidades-el-tema-del-12-cit-que-se-efectuara-los-dias-28-y-29\/","name":"Las afectaciones por el Covid 19 al transporte y la movilidad; sus retos y oportunidades, el tema del 12 CIT que se efectuar\u00e1 los d\u00edas 28 y 29 - NOTICIAS","isPartOf":{"@id":"https:\/\/laredsocial-noticias.com\/wp\/#website"},"datePublished":"2021-04-26T05:05:36+00:00","dateModified":"2021-04-27T15:15:11+00:00","author":{"@id":"https:\/\/laredsocial-noticias.com\/wp\/#\/schema\/person\/0ce78643f2de7aae6f6ef10e8453a6e0"},"breadcrumb":{"@id":"https:\/\/laredsocial-noticias.com\/wp\/las-afectaciones-por-el-covid-19-al-transporte-y-la-movilidad-sus-retos-y-oportunidades-el-tema-del-12-cit-que-se-efectuara-los-dias-28-y-29\/#breadcrumb"},"inLanguage":"es","potentialAction":[{"@type":"ReadAction","target":["https:\/\/laredsocial-noticias.com\/wp\/las-afectaciones-por-el-covid-19-al-transporte-y-la-movilidad-sus-retos-y-oportunidades-el-tema-del-12-cit-que-se-efectuara-los-dias-28-y-29\/"]}]},{"@type":"BreadcrumbList","@id":"https:\/\/laredsocial-noticias.com\/wp\/las-afectaciones-por-el-covid-19-al-transporte-y-la-movilidad-sus-retos-y-oportunidades-el-tema-del-12-cit-que-se-efectuara-los-dias-28-y-29\/#breadcrumb","itemListElement":[{"@type":"ListItem","position":1,"name":"Portada","item":"https:\/\/laredsocial-noticias.com\/wp\/"},{"@type":"ListItem","position":2,"name":"Las afectaciones por el Covid 19 al transporte y la movilidad; sus retos y oportunidades, el tema del 12 CIT que se efectuar\u00e1 los d\u00edas 28 y 29"}]},{"@type":"WebSite","@id":"https:\/\/laredsocial-noticias.com\/wp\/#website","url":"https:\/\/laredsocial-noticias.com\/wp\/","name":"NOTICIAS","description":"Lo que se ve y se dice en las redes sociales","potentialAction":[{"@type":"SearchAction","target":{"@type":"EntryPoint","urlTemplate":"https:\/\/laredsocial-noticias.com\/wp\/?s={search_term_string}"},"query-input":{"@type":"PropertyValueSpecification","valueRequired":true,"valueName":"search_term_string"}}],"inLanguage":"es"},{"@type":"Person","@id":"https:\/\/laredsocial-noticias.com\/wp\/#\/schema\/person\/0ce78643f2de7aae6f6ef10e8453a6e0","name":"Editor en Jefe","url":"https:\/\/laredsocial-noticias.com\/wp\/author\/jorgeochoa\/"}]}},"_links":{"self":[{"href":"https:\/\/laredsocial-noticias.com\/wp\/wp-json\/wp\/v2\/posts\/146514","targetHints":{"allow":["GET"]}}],"collection":[{"href":"https:\/\/laredsocial-noticias.com\/wp\/wp-json\/wp\/v2\/posts"}],"about":[{"href":"https:\/\/laredsocial-noticias.com\/wp\/wp-json\/wp\/v2\/types\/post"}],"author":[{"embeddable":true,"href":"https:\/\/laredsocial-noticias.com\/wp\/wp-json\/wp\/v2\/users\/1"}],"replies":[{"embeddable":true,"href":"https:\/\/laredsocial-noticias.com\/wp\/wp-json\/wp\/v2\/comments?post=146514"}],"version-history":[{"count":1,"href":"https:\/\/laredsocial-noticias.com\/wp\/wp-json\/wp\/v2\/posts\/146514\/revisions"}],"predecessor-version":[{"id":146515,"href":"https:\/\/laredsocial-noticias.com\/wp\/wp-json\/wp\/v2\/posts\/146514\/revisions\/146515"}],"wp:attachment":[{"href":"https:\/\/laredsocial-noticias.com\/wp\/wp-json\/wp\/v2\/media?parent=146514"}],"wp:term":[{"taxonomy":"category","embeddable":true,"href":"https:\/\/laredsocial-noticias.com\/wp\/wp-json\/wp\/v2\/categories?post=146514"},{"taxonomy":"post_tag","embeddable":true,"href":"https:\/\/laredsocial-noticias.com\/wp\/wp-json\/wp\/v2\/tags?post=146514"}],"curies":[{"name":"wp","href":"https:\/\/api.w.org\/{rel}","templated":true}]}}