{"id":146857,"date":"2021-05-03T13:08:09","date_gmt":"2021-05-03T18:08:09","guid":{"rendered":"https:\/\/laredsocial-noticias.com\/wp\/?p=146857"},"modified":"2021-05-03T13:08:11","modified_gmt":"2021-05-03T18:08:11","slug":"si-en-esta-eleccion-fallamos-se-acabo-la-democracia-advierte-anaya","status":"publish","type":"post","link":"https:\/\/laredsocial-noticias.com\/wp\/si-en-esta-eleccion-fallamos-se-acabo-la-democracia-advierte-anaya\/","title":{"rendered":"\u201cSi en esta elecci\u00f3n fallamos, se acab\u00f3 la democracia\u201d, advierte Anaya"},"content":{"rendered":"<p>Ricardo Anaya, excandidato a la presidencia de la Rep\u00fablica, hizo un llamado a los mexicanos para que salgan a votar en las pr\u00f3ximas elecciones y con ello evitar que el presidente Andr\u00e9s Manuel L\u00f3pez Obrador y Morena acaben con la democracia.<\/p>\n<p>A trav\u00e9s de un video posteado en sus redes sociales, Anaya Cort\u00e9s se\u00f1ala que hay un gran riesgo de que el Presidente y el partido en el poder cambien la Constituci\u00f3n para desaparecer al Instituto Nacional Electoral (INE).<\/p>\n<p>\u201c<em>Si en esta elecci\u00f3n fallamos, se acab\u00f3 la democracia que tenemos. Ya lo dijo: si Morena obtiene la mayor\u00eda necesaria L\u00f3pez Obrador va desaparecer al INE, y va tomar el control de las elecciones y eso implica que tu pierdas libertad y el poder de tu voto, yo creo que ni quienes votaron por \u00e9l quieren que eso pase<\/em>\u201d, se\u00f1al\u00f3.<\/p>\n<p>Anaya se\u00f1al\u00f3 que AMLO anda muy enojado porque el \u00f3rgano electoral ech\u00f3 atr\u00e1s la candidatura de F\u00e9lix Salgado Macedonio, por lo que ha dejado sus intenciones al descubierto y ahora piensa tomar el control de las elecciones.<\/p>\n<p>Anaya tambi\u00e9n destaca en el clio que el gobierno del morenista ha sido un desastre y, por lo mismo, el titular del Ejecutivo Federal tiene miedo a perder las elecciones.<\/p>\n<p>Anaya precis\u00f3 que AMLO buscar\u00e1 primero tomar el control del Poder Judicial\u00a0 a trav\u00e9s del Consejo de la Judicatura Federal (CJF), luego desaparecer al INE y adjudicar esas funciones al Poder Judicial.<\/p>\n<p>Subray\u00f3 que ahora hay 13 millones de personas m\u00e1s en la pobreza, cientos de miles de muertos debido a la pandemia de coronavirus y tambi\u00e9n se vivi\u00f3 la peor crisis econ\u00f3mica en 80 a\u00f1os.<\/p>\n<p>\u201c\u00bfSabes qui\u00e9n es el \u00fanico que puede detenerlo? T\u00fa, t\u00fa, t\u00fa, s\u00ed sales a votar\u201d, insta a los ciudadanos.<\/p>\n","protected":false},"excerpt":{"rendered":"<p>Ricardo Anaya, excandidato a la presidencia de la Rep\u00fablica, hizo un llamado a los mexicanos para que salgan a votar&#8230;<\/p>\n","protected":false},"author":1,"featured_media":0,"comment_status":"open","ping_status":"closed","sticky":false,"template":"","format":"standard","meta":{"footnotes":""},"categories":[78,1726,2801,6026,11297],"tags":[4959,77],"class_list":["post-146857","post","type-post","status-publish","format-standard","hentry","category-nacional","category-nacionales","category-politica","category-portada","category-principales","tag-featured","tag-principal"],"yoast_head":"<!-- This site is optimized with the Yoast SEO plugin v26.5 - https:\/\/yoast.com\/wordpress\/plugins\/seo\/ -->\n<title>\u201cSi en esta elecci\u00f3n fallamos, se acab\u00f3 la democracia\u201d, advierte Anaya - NOTICIAS<\/title>\n<meta name=\"robots\" content=\"index, follow, max-snippet:-1, max-image-preview:large, max-video-preview:-1\" \/>\n<link rel=\"canonical\" href=\"https:\/\/laredsocial-noticias.com\/wp\/si-en-esta-eleccion-fallamos-se-acabo-la-democracia-advierte-anaya\/\" \/>\n<meta property=\"og:locale\" content=\"es_ES\" \/>\n<meta property=\"og:type\" content=\"article\" \/>\n<meta property=\"og:title\" content=\"\u201cSi en esta elecci\u00f3n fallamos, se acab\u00f3 la democracia\u201d, advierte Anaya - NOTICIAS\" \/>\n<meta property=\"og:description\" content=\"Ricardo Anaya, excandidato a la presidencia de la Rep\u00fablica, hizo un llamado a los mexicanos para que salgan a votar...\" \/>\n<meta property=\"og:url\" content=\"https:\/\/laredsocial-noticias.com\/wp\/si-en-esta-eleccion-fallamos-se-acabo-la-democracia-advierte-anaya\/\" \/>\n<meta property=\"og:site_name\" content=\"NOTICIAS\" \/>\n<meta property=\"article:published_time\" content=\"2021-05-03T18:08:09+00:00\" \/>\n<meta property=\"article:modified_time\" content=\"2021-05-03T18:08:11+00:00\" \/>\n<meta name=\"author\" content=\"Editor en Jefe\" \/>\n<meta name=\"twitter:card\" content=\"summary_large_image\" \/>\n<meta name=\"twitter:label1\" content=\"Escrito por\" \/>\n\t<meta name=\"twitter:data1\" content=\"Editor en Jefe\" \/>\n\t<meta name=\"twitter:label2\" content=\"Tiempo de lectura\" \/>\n\t<meta name=\"twitter:data2\" content=\"2 minutos\" \/>\n<!-- \/ Yoast SEO plugin. -->","yoast_head_json":{"title":"\u201cSi en esta elecci\u00f3n fallamos, se acab\u00f3 la democracia\u201d, advierte Anaya - NOTICIAS","robots":{"index":"index","follow":"follow","max-snippet":"max-snippet:-1","max-image-preview":"max-image-preview:large","max-video-preview":"max-video-preview:-1"},"canonical":"https:\/\/laredsocial-noticias.com\/wp\/si-en-esta-eleccion-fallamos-se-acabo-la-democracia-advierte-anaya\/","og_locale":"es_ES","og_type":"article","og_title":"\u201cSi en esta elecci\u00f3n fallamos, se acab\u00f3 la democracia\u201d, advierte Anaya - NOTICIAS","og_description":"Ricardo Anaya, excandidato a la presidencia de la Rep\u00fablica, hizo un llamado a los mexicanos para que salgan a votar...","og_url":"https:\/\/laredsocial-noticias.com\/wp\/si-en-esta-eleccion-fallamos-se-acabo-la-democracia-advierte-anaya\/","og_site_name":"NOTICIAS","article_published_time":"2021-05-03T18:08:09+00:00","article_modified_time":"2021-05-03T18:08:11+00:00","author":"Editor en Jefe","twitter_card":"summary_large_image","twitter_misc":{"Escrito por":"Editor en Jefe","Tiempo de lectura":"2 minutos"},"schema":{"@context":"https:\/\/schema.org","@graph":[{"@type":"WebPage","@id":"https:\/\/laredsocial-noticias.com\/wp\/si-en-esta-eleccion-fallamos-se-acabo-la-democracia-advierte-anaya\/","url":"https:\/\/laredsocial-noticias.com\/wp\/si-en-esta-eleccion-fallamos-se-acabo-la-democracia-advierte-anaya\/","name":"\u201cSi en esta elecci\u00f3n fallamos, se acab\u00f3 la democracia\u201d, advierte Anaya - NOTICIAS","isPartOf":{"@id":"https:\/\/laredsocial-noticias.com\/wp\/#website"},"datePublished":"2021-05-03T18:08:09+00:00","dateModified":"2021-05-03T18:08:11+00:00","author":{"@id":"https:\/\/laredsocial-noticias.com\/wp\/#\/schema\/person\/0ce78643f2de7aae6f6ef10e8453a6e0"},"breadcrumb":{"@id":"https:\/\/laredsocial-noticias.com\/wp\/si-en-esta-eleccion-fallamos-se-acabo-la-democracia-advierte-anaya\/#breadcrumb"},"inLanguage":"es","potentialAction":[{"@type":"ReadAction","target":["https:\/\/laredsocial-noticias.com\/wp\/si-en-esta-eleccion-fallamos-se-acabo-la-democracia-advierte-anaya\/"]}]},{"@type":"BreadcrumbList","@id":"https:\/\/laredsocial-noticias.com\/wp\/si-en-esta-eleccion-fallamos-se-acabo-la-democracia-advierte-anaya\/#breadcrumb","itemListElement":[{"@type":"ListItem","position":1,"name":"Portada","item":"https:\/\/laredsocial-noticias.com\/wp\/"},{"@type":"ListItem","position":2,"name":"\u201cSi en esta elecci\u00f3n fallamos, se acab\u00f3 la democracia\u201d, advierte Anaya"}]},{"@type":"WebSite","@id":"https:\/\/laredsocial-noticias.com\/wp\/#website","url":"https:\/\/laredsocial-noticias.com\/wp\/","name":"NOTICIAS","description":"Lo que se ve y se dice en las redes sociales","potentialAction":[{"@type":"SearchAction","target":{"@type":"EntryPoint","urlTemplate":"https:\/\/laredsocial-noticias.com\/wp\/?s={search_term_string}"},"query-input":{"@type":"PropertyValueSpecification","valueRequired":true,"valueName":"search_term_string"}}],"inLanguage":"es"},{"@type":"Person","@id":"https:\/\/laredsocial-noticias.com\/wp\/#\/schema\/person\/0ce78643f2de7aae6f6ef10e8453a6e0","name":"Editor en Jefe","url":"https:\/\/laredsocial-noticias.com\/wp\/author\/jorgeochoa\/"}]}},"_links":{"self":[{"href":"https:\/\/laredsocial-noticias.com\/wp\/wp-json\/wp\/v2\/posts\/146857","targetHints":{"allow":["GET"]}}],"collection":[{"href":"https:\/\/laredsocial-noticias.com\/wp\/wp-json\/wp\/v2\/posts"}],"about":[{"href":"https:\/\/laredsocial-noticias.com\/wp\/wp-json\/wp\/v2\/types\/post"}],"author":[{"embeddable":true,"href":"https:\/\/laredsocial-noticias.com\/wp\/wp-json\/wp\/v2\/users\/1"}],"replies":[{"embeddable":true,"href":"https:\/\/laredsocial-noticias.com\/wp\/wp-json\/wp\/v2\/comments?post=146857"}],"version-history":[{"count":1,"href":"https:\/\/laredsocial-noticias.com\/wp\/wp-json\/wp\/v2\/posts\/146857\/revisions"}],"predecessor-version":[{"id":146858,"href":"https:\/\/laredsocial-noticias.com\/wp\/wp-json\/wp\/v2\/posts\/146857\/revisions\/146858"}],"wp:attachment":[{"href":"https:\/\/laredsocial-noticias.com\/wp\/wp-json\/wp\/v2\/media?parent=146857"}],"wp:term":[{"taxonomy":"category","embeddable":true,"href":"https:\/\/laredsocial-noticias.com\/wp\/wp-json\/wp\/v2\/categories?post=146857"},{"taxonomy":"post_tag","embeddable":true,"href":"https:\/\/laredsocial-noticias.com\/wp\/wp-json\/wp\/v2\/tags?post=146857"}],"curies":[{"name":"wp","href":"https:\/\/api.w.org\/{rel}","templated":true}]}}