{"id":150040,"date":"2021-07-15T09:37:41","date_gmt":"2021-07-15T14:37:41","guid":{"rendered":"https:\/\/laredsocial-noticias.com\/wp\/?p=150040"},"modified":"2021-07-15T09:41:54","modified_gmt":"2021-07-15T14:41:54","slug":"crea-amlo-agencia-nacional-de-aduanas-controlada-por-fuerzas-armadas","status":"publish","type":"post","link":"https:\/\/laredsocial-noticias.com\/wp\/crea-amlo-agencia-nacional-de-aduanas-controlada-por-fuerzas-armadas\/","title":{"rendered":"Crea AMLO Agencia Nacional de Aduanas, controlada por Fuerzas Armadas"},"content":{"rendered":"<p>El gobierno de la rep\u00fablica dio a conocer esta semana, a trav\u00e9s del Diario Oficial, la creaci\u00f3n de la Agencia Nacional de Aduanas de M\u00e9xico que estar\u00e1 controlada fundamentalmente por el Ej\u00e9rcito y la Marina.<\/p>\n<p>En su conferencia matutina, el presidente L\u00f3pez Obrador asegur\u00f3 que ser\u00e1n las fuerzas armadas las que se encarguen de la operaci\u00f3n en las aduanas terrestres, y dijo que el objetivo es fortalecerlas.<\/p>\n<p>&#8220;En lo operativo van a hacer las fuerzas armadas los responsables de la administraci\u00f3n de las aduanas porque hay problemas de contrabando, de combustibles, y desde luego entrada de armas, fentanilo, y necesitamos poner orden en todo lo relacionado con las aduanas. No se admiten a recomendados\u201d.<\/p>\n<p>Asegur\u00f3 que la decisi\u00f3n es para poner orden en esos espacios donde \u2013dijo\u2013predominaba la corrupci\u00f3n, el contrabando y el ingreso de sustancias prohibidas.<\/p>\n<p>\u201cTenemos que combatir el contrabando, seguir combatiendo el contrabando, la introducci\u00f3n de drogas, la evasi\u00f3n fiscal y limpiar todas las aduanas del pa\u00eds, por eso la decisi\u00f3n que tom\u00e9 de crear esta agencia que va a actuar en coordinaci\u00f3n con el SAT, desde luego depende de la Secretar\u00eda de Hacienda\u201d.<\/p>\n<p>En la edici\u00f3n vespertina del Diario Oficial de la Federaci\u00f3n se public\u00f3 el decreto por el que se crea la Agencia Nacional de Aduanas de M\u00e9xico como un \u00f3rgano administrativo desconcentrado de la Secretar\u00eda de Hacienda y Cr\u00e9dito P\u00fablico. Con esta decisi\u00f3n, se les retir\u00f3 las funciones aduaneras al Servicio de Administraci\u00f3n Tributaria (SAT).<\/p>\n<p>\u201cLa Agencia Nacional de Aduanas de M\u00e9xico tiene por objeto organizar y dirigir los servicios aduanales y de inspecci\u00f3n, para aplicar y asegurar el cumplimiento de las normas jur\u00eddicas que regulan la entrada y salida de mercanc\u00edas del territorio nacional, as\u00ed como las relativas al cobro de las contribuciones y aprovechamientos aplicables a las operaciones de comercio exterior\u201d, establece el decreto.<\/p>\n<p>&nbsp;<\/p>\n<div style=\"width: 740px;\" class=\"wp-video\"><video class=\"wp-video-shortcode\" id=\"video-150040-1\" width=\"740\" height=\"419\" preload=\"metadata\" controls=\"controls\"><source type=\"video\/mp4\" src=\"https:\/\/laredsocial-noticias.com\/wp\/wp-content\/uploads\/2021\/07\/aced8cc2-a5e4-46f1-87ed-f8ed3135ba5b.mp4?_=1\" \/><a href=\"https:\/\/laredsocial-noticias.com\/wp\/wp-content\/uploads\/2021\/07\/aced8cc2-a5e4-46f1-87ed-f8ed3135ba5b.mp4\">https:\/\/laredsocial-noticias.com\/wp\/wp-content\/uploads\/2021\/07\/aced8cc2-a5e4-46f1-87ed-f8ed3135ba5b.mp4<\/a><\/video><\/div>\n","protected":false},"excerpt":{"rendered":"<p>El gobierno de la rep\u00fablica dio a conocer esta semana, a trav\u00e9s del Diario Oficial, la creaci\u00f3n de la Agencia&#8230;<\/p>\n","protected":false},"author":1,"featured_media":0,"comment_status":"closed","ping_status":"closed","sticky":false,"template":"","format":"standard","meta":{"footnotes":""},"categories":[2423,2811,399,28],"tags":[],"class_list":["post-150040","post","type-post","status-publish","format-standard","hentry","category-crimen-organizado","category-economia","category-gobierno-de-la-republica","category-gobierno-federal"],"yoast_head":"<!-- This site is optimized with the Yoast SEO plugin v26.5 - https:\/\/yoast.com\/wordpress\/plugins\/seo\/ -->\n<title>Crea AMLO Agencia Nacional de Aduanas, controlada por Fuerzas Armadas - NOTICIAS<\/title>\n<meta name=\"robots\" content=\"index, follow, max-snippet:-1, max-image-preview:large, max-video-preview:-1\" \/>\n<link rel=\"canonical\" href=\"https:\/\/laredsocial-noticias.com\/wp\/crea-amlo-agencia-nacional-de-aduanas-controlada-por-fuerzas-armadas\/\" \/>\n<meta property=\"og:locale\" content=\"es_ES\" \/>\n<meta property=\"og:type\" content=\"article\" \/>\n<meta property=\"og:title\" content=\"Crea AMLO Agencia Nacional de Aduanas, controlada por Fuerzas Armadas - NOTICIAS\" \/>\n<meta property=\"og:description\" content=\"El gobierno de la rep\u00fablica dio a conocer esta semana, a trav\u00e9s del Diario Oficial, la creaci\u00f3n de la Agencia...\" \/>\n<meta property=\"og:url\" content=\"https:\/\/laredsocial-noticias.com\/wp\/crea-amlo-agencia-nacional-de-aduanas-controlada-por-fuerzas-armadas\/\" \/>\n<meta property=\"og:site_name\" content=\"NOTICIAS\" \/>\n<meta property=\"article:published_time\" content=\"2021-07-15T14:37:41+00:00\" \/>\n<meta property=\"article:modified_time\" content=\"2021-07-15T14:41:54+00:00\" \/>\n<meta property=\"og:image\" content=\"https:\/\/laredsocial-noticias.com\/wp\/wp-content\/uploads\/2017\/02\/Aduanas-de-Tamaulipas-destacan-en-comercio-internacional.jpg\" \/>\n\t<meta property=\"og:image:width\" content=\"560\" \/>\n\t<meta property=\"og:image:height\" content=\"356\" \/>\n\t<meta property=\"og:image:type\" content=\"image\/jpeg\" \/>\n<meta name=\"author\" content=\"Editor en Jefe\" \/>\n<meta name=\"twitter:card\" content=\"summary_large_image\" \/>\n<meta name=\"twitter:label1\" content=\"Escrito por\" \/>\n\t<meta name=\"twitter:data1\" content=\"Editor en Jefe\" \/>\n\t<meta name=\"twitter:label2\" content=\"Tiempo de lectura\" \/>\n\t<meta name=\"twitter:data2\" content=\"2 minutos\" \/>\n<!-- \/ Yoast SEO plugin. -->","yoast_head_json":{"title":"Crea AMLO Agencia Nacional de Aduanas, controlada por Fuerzas Armadas - NOTICIAS","robots":{"index":"index","follow":"follow","max-snippet":"max-snippet:-1","max-image-preview":"max-image-preview:large","max-video-preview":"max-video-preview:-1"},"canonical":"https:\/\/laredsocial-noticias.com\/wp\/crea-amlo-agencia-nacional-de-aduanas-controlada-por-fuerzas-armadas\/","og_locale":"es_ES","og_type":"article","og_title":"Crea AMLO Agencia Nacional de Aduanas, controlada por Fuerzas Armadas - NOTICIAS","og_description":"El gobierno de la rep\u00fablica dio a conocer esta semana, a trav\u00e9s del Diario Oficial, la creaci\u00f3n de la Agencia...","og_url":"https:\/\/laredsocial-noticias.com\/wp\/crea-amlo-agencia-nacional-de-aduanas-controlada-por-fuerzas-armadas\/","og_site_name":"NOTICIAS","article_published_time":"2021-07-15T14:37:41+00:00","article_modified_time":"2021-07-15T14:41:54+00:00","og_image":[{"width":560,"height":356,"url":"https:\/\/laredsocial-noticias.com\/wp\/wp-content\/uploads\/2017\/02\/Aduanas-de-Tamaulipas-destacan-en-comercio-internacional.jpg","type":"image\/jpeg"}],"author":"Editor en Jefe","twitter_card":"summary_large_image","twitter_misc":{"Escrito por":"Editor en Jefe","Tiempo de lectura":"2 minutos"},"schema":{"@context":"https:\/\/schema.org","@graph":[{"@type":"WebPage","@id":"https:\/\/laredsocial-noticias.com\/wp\/crea-amlo-agencia-nacional-de-aduanas-controlada-por-fuerzas-armadas\/","url":"https:\/\/laredsocial-noticias.com\/wp\/crea-amlo-agencia-nacional-de-aduanas-controlada-por-fuerzas-armadas\/","name":"Crea AMLO Agencia Nacional de Aduanas, controlada por Fuerzas Armadas - NOTICIAS","isPartOf":{"@id":"https:\/\/laredsocial-noticias.com\/wp\/#website"},"datePublished":"2021-07-15T14:37:41+00:00","dateModified":"2021-07-15T14:41:54+00:00","author":{"@id":"https:\/\/laredsocial-noticias.com\/wp\/#\/schema\/person\/0ce78643f2de7aae6f6ef10e8453a6e0"},"breadcrumb":{"@id":"https:\/\/laredsocial-noticias.com\/wp\/crea-amlo-agencia-nacional-de-aduanas-controlada-por-fuerzas-armadas\/#breadcrumb"},"inLanguage":"es","potentialAction":[{"@type":"ReadAction","target":["https:\/\/laredsocial-noticias.com\/wp\/crea-amlo-agencia-nacional-de-aduanas-controlada-por-fuerzas-armadas\/"]}]},{"@type":"BreadcrumbList","@id":"https:\/\/laredsocial-noticias.com\/wp\/crea-amlo-agencia-nacional-de-aduanas-controlada-por-fuerzas-armadas\/#breadcrumb","itemListElement":[{"@type":"ListItem","position":1,"name":"Portada","item":"https:\/\/laredsocial-noticias.com\/wp\/"},{"@type":"ListItem","position":2,"name":"Crea AMLO Agencia Nacional de Aduanas, controlada por Fuerzas Armadas"}]},{"@type":"WebSite","@id":"https:\/\/laredsocial-noticias.com\/wp\/#website","url":"https:\/\/laredsocial-noticias.com\/wp\/","name":"NOTICIAS","description":"Lo que se ve y se dice en las redes sociales","potentialAction":[{"@type":"SearchAction","target":{"@type":"EntryPoint","urlTemplate":"https:\/\/laredsocial-noticias.com\/wp\/?s={search_term_string}"},"query-input":{"@type":"PropertyValueSpecification","valueRequired":true,"valueName":"search_term_string"}}],"inLanguage":"es"},{"@type":"Person","@id":"https:\/\/laredsocial-noticias.com\/wp\/#\/schema\/person\/0ce78643f2de7aae6f6ef10e8453a6e0","name":"Editor en Jefe","url":"https:\/\/laredsocial-noticias.com\/wp\/author\/jorgeochoa\/"}]}},"_links":{"self":[{"href":"https:\/\/laredsocial-noticias.com\/wp\/wp-json\/wp\/v2\/posts\/150040","targetHints":{"allow":["GET"]}}],"collection":[{"href":"https:\/\/laredsocial-noticias.com\/wp\/wp-json\/wp\/v2\/posts"}],"about":[{"href":"https:\/\/laredsocial-noticias.com\/wp\/wp-json\/wp\/v2\/types\/post"}],"author":[{"embeddable":true,"href":"https:\/\/laredsocial-noticias.com\/wp\/wp-json\/wp\/v2\/users\/1"}],"replies":[{"embeddable":true,"href":"https:\/\/laredsocial-noticias.com\/wp\/wp-json\/wp\/v2\/comments?post=150040"}],"version-history":[{"count":1,"href":"https:\/\/laredsocial-noticias.com\/wp\/wp-json\/wp\/v2\/posts\/150040\/revisions"}],"predecessor-version":[{"id":150042,"href":"https:\/\/laredsocial-noticias.com\/wp\/wp-json\/wp\/v2\/posts\/150040\/revisions\/150042"}],"wp:attachment":[{"href":"https:\/\/laredsocial-noticias.com\/wp\/wp-json\/wp\/v2\/media?parent=150040"}],"wp:term":[{"taxonomy":"category","embeddable":true,"href":"https:\/\/laredsocial-noticias.com\/wp\/wp-json\/wp\/v2\/categories?post=150040"},{"taxonomy":"post_tag","embeddable":true,"href":"https:\/\/laredsocial-noticias.com\/wp\/wp-json\/wp\/v2\/tags?post=150040"}],"curies":[{"name":"wp","href":"https:\/\/api.w.org\/{rel}","templated":true}]}}