{"id":151557,"date":"2021-08-15T13:32:10","date_gmt":"2021-08-15T18:32:10","guid":{"rendered":"https:\/\/laredsocial-noticias.com\/wp\/?p=151557"},"modified":"2021-08-15T13:32:12","modified_gmt":"2021-08-15T18:32:12","slug":"pan-acusa-improvisacion-en-regreso-a-clases-presenciales","status":"publish","type":"post","link":"https:\/\/laredsocial-noticias.com\/wp\/pan-acusa-improvisacion-en-regreso-a-clases-presenciales\/","title":{"rendered":"PAN acusa improvisaci\u00f3n en regreso a clases presenciales"},"content":{"rendered":"<p>El PAN asegur\u00f3 que el gobierno del presidente Andr\u00e9s Manuel L\u00f3pez Obrador maneja el regreso de ni\u00f1os y ni\u00f1as a clases presenciales bajo improvisaci\u00f3n y ocurrencias.<\/p>\n<p>El dirigente del partido, Marko Cort\u00e9s critic\u00f3 que el dec\u00e1logo de la Secretar\u00eda de Educaci\u00f3n P\u00fablica (SEP) para el regreso a aulas carece de aspectos sanitarios, administrativos y acad\u00e9micos.<\/p>\n<p>Consider\u00f3 que el gobierno tuvo varios meses para planear y preparar la condiciones adecuadas para los 25 millones de ni\u00f1os que pudieran volver a las escuelas, pero no lo hicieron.<\/p>\n<blockquote id=\"h-el-regreso-a-las-aulas-no-es-lo-que-est-a-debate-sino-las-condiciones-en-las-que-se-regresa-las-formas-y-los-tiempos-dijo\" class=\"wp-block-quote is-style-large\"><p>\u201cEl regreso a las aulas no es lo que est\u00e1 a debate, sino las condiciones en las que se regresa, las formas y los tiempos\u201d, dijo.<\/p><\/blockquote>\n<p>De igual manera record\u00f3 que el proceso de vacunaci\u00f3n contra el Covid-19 sigue muy retrasado, mientras que el estado f\u00edsico de escuelas y las medidas sanitarias no son las adecuadas.<\/p>\n<p>\u201c<em>El gobierno se apresur\u00f3 a convocar a los padres de familia para que reparen las escuelas, sin informar c\u00f3mo se resolver\u00e1 la complejidad que implica el retorno a las aulas, esto es, cu\u00e1ntos alumnos habr\u00e1 en cada sal\u00f3n, qu\u00e9 porcentaje seguir\u00e1 tomando clases v\u00eda remota, horarios y turnos<\/em>\u201d, a\u00f1adi\u00f3.<\/p>\n<p>Asimismo, asegur\u00f3 que est\u00e1n a favor del regreso a clases, pero en contra de que se realice de manera negligente, sin las condiciones necesarias y sin una planificaci\u00f3n adecuada por parte de las autoridades educativas para evitar la propagaci\u00f3n del Covid-19.<\/p>\n","protected":false},"excerpt":{"rendered":"<p>El PAN asegur\u00f3 que el gobierno del presidente Andr\u00e9s Manuel L\u00f3pez Obrador maneja el regreso de ni\u00f1os y ni\u00f1as a&#8230;<\/p>\n","protected":false},"author":1,"featured_media":0,"comment_status":"open","ping_status":"closed","sticky":false,"template":"","format":"standard","meta":{"footnotes":""},"categories":[23,78,1726,2801,6026,11297],"tags":[4959,77],"class_list":["post-151557","post","type-post","status-publish","format-standard","hentry","category-educacion","category-nacional","category-nacionales","category-politica","category-portada","category-principales","tag-featured","tag-principal"],"yoast_head":"<!-- This site is optimized with the Yoast SEO plugin v26.5 - https:\/\/yoast.com\/wordpress\/plugins\/seo\/ -->\n<title>PAN acusa improvisaci\u00f3n en regreso a clases presenciales - NOTICIAS<\/title>\n<meta name=\"robots\" content=\"index, follow, max-snippet:-1, max-image-preview:large, max-video-preview:-1\" \/>\n<link rel=\"canonical\" href=\"https:\/\/laredsocial-noticias.com\/wp\/pan-acusa-improvisacion-en-regreso-a-clases-presenciales\/\" \/>\n<meta property=\"og:locale\" content=\"es_ES\" \/>\n<meta property=\"og:type\" content=\"article\" \/>\n<meta property=\"og:title\" content=\"PAN acusa improvisaci\u00f3n en regreso a clases presenciales - NOTICIAS\" \/>\n<meta property=\"og:description\" content=\"El PAN asegur\u00f3 que el gobierno del presidente Andr\u00e9s Manuel L\u00f3pez Obrador maneja el regreso de ni\u00f1os y ni\u00f1as a...\" \/>\n<meta property=\"og:url\" content=\"https:\/\/laredsocial-noticias.com\/wp\/pan-acusa-improvisacion-en-regreso-a-clases-presenciales\/\" \/>\n<meta property=\"og:site_name\" content=\"NOTICIAS\" \/>\n<meta property=\"article:published_time\" content=\"2021-08-15T18:32:10+00:00\" \/>\n<meta property=\"article:modified_time\" content=\"2021-08-15T18:32:12+00:00\" \/>\n<meta property=\"og:image\" content=\"https:\/\/laredsocial-noticias.com\/wp\/wp-content\/uploads\/2021\/08\/PAN-clases-presenciales.jpg\" \/>\n\t<meta property=\"og:image:width\" content=\"1280\" \/>\n\t<meta property=\"og:image:height\" content=\"720\" \/>\n\t<meta property=\"og:image:type\" content=\"image\/jpeg\" \/>\n<meta name=\"author\" content=\"Editor en Jefe\" \/>\n<meta name=\"twitter:card\" content=\"summary_large_image\" \/>\n<meta name=\"twitter:label1\" content=\"Escrito por\" \/>\n\t<meta name=\"twitter:data1\" content=\"Editor en Jefe\" \/>\n\t<meta name=\"twitter:label2\" content=\"Tiempo de lectura\" \/>\n\t<meta name=\"twitter:data2\" content=\"1 minuto\" \/>\n<!-- \/ Yoast SEO plugin. -->","yoast_head_json":{"title":"PAN acusa improvisaci\u00f3n en regreso a clases presenciales - NOTICIAS","robots":{"index":"index","follow":"follow","max-snippet":"max-snippet:-1","max-image-preview":"max-image-preview:large","max-video-preview":"max-video-preview:-1"},"canonical":"https:\/\/laredsocial-noticias.com\/wp\/pan-acusa-improvisacion-en-regreso-a-clases-presenciales\/","og_locale":"es_ES","og_type":"article","og_title":"PAN acusa improvisaci\u00f3n en regreso a clases presenciales - NOTICIAS","og_description":"El PAN asegur\u00f3 que el gobierno del presidente Andr\u00e9s Manuel L\u00f3pez Obrador maneja el regreso de ni\u00f1os y ni\u00f1as a...","og_url":"https:\/\/laredsocial-noticias.com\/wp\/pan-acusa-improvisacion-en-regreso-a-clases-presenciales\/","og_site_name":"NOTICIAS","article_published_time":"2021-08-15T18:32:10+00:00","article_modified_time":"2021-08-15T18:32:12+00:00","og_image":[{"width":1280,"height":720,"url":"https:\/\/laredsocial-noticias.com\/wp\/wp-content\/uploads\/2021\/08\/PAN-clases-presenciales.jpg","type":"image\/jpeg"}],"author":"Editor en Jefe","twitter_card":"summary_large_image","twitter_misc":{"Escrito por":"Editor en Jefe","Tiempo de lectura":"1 minuto"},"schema":{"@context":"https:\/\/schema.org","@graph":[{"@type":"WebPage","@id":"https:\/\/laredsocial-noticias.com\/wp\/pan-acusa-improvisacion-en-regreso-a-clases-presenciales\/","url":"https:\/\/laredsocial-noticias.com\/wp\/pan-acusa-improvisacion-en-regreso-a-clases-presenciales\/","name":"PAN acusa improvisaci\u00f3n en regreso a clases presenciales - NOTICIAS","isPartOf":{"@id":"https:\/\/laredsocial-noticias.com\/wp\/#website"},"datePublished":"2021-08-15T18:32:10+00:00","dateModified":"2021-08-15T18:32:12+00:00","author":{"@id":"https:\/\/laredsocial-noticias.com\/wp\/#\/schema\/person\/0ce78643f2de7aae6f6ef10e8453a6e0"},"breadcrumb":{"@id":"https:\/\/laredsocial-noticias.com\/wp\/pan-acusa-improvisacion-en-regreso-a-clases-presenciales\/#breadcrumb"},"inLanguage":"es","potentialAction":[{"@type":"ReadAction","target":["https:\/\/laredsocial-noticias.com\/wp\/pan-acusa-improvisacion-en-regreso-a-clases-presenciales\/"]}]},{"@type":"BreadcrumbList","@id":"https:\/\/laredsocial-noticias.com\/wp\/pan-acusa-improvisacion-en-regreso-a-clases-presenciales\/#breadcrumb","itemListElement":[{"@type":"ListItem","position":1,"name":"Portada","item":"https:\/\/laredsocial-noticias.com\/wp\/"},{"@type":"ListItem","position":2,"name":"PAN acusa improvisaci\u00f3n en regreso a clases presenciales"}]},{"@type":"WebSite","@id":"https:\/\/laredsocial-noticias.com\/wp\/#website","url":"https:\/\/laredsocial-noticias.com\/wp\/","name":"NOTICIAS","description":"Lo que se ve y se dice en las redes sociales","potentialAction":[{"@type":"SearchAction","target":{"@type":"EntryPoint","urlTemplate":"https:\/\/laredsocial-noticias.com\/wp\/?s={search_term_string}"},"query-input":{"@type":"PropertyValueSpecification","valueRequired":true,"valueName":"search_term_string"}}],"inLanguage":"es"},{"@type":"Person","@id":"https:\/\/laredsocial-noticias.com\/wp\/#\/schema\/person\/0ce78643f2de7aae6f6ef10e8453a6e0","name":"Editor en Jefe","url":"https:\/\/laredsocial-noticias.com\/wp\/author\/jorgeochoa\/"}]}},"_links":{"self":[{"href":"https:\/\/laredsocial-noticias.com\/wp\/wp-json\/wp\/v2\/posts\/151557","targetHints":{"allow":["GET"]}}],"collection":[{"href":"https:\/\/laredsocial-noticias.com\/wp\/wp-json\/wp\/v2\/posts"}],"about":[{"href":"https:\/\/laredsocial-noticias.com\/wp\/wp-json\/wp\/v2\/types\/post"}],"author":[{"embeddable":true,"href":"https:\/\/laredsocial-noticias.com\/wp\/wp-json\/wp\/v2\/users\/1"}],"replies":[{"embeddable":true,"href":"https:\/\/laredsocial-noticias.com\/wp\/wp-json\/wp\/v2\/comments?post=151557"}],"version-history":[{"count":1,"href":"https:\/\/laredsocial-noticias.com\/wp\/wp-json\/wp\/v2\/posts\/151557\/revisions"}],"predecessor-version":[{"id":151558,"href":"https:\/\/laredsocial-noticias.com\/wp\/wp-json\/wp\/v2\/posts\/151557\/revisions\/151558"}],"wp:attachment":[{"href":"https:\/\/laredsocial-noticias.com\/wp\/wp-json\/wp\/v2\/media?parent=151557"}],"wp:term":[{"taxonomy":"category","embeddable":true,"href":"https:\/\/laredsocial-noticias.com\/wp\/wp-json\/wp\/v2\/categories?post=151557"},{"taxonomy":"post_tag","embeddable":true,"href":"https:\/\/laredsocial-noticias.com\/wp\/wp-json\/wp\/v2\/tags?post=151557"}],"curies":[{"name":"wp","href":"https:\/\/api.w.org\/{rel}","templated":true}]}}