{"id":151897,"date":"2021-08-20T11:30:33","date_gmt":"2021-08-20T16:30:33","guid":{"rendered":"https:\/\/laredsocial-noticias.com\/wp\/?p=151897"},"modified":"2021-08-23T14:47:35","modified_gmt":"2021-08-23T19:47:35","slug":"bajo-nivel-de-lectura-en-mexico-y-al-se-podria-acentuar-tras-pandemia","status":"publish","type":"post","link":"https:\/\/laredsocial-noticias.com\/wp\/bajo-nivel-de-lectura-en-mexico-y-al-se-podria-acentuar-tras-pandemia\/","title":{"rendered":"Bajo nivel de lectura en M\u00e9xico y AL se podr\u00eda acentuar tras pandemia"},"content":{"rendered":"<p class=\"p1\">M\u00e9xico y Am\u00e9rica Latina tiene de los m\u00e1s bajos niveles de lectura a nivel global que se pueden acentuar tras la pandemia de la Covid-19 y con ello afectar el desempe\u00f1o y nivel acad\u00e9mico de los estudiantes a futuro, estableci\u00f3 Kumon Instituto de Educaci\u00f3n.<\/p>\n<p>La firma, principal franquicia de educaci\u00f3n a nivel mundial con presencia en m\u00e1s de 55 pa\u00edses, advirti\u00f3 que de acuerdo con diversas estad\u00edsticas, como las del M\u00f3dulo sobre Lectura (Molec) del Inegi, M\u00e9xico registra una ca\u00edda constante en el n\u00famero de lectores donde s\u00f3lo 42% dedican un tiempo a leer.<\/p>\n<p>En 2015, las cifras indicaban que de cada 100 mexicanos encuestados, 50 dijeron haber dedicado un tiempo a leer un libro en los \u00faltimos doce meses; en 2018, la cifra pas\u00f3 a 45% de lectores y, en 2019 cay\u00f3 a 42 por ciento.<br \/>\nFelipe Cuellar, Vicepresidente para M\u00e9xico y Centroam\u00e9rica de Kumon, dijo que la lectura es una base fundamental en la educaci\u00f3n, pero esto debe incentivarse, as\u00ed como la comprensi\u00f3n de lectura, donde M\u00e9xico y Am\u00e9rica Latina son de las regiones con mayor rezago a nivel mundial.<\/p>\n<p>De acuerdo con el Inegi, el nivel de lectura est\u00e1 asociado con el nivel de estudios y a mayor grado de educaci\u00f3n escolar, tambi\u00e9n mayor es el porcentaje de poblaci\u00f3n que lee libros. Las cifras del Molec indican que de los mexicanos sin educaci\u00f3n b\u00e1sica, apenas el 24.7% lee libros; el porcentaje aumenta a 36.3% en la poblaci\u00f3n con educaci\u00f3n b\u00e1sica; mientras que los que tienen al menos un grado de educaci\u00f3n superior, la cifra asciende hasta 64.8 por ciento.<\/p>\n<p>Sin embargo, no basta con leer, se\u00f1al\u00f3 Cuellar al destacar que las cifras disponibles refieren que menos del 40% de los estudiantes en M\u00e9xico comprende lo que lee.<\/p>\n<p>Datos de la \u00faltima prueba Enlace y Planea as\u00ed como de organismos internacionales, demuestran que con lectura deficiente se ubica el 55.4% de los alumnos en nivel bachillerato, cuyas habilidades lectoras fueron calificadas como \u201celementales o insuficientes\u201d.<br \/>\nA nivel nacional, s\u00f3lo 6.4% de los alumnos cumplen con los requisitos del nivel IV matem\u00e1ticas y 12.2 en comprensi\u00f3n de lectura, es decir de los m\u00e1s bajos a nivel mundial.<\/p>\n<p>Seg\u00fan la Organizaci\u00f3n para la Cooperaci\u00f3n y Desarrollo Econ\u00f3mico OCDE y la UNESCO, M\u00e9xico ocupa el pen\u00faltimo lugar al estar rankeado en el 107 de 108 pa\u00edses con h\u00e1bito de la lectura. a M\u00e9xico le tomar\u00eda 65 a\u00f1os alcanzar el nivel promedio de los 34 pa\u00edses de la OCDE en lectura: Un estudiante mexicano con el m\u00e1s alto rendimiento apenas logra alcanzar a un alumno promedio de Jap\u00f3n, se\u00f1al\u00f3 la especialista.<\/p>\n<p>Con las clases a distancia, el aprovechamiento de los estudiantes pudo haber sido menor y si no comprenden las lecturas, su desempe\u00f1o escolar a futuro puede afectarse, advirti\u00f3 Daniela Rosales.<br \/>\nAnte esto, Kumon estar\u00e1 dando inscripciones gratuitas durante agosto para fortalecer la comprensi\u00f3n de lectura en todos los niveles, desde preescolar hasta nivel universitario.<br \/>\nFelipe Cuellar tambi\u00e9n advirti\u00f3 que adem\u00e1s del bajo aprovechamiento escolar, la deserci\u00f3n escolar alcanz\u00f3 niveles no vistos y que puede acentuarse este a\u00f1o debido a la tercera ola de la pandemia, lo que se suma al rato por mejorar la educaci\u00f3n en medio la pandemia.<\/p>\n<p>Por ello el h\u00e1bito de la lectura \u201cdebe fomentarse en los ni\u00f1os desde edades tempranas, entre los 3 y 6 a\u00f1os de edad es una gran etapa para sentar las bases de la lectura y comprensi\u00f3n anal\u00edtica. El M\u00e9todo Kumon es uno de los m\u00e1s avanzados a nivel mundial que permite al alumno un alto nivel de habilidad lectora, y la capacidad para reconocer claramente el contenido y la estructura de un texto, y desarrollar un an\u00e1lisis cr\u00edtico de lo que lee\u201d, explic\u00f3.<\/p>\n","protected":false},"excerpt":{"rendered":"<p>M\u00e9xico y Am\u00e9rica Latina tiene de los m\u00e1s bajos niveles de lectura a nivel global que se pueden acentuar tras&#8230;<\/p>\n","protected":false},"author":1,"featured_media":0,"comment_status":"open","ping_status":"closed","sticky":false,"template":"","format":"standard","meta":{"footnotes":""},"categories":[10707],"tags":[],"class_list":["post-151897","post","type-post","status-publish","format-standard","hentry","category-tendencia"],"yoast_head":"<!-- This site is optimized with the Yoast SEO plugin v26.5 - https:\/\/yoast.com\/wordpress\/plugins\/seo\/ -->\n<title>Bajo nivel de lectura en M\u00e9xico y AL se podr\u00eda acentuar tras pandemia - NOTICIAS<\/title>\n<meta name=\"robots\" content=\"index, follow, max-snippet:-1, max-image-preview:large, max-video-preview:-1\" \/>\n<link rel=\"canonical\" href=\"https:\/\/laredsocial-noticias.com\/wp\/bajo-nivel-de-lectura-en-mexico-y-al-se-podria-acentuar-tras-pandemia\/\" \/>\n<meta property=\"og:locale\" content=\"es_ES\" \/>\n<meta property=\"og:type\" content=\"article\" \/>\n<meta property=\"og:title\" content=\"Bajo nivel de lectura en M\u00e9xico y AL se podr\u00eda acentuar tras pandemia - NOTICIAS\" \/>\n<meta property=\"og:description\" content=\"M\u00e9xico y Am\u00e9rica Latina tiene de los m\u00e1s bajos niveles de lectura a nivel global que se pueden acentuar tras...\" \/>\n<meta property=\"og:url\" content=\"https:\/\/laredsocial-noticias.com\/wp\/bajo-nivel-de-lectura-en-mexico-y-al-se-podria-acentuar-tras-pandemia\/\" \/>\n<meta property=\"og:site_name\" content=\"NOTICIAS\" \/>\n<meta property=\"article:published_time\" content=\"2021-08-20T16:30:33+00:00\" \/>\n<meta property=\"article:modified_time\" content=\"2021-08-23T19:47:35+00:00\" \/>\n<meta property=\"og:image\" content=\"https:\/\/laredsocial-noticias.com\/wp\/wp-content\/uploads\/2021\/08\/aa8523f8-7349-4335-89f6-a8a1168b9500.jpg\" \/>\n\t<meta property=\"og:image:width\" content=\"1200\" \/>\n\t<meta property=\"og:image:height\" content=\"675\" \/>\n\t<meta property=\"og:image:type\" content=\"image\/jpeg\" \/>\n<meta name=\"author\" content=\"Editor en Jefe\" \/>\n<meta name=\"twitter:card\" content=\"summary_large_image\" \/>\n<meta name=\"twitter:label1\" content=\"Escrito por\" \/>\n\t<meta name=\"twitter:data1\" content=\"Editor en Jefe\" \/>\n\t<meta name=\"twitter:label2\" content=\"Tiempo de lectura\" \/>\n\t<meta name=\"twitter:data2\" content=\"3 minutos\" \/>\n<!-- \/ Yoast SEO plugin. -->","yoast_head_json":{"title":"Bajo nivel de lectura en M\u00e9xico y AL se podr\u00eda acentuar tras pandemia - NOTICIAS","robots":{"index":"index","follow":"follow","max-snippet":"max-snippet:-1","max-image-preview":"max-image-preview:large","max-video-preview":"max-video-preview:-1"},"canonical":"https:\/\/laredsocial-noticias.com\/wp\/bajo-nivel-de-lectura-en-mexico-y-al-se-podria-acentuar-tras-pandemia\/","og_locale":"es_ES","og_type":"article","og_title":"Bajo nivel de lectura en M\u00e9xico y AL se podr\u00eda acentuar tras pandemia - NOTICIAS","og_description":"M\u00e9xico y Am\u00e9rica Latina tiene de los m\u00e1s bajos niveles de lectura a nivel global que se pueden acentuar tras...","og_url":"https:\/\/laredsocial-noticias.com\/wp\/bajo-nivel-de-lectura-en-mexico-y-al-se-podria-acentuar-tras-pandemia\/","og_site_name":"NOTICIAS","article_published_time":"2021-08-20T16:30:33+00:00","article_modified_time":"2021-08-23T19:47:35+00:00","og_image":[{"width":1200,"height":675,"url":"https:\/\/laredsocial-noticias.com\/wp\/wp-content\/uploads\/2021\/08\/aa8523f8-7349-4335-89f6-a8a1168b9500.jpg","type":"image\/jpeg"}],"author":"Editor en Jefe","twitter_card":"summary_large_image","twitter_misc":{"Escrito por":"Editor en Jefe","Tiempo de lectura":"3 minutos"},"schema":{"@context":"https:\/\/schema.org","@graph":[{"@type":"WebPage","@id":"https:\/\/laredsocial-noticias.com\/wp\/bajo-nivel-de-lectura-en-mexico-y-al-se-podria-acentuar-tras-pandemia\/","url":"https:\/\/laredsocial-noticias.com\/wp\/bajo-nivel-de-lectura-en-mexico-y-al-se-podria-acentuar-tras-pandemia\/","name":"Bajo nivel de lectura en M\u00e9xico y AL se podr\u00eda acentuar tras pandemia - NOTICIAS","isPartOf":{"@id":"https:\/\/laredsocial-noticias.com\/wp\/#website"},"datePublished":"2021-08-20T16:30:33+00:00","dateModified":"2021-08-23T19:47:35+00:00","author":{"@id":"https:\/\/laredsocial-noticias.com\/wp\/#\/schema\/person\/0ce78643f2de7aae6f6ef10e8453a6e0"},"breadcrumb":{"@id":"https:\/\/laredsocial-noticias.com\/wp\/bajo-nivel-de-lectura-en-mexico-y-al-se-podria-acentuar-tras-pandemia\/#breadcrumb"},"inLanguage":"es","potentialAction":[{"@type":"ReadAction","target":["https:\/\/laredsocial-noticias.com\/wp\/bajo-nivel-de-lectura-en-mexico-y-al-se-podria-acentuar-tras-pandemia\/"]}]},{"@type":"BreadcrumbList","@id":"https:\/\/laredsocial-noticias.com\/wp\/bajo-nivel-de-lectura-en-mexico-y-al-se-podria-acentuar-tras-pandemia\/#breadcrumb","itemListElement":[{"@type":"ListItem","position":1,"name":"Portada","item":"https:\/\/laredsocial-noticias.com\/wp\/"},{"@type":"ListItem","position":2,"name":"Bajo nivel de lectura en M\u00e9xico y AL se podr\u00eda acentuar tras pandemia"}]},{"@type":"WebSite","@id":"https:\/\/laredsocial-noticias.com\/wp\/#website","url":"https:\/\/laredsocial-noticias.com\/wp\/","name":"NOTICIAS","description":"Lo que se ve y se dice en las redes sociales","potentialAction":[{"@type":"SearchAction","target":{"@type":"EntryPoint","urlTemplate":"https:\/\/laredsocial-noticias.com\/wp\/?s={search_term_string}"},"query-input":{"@type":"PropertyValueSpecification","valueRequired":true,"valueName":"search_term_string"}}],"inLanguage":"es"},{"@type":"Person","@id":"https:\/\/laredsocial-noticias.com\/wp\/#\/schema\/person\/0ce78643f2de7aae6f6ef10e8453a6e0","name":"Editor en Jefe","url":"https:\/\/laredsocial-noticias.com\/wp\/author\/jorgeochoa\/"}]}},"_links":{"self":[{"href":"https:\/\/laredsocial-noticias.com\/wp\/wp-json\/wp\/v2\/posts\/151897","targetHints":{"allow":["GET"]}}],"collection":[{"href":"https:\/\/laredsocial-noticias.com\/wp\/wp-json\/wp\/v2\/posts"}],"about":[{"href":"https:\/\/laredsocial-noticias.com\/wp\/wp-json\/wp\/v2\/types\/post"}],"author":[{"embeddable":true,"href":"https:\/\/laredsocial-noticias.com\/wp\/wp-json\/wp\/v2\/users\/1"}],"replies":[{"embeddable":true,"href":"https:\/\/laredsocial-noticias.com\/wp\/wp-json\/wp\/v2\/comments?post=151897"}],"version-history":[{"count":1,"href":"https:\/\/laredsocial-noticias.com\/wp\/wp-json\/wp\/v2\/posts\/151897\/revisions"}],"predecessor-version":[{"id":151898,"href":"https:\/\/laredsocial-noticias.com\/wp\/wp-json\/wp\/v2\/posts\/151897\/revisions\/151898"}],"wp:attachment":[{"href":"https:\/\/laredsocial-noticias.com\/wp\/wp-json\/wp\/v2\/media?parent=151897"}],"wp:term":[{"taxonomy":"category","embeddable":true,"href":"https:\/\/laredsocial-noticias.com\/wp\/wp-json\/wp\/v2\/categories?post=151897"},{"taxonomy":"post_tag","embeddable":true,"href":"https:\/\/laredsocial-noticias.com\/wp\/wp-json\/wp\/v2\/tags?post=151897"}],"curies":[{"name":"wp","href":"https:\/\/api.w.org\/{rel}","templated":true}]}}