{"id":152060,"date":"2021-08-26T14:47:30","date_gmt":"2021-08-26T19:47:30","guid":{"rendered":"https:\/\/laredsocial-noticias.com\/wp\/?p=152060"},"modified":"2021-08-26T14:47:36","modified_gmt":"2021-08-26T19:47:36","slug":"intervencion-del-senador-julen-rementeria-del-puerto-coordinador-del-grupo-parlamentario-del-pan-al-inaugurar-junto-con-el-presidente-de-su-partido-marko-cortes-mendoza-la-reunion-plenaria-que-se","status":"publish","type":"post","link":"https:\/\/laredsocial-noticias.com\/wp\/intervencion-del-senador-julen-rementeria-del-puerto-coordinador-del-grupo-parlamentario-del-pan-al-inaugurar-junto-con-el-presidente-de-su-partido-marko-cortes-mendoza-la-reunion-plenaria-que-se\/","title":{"rendered":"Intervenci\u00f3n del senador Julen Rementer\u00eda del Puerto, coordinador del Grupo Parlamentario del PAN, al inaugurar, junto con el presidente de su partido, Marko Cort\u00e9s Mendoza, la Reuni\u00f3n Plenaria que se desarrolla en la sede del Comit\u00e9 Ejecutivo Nacional"},"content":{"rendered":"<p>Muy buenos d\u00edas a todas y a todos; buenos d\u00edas, Presidente; buenos d\u00edas a nuestro secretario general, a cada uno de ustedes les agradezco el que est\u00e9n aqu\u00ed.<\/p>\n<p>Hoy nos re\u00fane, Presidente, como sabes, la Reuni\u00f3n Plenaria que va a dar inicio a los trabajos de la sexag\u00e9sima quinta Legislatura, con todo lo que ello implica.<\/p>\n<p>M\u00e9xico hoy est\u00e1 bajo amenaza, as\u00ed lo podr\u00eda yo calificar. Tenemos a un gobierno que no conoce de l\u00edmites, que la ley para nada es un obst\u00e1culo para ellos, en donde lo que quieren es simplemente a contentillo hacer las cosas y olvidarse de los procedimientos, de las reglas, ejemplos hay muchos a lo largo de estos tres a\u00f1os: se han multiplicado los muertos, ha habido muchas m\u00e1s desgracias, no hay crecimiento econ\u00f3mico, no hay generaci\u00f3n de una buena gesti\u00f3n en la pandemia, somos lamentablemente uno de los pa\u00edses con peores resultados, con el mayor alto \u00edndice de letalidad en el mundo y hoy estamos ante ese gran reto, y al tiempo de eso tenemos, bueno afortunadamente contaremos seguramente con una pues acompa\u00f1amiento en la C\u00e1mara de Diputados para que este bloque de contenci\u00f3n que se ha podido hacer y gestionar en C\u00e1mara de Senadores tambi\u00e9n pueda funcionar en C\u00e1mara de Diputados, estoy seguro que as\u00ed ser\u00e1.<\/p>\n<p>Todos sabemos de los esfuerzos que se han hecho desde el partido, encabezados por ti, Presidente, para que podamos estar tratando de encontrar esas ideas comunes y esas causas\u00a0 comunes con los diferentes partidos, con el PRI, con el PRD, principalmente, en donde como ya sabemos, con la composici\u00f3n que\u00a0 qued\u00f3, pues no se tiene necesidad de ning\u00fan otro partido para poder ejercer un bloque de contenci\u00f3n tambi\u00e9n ahora en la C\u00e1mara de Diputados, cosa que nos ayuda mucho y tambi\u00e9n nos permite transitar en el Senado de una manera mucho m\u00e1s \u00e1gil.<\/p>\n<p>Hay que se\u00f1alar que los \u00faltimos acontecimientos que se han dado en el gobierno lo que nos habla es de que la cosa pudiera ponerse todav\u00eda m\u00e1s dura, m\u00e1s r\u00edspida, no se ve en el horizonte un escenario que pudi\u00e9ramos asimilarlo a cosas mejores, sino que pareciera que se va a radicalizar m\u00e1s este gobierno. Y yo creo que aqu\u00ed es en donde nosotros tenemos este gran reto.<\/p>\n<p>Hoy presentaremos en esta Plenaria una Agenda Legislativa muy basta, donde se han contemplado pr\u00e1cticamente las ideas en los distintos temas y en las diferentes regiones del pa\u00eds de cada una y cada uno de los senadores. Y lo importante es que podamos, al final de esta Plenaria el d\u00eda de ma\u00f1ana, hacer esta oferta a la poblaci\u00f3n de M\u00e9xico a trav\u00e9s de los medios de comunicaci\u00f3n de cu\u00e1l es la agenda parlamentaria para esta sexag\u00e9sima quinta Legislatura por parte del Grupo Parlamentario de Acci\u00f3n Nacional.<\/p>\n<p>Yo creo que vamos a poder seguir dando la batalla de manera consistente. Quiero agradecer, por cierto, la oportunidad, Presidente, de poder ayudar a coordinar los trabajos de todo este Grupo, a cada una de ustedes y cada uno de ustedes tambi\u00e9n por aceptarlo bien, por este trabajo que hemos hecho con toda la camarader\u00eda y poder lograr los objetivos que hacia adelante se nos van a plantear.<\/p>\n<p>No son tiempos f\u00e1ciles los que vienen, como dije al inicio, me parece que M\u00e9xico est\u00e1 bajo amenaza y lo que tenemos es en la C\u00e1mara de Senadores, el PAN siendo la principal fuerza pol\u00edtica opositora, pues demostrar de qu\u00e9 estamos hechos y buscar entre todos ayudar a contener a este gobierno que lo que pretende solamente es destruir, acusar, hablan de transformaci\u00f3n, pero lo \u00fanico que hacen es repartir culpas, y lo que tenemos hoy es pues unos muy malos resultados a lo largo de tres a\u00f1os.<\/p>\n<p>Ayer coment\u00e1bamos ah\u00ed mismo en la C\u00e1mara, en la tribuna, la oportunidad de decirles que pues se entend\u00eda al principio de esta gesti\u00f3n el porqu\u00e9 podr\u00edan acompa\u00f1ar al presidente, porque eran del mismo partido o porque eran de la misma ideolog\u00eda, pero que a tres a\u00f1os de distancia pues ya se han podido dar cuenta que ha fracasado (inaudible) la famosa \u201ccuarta transformaci\u00f3n\u201d, que no ha dado m\u00e1s que malos resultados a este pa\u00eds y que hay que corregirlo y la invitaci\u00f3n a que pudi\u00e9ramos gestionarlo de una mejor manera, responsablemente.<\/p>\n<p>Ellos tendr\u00e1n que, entiendo, acompa\u00f1ar al presidente porque es su ideolog\u00eda, pero en aquellas cosas que sean razonables, que sean l\u00f3gicas, que sean prudentes y que puedan ser realizables, en aquello que no, pues lo que se pide es la responsabilidad que debi\u00e9ramos de tener cualquier legisladora o legislador para poder pues estar con quien debemos estar, con M\u00e9xico y su gente.<\/p>\n<p>Entonces, yo espero que esta Reuni\u00f3n Plenaria pues resulte todo un \u00e9xito, nos pueda conducir hacia un producto legislativo que presentemos el d\u00eda de ma\u00f1ana como agenda y que, al final de cuentas, podamos irlo gestionando a lo largo de los pr\u00f3ximos meses y a\u00f1os para lograr el objetivo que queremos, que al final es que la gente se d\u00e9 cuenta de d\u00f3nde est\u00e1 la raz\u00f3n y por qu\u00e9 creemos que lo que se sostiene desde Acci\u00f3n Nacional hace mucho m\u00e1s l\u00f3gico en la vida en nuestro pa\u00eds que as\u00ed pudieran ser las cosas.<\/p>\n<p>As\u00ed que sin m\u00e1s, presidente, yo lo que quisiera es agradecer nuevamente la oportunidad de poder llevar a cabo aqu\u00ed, en nuestra casa, si as\u00ed me permite expresarlo, en la sede del PAN, pues esta Plenaria y poder conducir estos trabajos y qu\u00e9 mejor que, bueno, en este arranque de los trabajos poder contar con tu presencia, la del secretario general y, bueno, la de los distintos funcionarios del Comit\u00e9 Ejecutivo Nacional.<\/p>\n<p>Much\u00edsimas gracias, Presidente.<\/p>\n","protected":false},"excerpt":{"rendered":"<p>Muy buenos d\u00edas a todas y a todos; buenos d\u00edas, Presidente; buenos d\u00edas a nuestro secretario general, a cada uno&#8230;<\/p>\n","protected":false},"author":1,"featured_media":0,"comment_status":"open","ping_status":"closed","sticky":false,"template":"","format":"standard","meta":{"footnotes":""},"categories":[78,1726,2801,6026,11297],"tags":[4959,77,60],"class_list":["post-152060","post","type-post","status-publish","format-standard","hentry","category-nacional","category-nacionales","category-politica","category-portada","category-principales","tag-featured","tag-principal","tag-senado"],"yoast_head":"<!-- This site is optimized with the Yoast SEO plugin v26.5 - https:\/\/yoast.com\/wordpress\/plugins\/seo\/ -->\n<title>Intervenci\u00f3n del senador Julen Rementer\u00eda del Puerto, coordinador del Grupo Parlamentario del PAN, al inaugurar, junto con el presidente de su partido, Marko Cort\u00e9s Mendoza, la Reuni\u00f3n Plenaria que se desarrolla en la sede del Comit\u00e9 Ejecutivo Nacional - NOTICIAS<\/title>\n<meta name=\"robots\" content=\"index, follow, max-snippet:-1, max-image-preview:large, max-video-preview:-1\" \/>\n<link rel=\"canonical\" href=\"https:\/\/laredsocial-noticias.com\/wp\/intervencion-del-senador-julen-rementeria-del-puerto-coordinador-del-grupo-parlamentario-del-pan-al-inaugurar-junto-con-el-presidente-de-su-partido-marko-cortes-mendoza-la-reunion-plenaria-que-se\/\" \/>\n<meta property=\"og:locale\" content=\"es_ES\" \/>\n<meta property=\"og:type\" content=\"article\" \/>\n<meta property=\"og:title\" content=\"Intervenci\u00f3n del senador Julen Rementer\u00eda del Puerto, coordinador del Grupo Parlamentario del PAN, al inaugurar, junto con el presidente de su partido, Marko Cort\u00e9s Mendoza, la Reuni\u00f3n Plenaria que se desarrolla en la sede del Comit\u00e9 Ejecutivo Nacional - NOTICIAS\" \/>\n<meta property=\"og:description\" content=\"Muy buenos d\u00edas a todas y a todos; buenos d\u00edas, Presidente; buenos d\u00edas a nuestro secretario general, a cada uno...\" \/>\n<meta property=\"og:url\" content=\"https:\/\/laredsocial-noticias.com\/wp\/intervencion-del-senador-julen-rementeria-del-puerto-coordinador-del-grupo-parlamentario-del-pan-al-inaugurar-junto-con-el-presidente-de-su-partido-marko-cortes-mendoza-la-reunion-plenaria-que-se\/\" \/>\n<meta property=\"og:site_name\" content=\"NOTICIAS\" \/>\n<meta property=\"article:published_time\" content=\"2021-08-26T19:47:30+00:00\" \/>\n<meta property=\"article:modified_time\" content=\"2021-08-26T19:47:36+00:00\" \/>\n<meta name=\"author\" content=\"Editor en Jefe\" \/>\n<meta name=\"twitter:card\" content=\"summary_large_image\" \/>\n<meta name=\"twitter:label1\" content=\"Escrito por\" \/>\n\t<meta name=\"twitter:data1\" content=\"Editor en Jefe\" \/>\n\t<meta name=\"twitter:label2\" content=\"Tiempo de lectura\" \/>\n\t<meta name=\"twitter:data2\" content=\"5 minutos\" \/>\n<!-- \/ Yoast SEO plugin. -->","yoast_head_json":{"title":"Intervenci\u00f3n del senador Julen Rementer\u00eda del Puerto, coordinador del Grupo Parlamentario del PAN, al inaugurar, junto con el presidente de su partido, Marko Cort\u00e9s Mendoza, la Reuni\u00f3n Plenaria que se desarrolla en la sede del Comit\u00e9 Ejecutivo Nacional - NOTICIAS","robots":{"index":"index","follow":"follow","max-snippet":"max-snippet:-1","max-image-preview":"max-image-preview:large","max-video-preview":"max-video-preview:-1"},"canonical":"https:\/\/laredsocial-noticias.com\/wp\/intervencion-del-senador-julen-rementeria-del-puerto-coordinador-del-grupo-parlamentario-del-pan-al-inaugurar-junto-con-el-presidente-de-su-partido-marko-cortes-mendoza-la-reunion-plenaria-que-se\/","og_locale":"es_ES","og_type":"article","og_title":"Intervenci\u00f3n del senador Julen Rementer\u00eda del Puerto, coordinador del Grupo Parlamentario del PAN, al inaugurar, junto con el presidente de su partido, Marko Cort\u00e9s Mendoza, la Reuni\u00f3n Plenaria que se desarrolla en la sede del Comit\u00e9 Ejecutivo Nacional - NOTICIAS","og_description":"Muy buenos d\u00edas a todas y a todos; buenos d\u00edas, Presidente; buenos d\u00edas a nuestro secretario general, a cada uno...","og_url":"https:\/\/laredsocial-noticias.com\/wp\/intervencion-del-senador-julen-rementeria-del-puerto-coordinador-del-grupo-parlamentario-del-pan-al-inaugurar-junto-con-el-presidente-de-su-partido-marko-cortes-mendoza-la-reunion-plenaria-que-se\/","og_site_name":"NOTICIAS","article_published_time":"2021-08-26T19:47:30+00:00","article_modified_time":"2021-08-26T19:47:36+00:00","author":"Editor en Jefe","twitter_card":"summary_large_image","twitter_misc":{"Escrito por":"Editor en Jefe","Tiempo de lectura":"5 minutos"},"schema":{"@context":"https:\/\/schema.org","@graph":[{"@type":"WebPage","@id":"https:\/\/laredsocial-noticias.com\/wp\/intervencion-del-senador-julen-rementeria-del-puerto-coordinador-del-grupo-parlamentario-del-pan-al-inaugurar-junto-con-el-presidente-de-su-partido-marko-cortes-mendoza-la-reunion-plenaria-que-se\/","url":"https:\/\/laredsocial-noticias.com\/wp\/intervencion-del-senador-julen-rementeria-del-puerto-coordinador-del-grupo-parlamentario-del-pan-al-inaugurar-junto-con-el-presidente-de-su-partido-marko-cortes-mendoza-la-reunion-plenaria-que-se\/","name":"Intervenci\u00f3n del senador Julen Rementer\u00eda del Puerto, coordinador del Grupo Parlamentario del PAN, al inaugurar, junto con el presidente de su partido, Marko Cort\u00e9s Mendoza, la Reuni\u00f3n Plenaria que se desarrolla en la sede del Comit\u00e9 Ejecutivo Nacional - NOTICIAS","isPartOf":{"@id":"https:\/\/laredsocial-noticias.com\/wp\/#website"},"datePublished":"2021-08-26T19:47:30+00:00","dateModified":"2021-08-26T19:47:36+00:00","author":{"@id":"https:\/\/laredsocial-noticias.com\/wp\/#\/schema\/person\/0ce78643f2de7aae6f6ef10e8453a6e0"},"breadcrumb":{"@id":"https:\/\/laredsocial-noticias.com\/wp\/intervencion-del-senador-julen-rementeria-del-puerto-coordinador-del-grupo-parlamentario-del-pan-al-inaugurar-junto-con-el-presidente-de-su-partido-marko-cortes-mendoza-la-reunion-plenaria-que-se\/#breadcrumb"},"inLanguage":"es","potentialAction":[{"@type":"ReadAction","target":["https:\/\/laredsocial-noticias.com\/wp\/intervencion-del-senador-julen-rementeria-del-puerto-coordinador-del-grupo-parlamentario-del-pan-al-inaugurar-junto-con-el-presidente-de-su-partido-marko-cortes-mendoza-la-reunion-plenaria-que-se\/"]}]},{"@type":"BreadcrumbList","@id":"https:\/\/laredsocial-noticias.com\/wp\/intervencion-del-senador-julen-rementeria-del-puerto-coordinador-del-grupo-parlamentario-del-pan-al-inaugurar-junto-con-el-presidente-de-su-partido-marko-cortes-mendoza-la-reunion-plenaria-que-se\/#breadcrumb","itemListElement":[{"@type":"ListItem","position":1,"name":"Portada","item":"https:\/\/laredsocial-noticias.com\/wp\/"},{"@type":"ListItem","position":2,"name":"Intervenci\u00f3n del senador Julen Rementer\u00eda del Puerto, coordinador del Grupo Parlamentario del PAN, al inaugurar, junto con el presidente de su partido, Marko Cort\u00e9s Mendoza, la Reuni\u00f3n Plenaria que se desarrolla en la sede del Comit\u00e9 Ejecutivo Nacional"}]},{"@type":"WebSite","@id":"https:\/\/laredsocial-noticias.com\/wp\/#website","url":"https:\/\/laredsocial-noticias.com\/wp\/","name":"NOTICIAS","description":"Lo que se ve y se dice en las redes sociales","potentialAction":[{"@type":"SearchAction","target":{"@type":"EntryPoint","urlTemplate":"https:\/\/laredsocial-noticias.com\/wp\/?s={search_term_string}"},"query-input":{"@type":"PropertyValueSpecification","valueRequired":true,"valueName":"search_term_string"}}],"inLanguage":"es"},{"@type":"Person","@id":"https:\/\/laredsocial-noticias.com\/wp\/#\/schema\/person\/0ce78643f2de7aae6f6ef10e8453a6e0","name":"Editor en Jefe","url":"https:\/\/laredsocial-noticias.com\/wp\/author\/jorgeochoa\/"}]}},"_links":{"self":[{"href":"https:\/\/laredsocial-noticias.com\/wp\/wp-json\/wp\/v2\/posts\/152060","targetHints":{"allow":["GET"]}}],"collection":[{"href":"https:\/\/laredsocial-noticias.com\/wp\/wp-json\/wp\/v2\/posts"}],"about":[{"href":"https:\/\/laredsocial-noticias.com\/wp\/wp-json\/wp\/v2\/types\/post"}],"author":[{"embeddable":true,"href":"https:\/\/laredsocial-noticias.com\/wp\/wp-json\/wp\/v2\/users\/1"}],"replies":[{"embeddable":true,"href":"https:\/\/laredsocial-noticias.com\/wp\/wp-json\/wp\/v2\/comments?post=152060"}],"version-history":[{"count":1,"href":"https:\/\/laredsocial-noticias.com\/wp\/wp-json\/wp\/v2\/posts\/152060\/revisions"}],"predecessor-version":[{"id":152061,"href":"https:\/\/laredsocial-noticias.com\/wp\/wp-json\/wp\/v2\/posts\/152060\/revisions\/152061"}],"wp:attachment":[{"href":"https:\/\/laredsocial-noticias.com\/wp\/wp-json\/wp\/v2\/media?parent=152060"}],"wp:term":[{"taxonomy":"category","embeddable":true,"href":"https:\/\/laredsocial-noticias.com\/wp\/wp-json\/wp\/v2\/categories?post=152060"},{"taxonomy":"post_tag","embeddable":true,"href":"https:\/\/laredsocial-noticias.com\/wp\/wp-json\/wp\/v2\/tags?post=152060"}],"curies":[{"name":"wp","href":"https:\/\/api.w.org\/{rel}","templated":true}]}}