{"id":153517,"date":"2021-09-21T20:08:54","date_gmt":"2021-09-22T01:08:54","guid":{"rendered":"https:\/\/laredsocial-noticias.com\/wp\/?p=153517"},"modified":"2021-09-21T20:08:57","modified_gmt":"2021-09-22T01:08:57","slug":"atender-la-deuda-que-tenemos-con-nuestros-migrantes-no-es-un-tema-de-partidos-sino-de-justicia-gutierrez-luna","status":"publish","type":"post","link":"https:\/\/laredsocial-noticias.com\/wp\/atender-la-deuda-que-tenemos-con-nuestros-migrantes-no-es-un-tema-de-partidos-sino-de-justicia-gutierrez-luna\/","title":{"rendered":"Atender la deuda que tenemos con nuestros migrantes no es un tema de partidos, sino de justicia: Guti\u00e9rrez Luna"},"content":{"rendered":"<p><strong>\u2022 Hace falta que puedan votar por gubernaturas, diputaciones federales y locales, y presidencias municipales, consider\u00f3<\/strong><\/p>\n<p><strong>\u2022 Integrantes de diversos grupos parlamentarios y colectivos presentaron iniciativas de ley en favor de los derechos pol\u00edtico-electorales de los migrantes<\/strong><\/p>\n<p>Diputadas y diputados de diversos grupos parlamentarios e integrantes de colectivos de migrantes presentaron dos iniciativas para incorporar en la Ley General de Instituciones y Procedimientos Electorales, las figuras de diputada y diputado migrante, as\u00ed como de senadora y senador migrante.<\/p>\n<p><iframe loading=\"lazy\" class=\"note-video-clip\" src=\"https:\/\/www.youtube.com\/embed\/m9GKtbY0s-g\" width=\"640\" height=\"360\" frameborder=\"0\" data-mce-fragment=\"1\"><\/iframe><\/p>\n<p>Al respecto, el presidente de la Mesa Directiva de la C\u00e1mara de Diputados, Sergio Carlos Guti\u00e9rrez Luna, asegur\u00f3 que atender la deuda hist\u00f3rica con las y los migrantes \u201cno es un tema de partidos, sino de justicia social\u201d.<\/p>\n<p>Hizo votos porque se reconozcan los derechos pol\u00edtico-electorales de los migrantes mexicanos, pues en la actualidad s\u00f3lo pueden votar para elegir Presidente de la Rep\u00fablica y senadores, pero hace falta que puedan hacerlo por diputadas y diputados federales y por las candidaturas o cargos de elecci\u00f3n en el \u00e1mbito local como: gubernaturas, presidencias municipales, diputaciones locales u otras instancias de gobierno.<\/p>\n<p>En la conferencia de prensa ofrecida a medios para la presentaci\u00f3n de las iniciativas, el diputado presidente consider\u00f3 que \u201ctenemos una deuda hist\u00f3rica con las y los migrantes. Ellos han tenido que salir del pa\u00eds porque no han encontrado condiciones y all\u00e1 han encontrado algunas para mantener a sus familias; y el tema de las remesas es algo que todos conocemos\u201d.<\/p>\n<p>Al mismo tiempo de suscribir las iniciativas, el diputado presidente se congratul\u00f3 que sea un tema de consenso de todos los grupos parlamentarios. \u201cTenemos una deuda clara con nuestras y nuestros paisanos y vamos a tomar este tema con seriedad y profundidad para sacarlo adelante\u201d.<\/p>\n<p>Guti\u00e9rrez Luna recalc\u00f3 que la comunidad migrante es parte de la naci\u00f3n. \u201cEllos son M\u00e9xico, est\u00e1n en Estados Unidos casi 36 millones de hombres y mujeres que fueron all\u00e1 a forjar con esfuerzo, con sudor y con sangre su destino para poder sacar adelante a sus familias\u201d.<\/p>\n<p>\u201cNo hay mexicanos de primera y de segunda, todas y todos somos mexicanos, estemos en territorio o estemos fuera porque la necesidad as\u00ed los orill\u00f3\u201d, agreg\u00f3.<\/p>\n<p>El diputado presidente se\u00f1al\u00f3 que \u201cesta es la ruta: ponernos de acuerdo para resolver los problemas de M\u00e9xico; de M\u00e9xico, en el territorio nacional, y de M\u00e9xico, representado por nuestros paisanos en Estados Unidos\u201d.<\/p>\n<p>\u201cA nombre de la C\u00e1mara cuentan con nosotros, vamos a sacar adelante esta iniciativa, para avanzar en el reconocimiento de sus derechos pol\u00edtico-electorales de votar y ser votados\u201d, asever\u00f3.<\/p>\n<p><b>Incorporar en la ley la figura de diputaci\u00f3n y senadur\u00eda migrante<\/b><\/p>\n<p>En la conferencia de prensa, la diputada Julieta Vences Valencia (Morena) anunci\u00f3 la presentaci\u00f3n de las dos iniciativas para incorporar en la Ley General de Instituciones y Procedimientos Electorales, las figuras de diputada y diputado migrante, as\u00ed como de senadora y senador migrante.<\/p>\n<p>Afirm\u00f3 que las dos propuestas son resultado de una lucha de d\u00e9cadas de las y los mexicanos que radican en el exterior. \u201cNo les estamos dando la concesi\u00f3n de nada, sino el reconocimiento de ser mexicanos por nacimiento o que nacen en el exterior de padres mexicanos\u201d.<\/p>\n<p>\u201cSon personas que se han ido de nuestro pa\u00eds por falta de oportunidades y tener mejores condiciones de vida para sus familias; sin embargo, no se olvidan de sus ra\u00edces y les interesa el bienestar de M\u00e9xico\u201d, agreg\u00f3.<\/p>\n<p>La diputada Elvia Yolanda Mart\u00ednez Cos\u00edo (MC) expuso que las y los migrantes tienen un motivo diferente por el cual dejar el pa\u00eds y esta experiencia no se aprende en una universidad, ni en un taller, ni en una conferencia. \u201cPara ser migrante tienes que vivirlo, sentirlo, caminar el d\u00eda a d\u00eda, aunque tambi\u00e9n gozar nuestro \u00e9xitos y alegr\u00edas\u201d.<\/p>\n<p>La diputada Elena Serrano Maldonado (PRI) celebr\u00f3 la presentaci\u00f3n de estas iniciativas y calific\u00f3 el hecho como hist\u00f3rico para los migrantes, porque fortalece la lucha de d\u00e9cadas de esta comunidad. \u201cHoy tenemos la oportunidad de levantar la voz a nombre de nuestros connacionales en el extranjero, en la m\u00e1xima tribuna del pa\u00eds y confiamos en que tendr\u00e1 resultados positivos\u201d.<\/p>\n<p>El diputado Juan Carlos Natale L\u00f3pez (PVEM) extern\u00f3 que tiene la sensibilidad de lo que vive un migrante que busca una vida mejor para \u00e9l y su familia, por lo que su bancada respaldar\u00e1 las propuestas para que se solventen sus derechos en el extranjero.<\/p>\n<p>El diputado Miguel \u00c1ngel Varela Pinedo (PAN) expres\u00f3 el apoyo de su grupo parlamentario a las iniciativas y a toda la acci\u00f3n colectiva que realizan las organizaciones de migrantes. Plante\u00f3 tambi\u00e9n la reactivaci\u00f3n del Programa 3X1 para Migrantes o el equivalente para reconocer la participaci\u00f3n solidaria de dicha comunidad y fomentar el desarrollo de sus \u00e1reas de origen.<\/p>\n<p>A su vez, la diputada Olga Leticia Ch\u00e1vez Rojas (Morena) mencion\u00f3 que como ciudadana mexicana y migrante sabe \u201cqu\u00e9 desahuciado est\u00e1 el que sabe macharse a vivir una cultura diferente, pero donde late el coraz\u00f3n de un mexicano ah\u00ed est\u00e1 M\u00e9xico\u201d.<\/p>\n<p>En la conferencia de prensa estuvieron integrantes del Colectivo de Federaciones y Organizaciones Mexicanas Migrantes, quienes celebraron la presentaci\u00f3n de las iniciativas y confiaron en que las y los diputados logren su aprobaci\u00f3n.<\/p>\n","protected":false},"excerpt":{"rendered":"<p>\u2022 Hace falta que puedan votar por gubernaturas, diputaciones federales y locales, y presidencias municipales, consider\u00f3 \u2022 Integrantes de diversos&#8230;<\/p>\n","protected":false},"author":1,"featured_media":0,"comment_status":"open","ping_status":"closed","sticky":false,"template":"","format":"standard","meta":{"footnotes":""},"categories":[1207,11310,6026,73,11297],"tags":[4959,77],"class_list":["post-153517","post","type-post","status-publish","format-standard","hentry","category-camara-de-diputados","category-camaras-legislativas","category-portada","category-principal","category-principales","tag-featured","tag-principal"],"yoast_head":"<!-- This site is optimized with the Yoast SEO plugin v26.5 - https:\/\/yoast.com\/wordpress\/plugins\/seo\/ -->\n<title>Atender la deuda que tenemos con nuestros migrantes no es un tema de partidos, sino de justicia: Guti\u00e9rrez Luna - NOTICIAS<\/title>\n<meta name=\"robots\" content=\"index, follow, max-snippet:-1, max-image-preview:large, max-video-preview:-1\" \/>\n<link rel=\"canonical\" href=\"https:\/\/laredsocial-noticias.com\/wp\/atender-la-deuda-que-tenemos-con-nuestros-migrantes-no-es-un-tema-de-partidos-sino-de-justicia-gutierrez-luna\/\" \/>\n<meta property=\"og:locale\" content=\"es_ES\" \/>\n<meta property=\"og:type\" content=\"article\" \/>\n<meta property=\"og:title\" content=\"Atender la deuda que tenemos con nuestros migrantes no es un tema de partidos, sino de justicia: Guti\u00e9rrez Luna - NOTICIAS\" \/>\n<meta property=\"og:description\" content=\"\u2022 Hace falta que puedan votar por gubernaturas, diputaciones federales y locales, y presidencias municipales, consider\u00f3 \u2022 Integrantes de diversos...\" \/>\n<meta property=\"og:url\" content=\"https:\/\/laredsocial-noticias.com\/wp\/atender-la-deuda-que-tenemos-con-nuestros-migrantes-no-es-un-tema-de-partidos-sino-de-justicia-gutierrez-luna\/\" \/>\n<meta property=\"og:site_name\" content=\"NOTICIAS\" \/>\n<meta property=\"article:published_time\" content=\"2021-09-22T01:08:54+00:00\" \/>\n<meta property=\"article:modified_time\" content=\"2021-09-22T01:08:57+00:00\" \/>\n<meta property=\"og:image\" content=\"https:\/\/laredsocial-noticias.com\/wp\/wp-content\/uploads\/2021\/09\/2021_09_21__05_02_00pm.jpg\" \/>\n\t<meta property=\"og:image:width\" content=\"800\" \/>\n\t<meta property=\"og:image:height\" content=\"533\" \/>\n\t<meta property=\"og:image:type\" content=\"image\/jpeg\" \/>\n<meta name=\"author\" content=\"Editor en Jefe\" \/>\n<meta name=\"twitter:card\" content=\"summary_large_image\" \/>\n<meta name=\"twitter:label1\" content=\"Escrito por\" \/>\n\t<meta name=\"twitter:data1\" content=\"Editor en Jefe\" \/>\n\t<meta name=\"twitter:label2\" content=\"Tiempo de lectura\" \/>\n\t<meta name=\"twitter:data2\" content=\"5 minutos\" \/>\n<!-- \/ Yoast SEO plugin. -->","yoast_head_json":{"title":"Atender la deuda que tenemos con nuestros migrantes no es un tema de partidos, sino de justicia: Guti\u00e9rrez Luna - NOTICIAS","robots":{"index":"index","follow":"follow","max-snippet":"max-snippet:-1","max-image-preview":"max-image-preview:large","max-video-preview":"max-video-preview:-1"},"canonical":"https:\/\/laredsocial-noticias.com\/wp\/atender-la-deuda-que-tenemos-con-nuestros-migrantes-no-es-un-tema-de-partidos-sino-de-justicia-gutierrez-luna\/","og_locale":"es_ES","og_type":"article","og_title":"Atender la deuda que tenemos con nuestros migrantes no es un tema de partidos, sino de justicia: Guti\u00e9rrez Luna - NOTICIAS","og_description":"\u2022 Hace falta que puedan votar por gubernaturas, diputaciones federales y locales, y presidencias municipales, consider\u00f3 \u2022 Integrantes de diversos...","og_url":"https:\/\/laredsocial-noticias.com\/wp\/atender-la-deuda-que-tenemos-con-nuestros-migrantes-no-es-un-tema-de-partidos-sino-de-justicia-gutierrez-luna\/","og_site_name":"NOTICIAS","article_published_time":"2021-09-22T01:08:54+00:00","article_modified_time":"2021-09-22T01:08:57+00:00","og_image":[{"width":800,"height":533,"url":"https:\/\/laredsocial-noticias.com\/wp\/wp-content\/uploads\/2021\/09\/2021_09_21__05_02_00pm.jpg","type":"image\/jpeg"}],"author":"Editor en Jefe","twitter_card":"summary_large_image","twitter_misc":{"Escrito por":"Editor en Jefe","Tiempo de lectura":"5 minutos"},"schema":{"@context":"https:\/\/schema.org","@graph":[{"@type":"WebPage","@id":"https:\/\/laredsocial-noticias.com\/wp\/atender-la-deuda-que-tenemos-con-nuestros-migrantes-no-es-un-tema-de-partidos-sino-de-justicia-gutierrez-luna\/","url":"https:\/\/laredsocial-noticias.com\/wp\/atender-la-deuda-que-tenemos-con-nuestros-migrantes-no-es-un-tema-de-partidos-sino-de-justicia-gutierrez-luna\/","name":"Atender la deuda que tenemos con nuestros migrantes no es un tema de partidos, sino de justicia: Guti\u00e9rrez Luna - NOTICIAS","isPartOf":{"@id":"https:\/\/laredsocial-noticias.com\/wp\/#website"},"datePublished":"2021-09-22T01:08:54+00:00","dateModified":"2021-09-22T01:08:57+00:00","author":{"@id":"https:\/\/laredsocial-noticias.com\/wp\/#\/schema\/person\/0ce78643f2de7aae6f6ef10e8453a6e0"},"breadcrumb":{"@id":"https:\/\/laredsocial-noticias.com\/wp\/atender-la-deuda-que-tenemos-con-nuestros-migrantes-no-es-un-tema-de-partidos-sino-de-justicia-gutierrez-luna\/#breadcrumb"},"inLanguage":"es","potentialAction":[{"@type":"ReadAction","target":["https:\/\/laredsocial-noticias.com\/wp\/atender-la-deuda-que-tenemos-con-nuestros-migrantes-no-es-un-tema-de-partidos-sino-de-justicia-gutierrez-luna\/"]}]},{"@type":"BreadcrumbList","@id":"https:\/\/laredsocial-noticias.com\/wp\/atender-la-deuda-que-tenemos-con-nuestros-migrantes-no-es-un-tema-de-partidos-sino-de-justicia-gutierrez-luna\/#breadcrumb","itemListElement":[{"@type":"ListItem","position":1,"name":"Portada","item":"https:\/\/laredsocial-noticias.com\/wp\/"},{"@type":"ListItem","position":2,"name":"Atender la deuda que tenemos con nuestros migrantes no es un tema de partidos, sino de justicia: Guti\u00e9rrez Luna"}]},{"@type":"WebSite","@id":"https:\/\/laredsocial-noticias.com\/wp\/#website","url":"https:\/\/laredsocial-noticias.com\/wp\/","name":"NOTICIAS","description":"Lo que se ve y se dice en las redes sociales","potentialAction":[{"@type":"SearchAction","target":{"@type":"EntryPoint","urlTemplate":"https:\/\/laredsocial-noticias.com\/wp\/?s={search_term_string}"},"query-input":{"@type":"PropertyValueSpecification","valueRequired":true,"valueName":"search_term_string"}}],"inLanguage":"es"},{"@type":"Person","@id":"https:\/\/laredsocial-noticias.com\/wp\/#\/schema\/person\/0ce78643f2de7aae6f6ef10e8453a6e0","name":"Editor en Jefe","url":"https:\/\/laredsocial-noticias.com\/wp\/author\/jorgeochoa\/"}]}},"_links":{"self":[{"href":"https:\/\/laredsocial-noticias.com\/wp\/wp-json\/wp\/v2\/posts\/153517","targetHints":{"allow":["GET"]}}],"collection":[{"href":"https:\/\/laredsocial-noticias.com\/wp\/wp-json\/wp\/v2\/posts"}],"about":[{"href":"https:\/\/laredsocial-noticias.com\/wp\/wp-json\/wp\/v2\/types\/post"}],"author":[{"embeddable":true,"href":"https:\/\/laredsocial-noticias.com\/wp\/wp-json\/wp\/v2\/users\/1"}],"replies":[{"embeddable":true,"href":"https:\/\/laredsocial-noticias.com\/wp\/wp-json\/wp\/v2\/comments?post=153517"}],"version-history":[{"count":1,"href":"https:\/\/laredsocial-noticias.com\/wp\/wp-json\/wp\/v2\/posts\/153517\/revisions"}],"predecessor-version":[{"id":153518,"href":"https:\/\/laredsocial-noticias.com\/wp\/wp-json\/wp\/v2\/posts\/153517\/revisions\/153518"}],"wp:attachment":[{"href":"https:\/\/laredsocial-noticias.com\/wp\/wp-json\/wp\/v2\/media?parent=153517"}],"wp:term":[{"taxonomy":"category","embeddable":true,"href":"https:\/\/laredsocial-noticias.com\/wp\/wp-json\/wp\/v2\/categories?post=153517"},{"taxonomy":"post_tag","embeddable":true,"href":"https:\/\/laredsocial-noticias.com\/wp\/wp-json\/wp\/v2\/tags?post=153517"}],"curies":[{"name":"wp","href":"https:\/\/api.w.org\/{rel}","templated":true}]}}