{"id":154521,"date":"2021-10-09T13:51:09","date_gmt":"2021-10-09T18:51:09","guid":{"rendered":"https:\/\/laredsocial-noticias.com\/wp\/?p=154521"},"modified":"2021-10-09T13:51:12","modified_gmt":"2021-10-09T18:51:12","slug":"comerciantes-de-la-tianguis-disidente-protestan-en-glorieta-de-los-insurgentes","status":"publish","type":"post","link":"https:\/\/laredsocial-noticias.com\/wp\/comerciantes-de-la-tianguis-disidente-protestan-en-glorieta-de-los-insurgentes\/","title":{"rendered":"Comerciantes de La Tianguis Disidente protestan en Glorieta de los Insurgentes"},"content":{"rendered":"<p>Comerciantes de \u201cLa Tianguis Disidente\u201d, conformado por integrantes de la comunidad LGBTQ+, se manifestaron\u00a0pac\u00edficamente\u00a0el viernes en la\u00a0Glorieta de los Insurgentes, donde com\u00fanmente instalan sus puestos de venta, para pedir un cese a las\u00a0agresiones\u00a0sufridas\u00a0en d\u00edas pasados.<\/p>\n<p>Con bailes y cantos, los vendedores ambulantes de La Tinguis Sexodisidente exigen a las autoridades capitalinas mayor seguridad en la zona para poder continuar con sus ventas y evitar la violencia que, aseguran, viven diariamente por parte de otros comerciantes, as\u00ed como de polic\u00edas y de la sociedad en general.<\/p>\n<p>La protesta pacifica se lleva a cabo luego de que el pasado 23 de septiembre los tianguistas fueron agredidos a golpes por\u00a0comerciantes de la calle G\u00e9nova, quienes les retiraron sus puestos violentamente del lugar, argumentando que el territorio les pertenec\u00eda por antig\u00fcedad.<\/p>\n<p>No obstante, al negarse, los integrantes de la comunidad LGBTQ+ fueron agredidos con palos, tubos y otros artefactos. Incluso, en redes sociales fueron difundidos videos e im\u00e1genes que muestran el momento de la agresi\u00f3n.<\/p>\n<p>Ante esta situaci\u00f3n y, tras una protesta en el Hemiciclo a Ju\u00e1rez, los comerciantes de la Tianguis Disidente se reunieron el jueves pasado con el subsecretario de Gobierno,\u00a0Ricardo Ruiz, para acordar un trato igualitario y se concretaron mesas de trabajo para buscar alg\u00fan programa de gobierno que les garantice trabajo en el comercio popular.<\/p>\n<p>En dicha reuni\u00f3n, los comerciantes de La Tianguis llegaron al acuerdo de que nadie m\u00e1s iba a vender en la\u00a0zona de la Glorieta de Insurgentes, sin embargo, la Tianguis Sexodisidente continua instalando sus puestos de mercanc\u00eda en el mismo lugar.<\/p>\n","protected":false},"excerpt":{"rendered":"<p>Comerciantes de \u201cLa Tianguis Disidente\u201d, conformado por integrantes de la comunidad LGBTQ+, se manifestaron\u00a0pac\u00edficamente\u00a0el viernes en la\u00a0Glorieta de los Insurgentes,&#8230;<\/p>\n","protected":false},"author":1,"featured_media":0,"comment_status":"open","ping_status":"closed","sticky":false,"template":"","format":"standard","meta":{"footnotes":""},"categories":[91,6026,73,11297],"tags":[261,1469,4959,77],"class_list":["post-154521","post","type-post","status-publish","format-standard","hentry","category-cdmx","category-portada","category-principal","category-principales","tag-cdmx","tag-ciudad-de-mexico","tag-featured","tag-principal"],"yoast_head":"<!-- This site is optimized with the Yoast SEO plugin v26.5 - https:\/\/yoast.com\/wordpress\/plugins\/seo\/ -->\n<title>Comerciantes de La Tianguis Disidente protestan en Glorieta de los Insurgentes - NOTICIAS<\/title>\n<meta name=\"robots\" content=\"index, follow, max-snippet:-1, max-image-preview:large, max-video-preview:-1\" \/>\n<link rel=\"canonical\" href=\"https:\/\/laredsocial-noticias.com\/wp\/comerciantes-de-la-tianguis-disidente-protestan-en-glorieta-de-los-insurgentes\/\" \/>\n<meta property=\"og:locale\" content=\"es_ES\" \/>\n<meta property=\"og:type\" content=\"article\" \/>\n<meta property=\"og:title\" content=\"Comerciantes de La Tianguis Disidente protestan en Glorieta de los Insurgentes - NOTICIAS\" \/>\n<meta property=\"og:description\" content=\"Comerciantes de \u201cLa Tianguis Disidente\u201d, conformado por integrantes de la comunidad LGBTQ+, se manifestaron\u00a0pac\u00edficamente\u00a0el viernes en la\u00a0Glorieta de los Insurgentes,...\" \/>\n<meta property=\"og:url\" content=\"https:\/\/laredsocial-noticias.com\/wp\/comerciantes-de-la-tianguis-disidente-protestan-en-glorieta-de-los-insurgentes\/\" \/>\n<meta property=\"og:site_name\" content=\"NOTICIAS\" \/>\n<meta property=\"article:published_time\" content=\"2021-10-09T18:51:09+00:00\" \/>\n<meta property=\"article:modified_time\" content=\"2021-10-09T18:51:12+00:00\" \/>\n<meta property=\"og:image\" content=\"https:\/\/laredsocial-noticias.com\/wp\/wp-content\/uploads\/2021\/10\/Tianguis-Disidente.jpg\" \/>\n\t<meta property=\"og:image:width\" content=\"1280\" \/>\n\t<meta property=\"og:image:height\" content=\"720\" \/>\n\t<meta property=\"og:image:type\" content=\"image\/jpeg\" \/>\n<meta name=\"author\" content=\"Editor en Jefe\" \/>\n<meta name=\"twitter:card\" content=\"summary_large_image\" \/>\n<meta name=\"twitter:label1\" content=\"Escrito por\" \/>\n\t<meta name=\"twitter:data1\" content=\"Editor en Jefe\" \/>\n\t<meta name=\"twitter:label2\" content=\"Tiempo de lectura\" \/>\n\t<meta name=\"twitter:data2\" content=\"1 minuto\" \/>\n<!-- \/ Yoast SEO plugin. -->","yoast_head_json":{"title":"Comerciantes de La Tianguis Disidente protestan en Glorieta de los Insurgentes - NOTICIAS","robots":{"index":"index","follow":"follow","max-snippet":"max-snippet:-1","max-image-preview":"max-image-preview:large","max-video-preview":"max-video-preview:-1"},"canonical":"https:\/\/laredsocial-noticias.com\/wp\/comerciantes-de-la-tianguis-disidente-protestan-en-glorieta-de-los-insurgentes\/","og_locale":"es_ES","og_type":"article","og_title":"Comerciantes de La Tianguis Disidente protestan en Glorieta de los Insurgentes - NOTICIAS","og_description":"Comerciantes de \u201cLa Tianguis Disidente\u201d, conformado por integrantes de la comunidad LGBTQ+, se manifestaron\u00a0pac\u00edficamente\u00a0el viernes en la\u00a0Glorieta de los Insurgentes,...","og_url":"https:\/\/laredsocial-noticias.com\/wp\/comerciantes-de-la-tianguis-disidente-protestan-en-glorieta-de-los-insurgentes\/","og_site_name":"NOTICIAS","article_published_time":"2021-10-09T18:51:09+00:00","article_modified_time":"2021-10-09T18:51:12+00:00","og_image":[{"width":1280,"height":720,"url":"https:\/\/laredsocial-noticias.com\/wp\/wp-content\/uploads\/2021\/10\/Tianguis-Disidente.jpg","type":"image\/jpeg"}],"author":"Editor en Jefe","twitter_card":"summary_large_image","twitter_misc":{"Escrito por":"Editor en Jefe","Tiempo de lectura":"1 minuto"},"schema":{"@context":"https:\/\/schema.org","@graph":[{"@type":"WebPage","@id":"https:\/\/laredsocial-noticias.com\/wp\/comerciantes-de-la-tianguis-disidente-protestan-en-glorieta-de-los-insurgentes\/","url":"https:\/\/laredsocial-noticias.com\/wp\/comerciantes-de-la-tianguis-disidente-protestan-en-glorieta-de-los-insurgentes\/","name":"Comerciantes de La Tianguis Disidente protestan en Glorieta de los Insurgentes - NOTICIAS","isPartOf":{"@id":"https:\/\/laredsocial-noticias.com\/wp\/#website"},"datePublished":"2021-10-09T18:51:09+00:00","dateModified":"2021-10-09T18:51:12+00:00","author":{"@id":"https:\/\/laredsocial-noticias.com\/wp\/#\/schema\/person\/0ce78643f2de7aae6f6ef10e8453a6e0"},"breadcrumb":{"@id":"https:\/\/laredsocial-noticias.com\/wp\/comerciantes-de-la-tianguis-disidente-protestan-en-glorieta-de-los-insurgentes\/#breadcrumb"},"inLanguage":"es","potentialAction":[{"@type":"ReadAction","target":["https:\/\/laredsocial-noticias.com\/wp\/comerciantes-de-la-tianguis-disidente-protestan-en-glorieta-de-los-insurgentes\/"]}]},{"@type":"BreadcrumbList","@id":"https:\/\/laredsocial-noticias.com\/wp\/comerciantes-de-la-tianguis-disidente-protestan-en-glorieta-de-los-insurgentes\/#breadcrumb","itemListElement":[{"@type":"ListItem","position":1,"name":"Portada","item":"https:\/\/laredsocial-noticias.com\/wp\/"},{"@type":"ListItem","position":2,"name":"Comerciantes de La Tianguis Disidente protestan en Glorieta de los Insurgentes"}]},{"@type":"WebSite","@id":"https:\/\/laredsocial-noticias.com\/wp\/#website","url":"https:\/\/laredsocial-noticias.com\/wp\/","name":"NOTICIAS","description":"Lo que se ve y se dice en las redes sociales","potentialAction":[{"@type":"SearchAction","target":{"@type":"EntryPoint","urlTemplate":"https:\/\/laredsocial-noticias.com\/wp\/?s={search_term_string}"},"query-input":{"@type":"PropertyValueSpecification","valueRequired":true,"valueName":"search_term_string"}}],"inLanguage":"es"},{"@type":"Person","@id":"https:\/\/laredsocial-noticias.com\/wp\/#\/schema\/person\/0ce78643f2de7aae6f6ef10e8453a6e0","name":"Editor en Jefe","url":"https:\/\/laredsocial-noticias.com\/wp\/author\/jorgeochoa\/"}]}},"_links":{"self":[{"href":"https:\/\/laredsocial-noticias.com\/wp\/wp-json\/wp\/v2\/posts\/154521","targetHints":{"allow":["GET"]}}],"collection":[{"href":"https:\/\/laredsocial-noticias.com\/wp\/wp-json\/wp\/v2\/posts"}],"about":[{"href":"https:\/\/laredsocial-noticias.com\/wp\/wp-json\/wp\/v2\/types\/post"}],"author":[{"embeddable":true,"href":"https:\/\/laredsocial-noticias.com\/wp\/wp-json\/wp\/v2\/users\/1"}],"replies":[{"embeddable":true,"href":"https:\/\/laredsocial-noticias.com\/wp\/wp-json\/wp\/v2\/comments?post=154521"}],"version-history":[{"count":1,"href":"https:\/\/laredsocial-noticias.com\/wp\/wp-json\/wp\/v2\/posts\/154521\/revisions"}],"predecessor-version":[{"id":154522,"href":"https:\/\/laredsocial-noticias.com\/wp\/wp-json\/wp\/v2\/posts\/154521\/revisions\/154522"}],"wp:attachment":[{"href":"https:\/\/laredsocial-noticias.com\/wp\/wp-json\/wp\/v2\/media?parent=154521"}],"wp:term":[{"taxonomy":"category","embeddable":true,"href":"https:\/\/laredsocial-noticias.com\/wp\/wp-json\/wp\/v2\/categories?post=154521"},{"taxonomy":"post_tag","embeddable":true,"href":"https:\/\/laredsocial-noticias.com\/wp\/wp-json\/wp\/v2\/tags?post=154521"}],"curies":[{"name":"wp","href":"https:\/\/api.w.org\/{rel}","templated":true}]}}