{"id":155327,"date":"2021-10-25T00:15:01","date_gmt":"2021-10-25T05:15:01","guid":{"rendered":"https:\/\/laredsocial-noticias.com\/wp\/?p=155327"},"modified":"2021-10-25T15:58:17","modified_gmt":"2021-10-25T20:58:17","slug":"zenyazen-roberto-escobar-garcia-secretario-de-educacion-de-veracruz-le-arman-ataques-bajos-y-sin-fundamentos","status":"publish","type":"post","link":"https:\/\/laredsocial-noticias.com\/wp\/zenyazen-roberto-escobar-garcia-secretario-de-educacion-de-veracruz-le-arman-ataques-bajos-y-sin-fundamentos\/","title":{"rendered":"Zenyazen Roberto Escobar Garc\u00eda secretario de Educaci\u00f3n de Veracruz le arman ataques bajos y sin fundamentos"},"content":{"rendered":"<p>&nbsp;<\/p>\n<p>\u00bfPeriodismo de investigaci\u00f3n?<\/p>\n<p>Acusados de magnates y de fracasados, medios de comunicaci\u00f3n son utilizados para golpetear al gobierno de Veracruz, acusan y hasta involucran a la Fiscal\u00eda Especializada en Combate a la Corrupci\u00f3n, lo cual no se puede comprobar los hechos que mencionan.<\/p>\n<p>En esta ocasi\u00f3n es al Secretario de Educaci\u00f3n de Veracruz, Zenyazen Roberto Escobar Garc\u00eda, quien (seg\u00fan denuncia pseudo period\u00edstica) \u201cYa est\u00e1 siendo investigado por actos de corrupci\u00f3n y la denuncia interpuesta por sus anteriores compa\u00f1eros, confidentes y ahora ac\u00e9rrimos enemigos e integrantes del Movimiento Magisterial Popular Veracruzano (MMPV)\u201d. Filtraci\u00f3n que result\u00f3 ser falsa.<\/p>\n<p>Seg\u00fan la \u201cinvestigaci\u00f3n\u201d lanza acusaciones sin fundamentar y mediante el Secretario de Educaci\u00f3n Estatal intentan golpear al Gobernador de Veracruz, un acto que, si fuera cierto, se optar\u00eda por la frontalidad y las evidencias, eso es lo que har\u00eda una investigaci\u00f3n period\u00edstica basada en la verdad, muy lejos de serlo se han quedado esas palabras escritas por el reportero que escribe la nota.<\/p>\n<p>Seg\u00fan la \u201cinvestigaci\u00f3n period\u00edstica\u201d, los d\u00edas 11 y 12 del 2020 (es decir, o no saben la fecha o fueron ambos d\u00edas) quienes interpusieron denuncia penal en la Fiscal\u00eda Especializada en el Combate a la Corrupci\u00f3n de la Fiscal\u00eda General del Estado, personas que denunciaron son docentes de nivel Primaria y Preescolar Estatal y Federal de la SEV, personas no identificadas y no presentadas, es m\u00e1s, vinculan unas carpetas de investigaci\u00f3n que no fueron encontradas, no porque se extraviaran, y si porque esos n\u00fameros consecutivos no son utilizados por la Fiscal\u00eda, y menos por la Oficial\u00eda de Partes.<\/p>\n<p>Moches que no son moches<br \/>\nEn el \u00e1nimo de vender mejor una nota, se le acusa al ciudadano, y no al funcionario p\u00fablico, lo cual en caso de ser ciudadano, sus acciones como emprendedor son las de una empresa que lucra con servicios, y les informamos al medio \u201cperiod\u00edstico\u201d eso es totalmente legal; la investigaci\u00f3n no aborda ni menciona a Escobar Garc\u00eda, como funcionario p\u00fablico, por lo cual a lo que llaman ellos moches, son simplemente inventos de una mente desocupada y con malas intenciones.<\/p>\n<p>Ataque bajo y ruin<br \/>\nCuando un medio \u201cperiod\u00edstico\u201d ataca a la vida privada y pone en juicio la moral de una persona, esa investigaci\u00f3n se cae por su propio peso, acusar a alguien de (cito textual):<\/p>\n<p>\u201cZenyazen Roberto Escobar Garc\u00eda: perdedor, stripper, acompa\u00f1ante en bares\u201d, parece que el medio de comunicaci\u00f3n, amparado en la libertad de expresi\u00f3n quiere hacer su propia Constituci\u00f3n, donde ser perdedor es delito, ser acompa\u00f1ante en bares debe ser juzgado y ser stripper es un acto deplorable, lo deplorable es la mente del reportero que intenta imponer sus juicios de valor y su moral en sus audiencias y en el escaso p\u00fablico que le crea sus mentiras; deber\u00edamos remitir a la escuela de periodismo al reportero en la que una de las m\u00e1ximas a escribir es sobre los hechos comprobables y m\u00e1s importante, sobre la objetividad, en este caso, su odio, su machismo y su doble moral le han jugado en contra.<\/p>\n","protected":false},"excerpt":{"rendered":"<p>&nbsp; \u00bfPeriodismo de investigaci\u00f3n? Acusados de magnates y de fracasados, medios de comunicaci\u00f3n son utilizados para golpetear al gobierno de&#8230;<\/p>\n","protected":false},"author":1,"featured_media":0,"comment_status":"open","ping_status":"closed","sticky":false,"template":"","format":"standard","meta":{"footnotes":""},"categories":[78],"tags":[],"class_list":["post-155327","post","type-post","status-publish","format-standard","hentry","category-nacional"],"yoast_head":"<!-- This site is optimized with the Yoast SEO plugin v26.5 - https:\/\/yoast.com\/wordpress\/plugins\/seo\/ -->\n<title>Zenyazen Roberto Escobar Garc\u00eda secretario de Educaci\u00f3n de Veracruz le arman ataques bajos y sin fundamentos - NOTICIAS<\/title>\n<meta name=\"robots\" content=\"index, follow, max-snippet:-1, max-image-preview:large, max-video-preview:-1\" \/>\n<link rel=\"canonical\" href=\"https:\/\/laredsocial-noticias.com\/wp\/zenyazen-roberto-escobar-garcia-secretario-de-educacion-de-veracruz-le-arman-ataques-bajos-y-sin-fundamentos\/\" \/>\n<meta property=\"og:locale\" content=\"es_ES\" \/>\n<meta property=\"og:type\" content=\"article\" \/>\n<meta property=\"og:title\" content=\"Zenyazen Roberto Escobar Garc\u00eda secretario de Educaci\u00f3n de Veracruz le arman ataques bajos y sin fundamentos - NOTICIAS\" \/>\n<meta property=\"og:description\" content=\"&nbsp; \u00bfPeriodismo de investigaci\u00f3n? Acusados de magnates y de fracasados, medios de comunicaci\u00f3n son utilizados para golpetear al gobierno de...\" \/>\n<meta property=\"og:url\" content=\"https:\/\/laredsocial-noticias.com\/wp\/zenyazen-roberto-escobar-garcia-secretario-de-educacion-de-veracruz-le-arman-ataques-bajos-y-sin-fundamentos\/\" \/>\n<meta property=\"og:site_name\" content=\"NOTICIAS\" \/>\n<meta property=\"article:published_time\" content=\"2021-10-25T05:15:01+00:00\" \/>\n<meta property=\"article:modified_time\" content=\"2021-10-25T20:58:17+00:00\" \/>\n<meta property=\"og:image\" content=\"https:\/\/laredsocial-noticias.com\/wp\/wp-content\/uploads\/2021\/10\/17646b4a-4933-477c-8f39-af226db37fb1.jpg\" \/>\n\t<meta property=\"og:image:width\" content=\"768\" \/>\n\t<meta property=\"og:image:height\" content=\"531\" \/>\n\t<meta property=\"og:image:type\" content=\"image\/jpeg\" \/>\n<meta name=\"author\" content=\"Editor en Jefe\" \/>\n<meta name=\"twitter:card\" content=\"summary_large_image\" \/>\n<meta name=\"twitter:label1\" content=\"Escrito por\" \/>\n\t<meta name=\"twitter:data1\" content=\"Editor en Jefe\" \/>\n\t<meta name=\"twitter:label2\" content=\"Tiempo de lectura\" \/>\n\t<meta name=\"twitter:data2\" content=\"3 minutos\" \/>\n<!-- \/ Yoast SEO plugin. -->","yoast_head_json":{"title":"Zenyazen Roberto Escobar Garc\u00eda secretario de Educaci\u00f3n de Veracruz le arman ataques bajos y sin fundamentos - NOTICIAS","robots":{"index":"index","follow":"follow","max-snippet":"max-snippet:-1","max-image-preview":"max-image-preview:large","max-video-preview":"max-video-preview:-1"},"canonical":"https:\/\/laredsocial-noticias.com\/wp\/zenyazen-roberto-escobar-garcia-secretario-de-educacion-de-veracruz-le-arman-ataques-bajos-y-sin-fundamentos\/","og_locale":"es_ES","og_type":"article","og_title":"Zenyazen Roberto Escobar Garc\u00eda secretario de Educaci\u00f3n de Veracruz le arman ataques bajos y sin fundamentos - NOTICIAS","og_description":"&nbsp; \u00bfPeriodismo de investigaci\u00f3n? Acusados de magnates y de fracasados, medios de comunicaci\u00f3n son utilizados para golpetear al gobierno de...","og_url":"https:\/\/laredsocial-noticias.com\/wp\/zenyazen-roberto-escobar-garcia-secretario-de-educacion-de-veracruz-le-arman-ataques-bajos-y-sin-fundamentos\/","og_site_name":"NOTICIAS","article_published_time":"2021-10-25T05:15:01+00:00","article_modified_time":"2021-10-25T20:58:17+00:00","og_image":[{"width":768,"height":531,"url":"https:\/\/laredsocial-noticias.com\/wp\/wp-content\/uploads\/2021\/10\/17646b4a-4933-477c-8f39-af226db37fb1.jpg","type":"image\/jpeg"}],"author":"Editor en Jefe","twitter_card":"summary_large_image","twitter_misc":{"Escrito por":"Editor en Jefe","Tiempo de lectura":"3 minutos"},"schema":{"@context":"https:\/\/schema.org","@graph":[{"@type":"WebPage","@id":"https:\/\/laredsocial-noticias.com\/wp\/zenyazen-roberto-escobar-garcia-secretario-de-educacion-de-veracruz-le-arman-ataques-bajos-y-sin-fundamentos\/","url":"https:\/\/laredsocial-noticias.com\/wp\/zenyazen-roberto-escobar-garcia-secretario-de-educacion-de-veracruz-le-arman-ataques-bajos-y-sin-fundamentos\/","name":"Zenyazen Roberto Escobar Garc\u00eda secretario de Educaci\u00f3n de Veracruz le arman ataques bajos y sin fundamentos - NOTICIAS","isPartOf":{"@id":"https:\/\/laredsocial-noticias.com\/wp\/#website"},"datePublished":"2021-10-25T05:15:01+00:00","dateModified":"2021-10-25T20:58:17+00:00","author":{"@id":"https:\/\/laredsocial-noticias.com\/wp\/#\/schema\/person\/0ce78643f2de7aae6f6ef10e8453a6e0"},"breadcrumb":{"@id":"https:\/\/laredsocial-noticias.com\/wp\/zenyazen-roberto-escobar-garcia-secretario-de-educacion-de-veracruz-le-arman-ataques-bajos-y-sin-fundamentos\/#breadcrumb"},"inLanguage":"es","potentialAction":[{"@type":"ReadAction","target":["https:\/\/laredsocial-noticias.com\/wp\/zenyazen-roberto-escobar-garcia-secretario-de-educacion-de-veracruz-le-arman-ataques-bajos-y-sin-fundamentos\/"]}]},{"@type":"BreadcrumbList","@id":"https:\/\/laredsocial-noticias.com\/wp\/zenyazen-roberto-escobar-garcia-secretario-de-educacion-de-veracruz-le-arman-ataques-bajos-y-sin-fundamentos\/#breadcrumb","itemListElement":[{"@type":"ListItem","position":1,"name":"Portada","item":"https:\/\/laredsocial-noticias.com\/wp\/"},{"@type":"ListItem","position":2,"name":"Zenyazen Roberto Escobar Garc\u00eda secretario de Educaci\u00f3n de Veracruz le arman ataques bajos y sin fundamentos"}]},{"@type":"WebSite","@id":"https:\/\/laredsocial-noticias.com\/wp\/#website","url":"https:\/\/laredsocial-noticias.com\/wp\/","name":"NOTICIAS","description":"Lo que se ve y se dice en las redes sociales","potentialAction":[{"@type":"SearchAction","target":{"@type":"EntryPoint","urlTemplate":"https:\/\/laredsocial-noticias.com\/wp\/?s={search_term_string}"},"query-input":{"@type":"PropertyValueSpecification","valueRequired":true,"valueName":"search_term_string"}}],"inLanguage":"es"},{"@type":"Person","@id":"https:\/\/laredsocial-noticias.com\/wp\/#\/schema\/person\/0ce78643f2de7aae6f6ef10e8453a6e0","name":"Editor en Jefe","url":"https:\/\/laredsocial-noticias.com\/wp\/author\/jorgeochoa\/"}]}},"_links":{"self":[{"href":"https:\/\/laredsocial-noticias.com\/wp\/wp-json\/wp\/v2\/posts\/155327","targetHints":{"allow":["GET"]}}],"collection":[{"href":"https:\/\/laredsocial-noticias.com\/wp\/wp-json\/wp\/v2\/posts"}],"about":[{"href":"https:\/\/laredsocial-noticias.com\/wp\/wp-json\/wp\/v2\/types\/post"}],"author":[{"embeddable":true,"href":"https:\/\/laredsocial-noticias.com\/wp\/wp-json\/wp\/v2\/users\/1"}],"replies":[{"embeddable":true,"href":"https:\/\/laredsocial-noticias.com\/wp\/wp-json\/wp\/v2\/comments?post=155327"}],"version-history":[{"count":1,"href":"https:\/\/laredsocial-noticias.com\/wp\/wp-json\/wp\/v2\/posts\/155327\/revisions"}],"predecessor-version":[{"id":155328,"href":"https:\/\/laredsocial-noticias.com\/wp\/wp-json\/wp\/v2\/posts\/155327\/revisions\/155328"}],"wp:attachment":[{"href":"https:\/\/laredsocial-noticias.com\/wp\/wp-json\/wp\/v2\/media?parent=155327"}],"wp:term":[{"taxonomy":"category","embeddable":true,"href":"https:\/\/laredsocial-noticias.com\/wp\/wp-json\/wp\/v2\/categories?post=155327"},{"taxonomy":"post_tag","embeddable":true,"href":"https:\/\/laredsocial-noticias.com\/wp\/wp-json\/wp\/v2\/tags?post=155327"}],"curies":[{"name":"wp","href":"https:\/\/api.w.org\/{rel}","templated":true}]}}