{"id":155843,"date":"2021-11-05T11:35:16","date_gmt":"2021-11-05T17:35:16","guid":{"rendered":"https:\/\/laredsocial-noticias.com\/wp\/?p=155843"},"modified":"2021-11-05T11:37:28","modified_gmt":"2021-11-05T17:37:28","slug":"reforzar-estrategia-de-pacificacion-en-mexico-pide-monreal-a-gabinete-de-seguridad","status":"publish","type":"post","link":"https:\/\/laredsocial-noticias.com\/wp\/reforzar-estrategia-de-pacificacion-en-mexico-pide-monreal-a-gabinete-de-seguridad\/","title":{"rendered":"Reforzar estrategia de pacificaci\u00f3n en M\u00e9xico, pide Monreal a gabinete de Seguridad"},"content":{"rendered":"<p>Ricardo Monreal, coordinador de Morena en el Senado, lament\u00f3 los hechos de violentos ocurridos en Canc\u00fan luego de la balacera ocurrida entre grupos antagonistas de narcomenudistas en el hotel Azul Beach Resort de Bah\u00eda Petempich, en Puerto Morelos, Quintana Roo.<\/p>\n<p>Mediante su cuenta de Twitter el senador Monreal llam\u00f3 al gabinete de Seguridad a reforzar la estrategia de pacificaci\u00f3n en M\u00e9xico, dado que el turismo es clave para la recuperaci\u00f3n econ\u00f3mica de nuestro pa\u00eds.<\/p>\n<p>&#8220;Lamentamos los hechos provocados en Canc\u00fan por presuntos delincuentes&#8221;, tuite\u00f3 el presidente de la Junta de Coordinaci\u00f3n Pol\u00edtica (Jucopo).<\/p>\n<p>Monreal \u00c1vila reconoci\u00f3 que &#8220;la prioridad del pa\u00eds es lograr la tranquilidad y la paz.<\/p>\n<p>Cabe mencionar que el pasado 28 de octubre Ricardo Monreal destac\u00f3 la importancia del sector tur\u00edstico para la econom\u00eda del pa\u00eds y por ello inform\u00f3 que la C\u00e1mara Alta solicitar\u00eda al gobierno federal el env\u00edo de m\u00e1s elementos de la Guardia Nacional a los destinos tur\u00edsticos donde se ha recrudecido la violencia.<\/p>\n<p>Durante la firma de un convenio de colaboraci\u00f3n con Visit M\u00e9xico, Ricardo Monreal reconoci\u00f3 que para detonar nuevamente el turismo es necesario reducir los \u00edndices de violencia que alejan a los visitantes pues destac\u00f3 que, a pesar de la pandemia, M\u00e9xico logr\u00f3 posicionarse como el tercer pa\u00eds m\u00e1s visitado del mundo durante 2020, despu\u00e9s de Francia e Italia.<\/p>\n<blockquote class=\"twitter-tweet\" data-width=\"550\" data-dnt=\"true\">\n<p lang=\"es\" dir=\"ltr\">Lamentamos los hechos provocados en Canc\u00fan por presuntos delincuentes. La prioridad del pa\u00eds es lograr la tranquilidad y la paz. Hacemos un llamado al gabinete de Seguridad, para reforzar la estrategia de pacificaci\u00f3n en M\u00e9xico. El turismo es clave para la recuperaci\u00f3n econ\u00f3mica.<\/p>\n<p>&mdash; Ricardo Monreal A. (@RicardoMonrealA) <a href=\"https:\/\/twitter.com\/RicardoMonrealA\/status\/1456648447952658438?ref_src=twsrc%5Etfw\">November 5, 2021<\/a><\/p><\/blockquote>\n<p><script async src=\"https:\/\/platform.twitter.com\/widgets.js\" charset=\"utf-8\"><\/script><\/p>\n<p>&nbsp;<\/p>\n<div style=\"width: 640px;\" class=\"wp-video\"><video class=\"wp-video-shortcode\" id=\"video-155843-1\" width=\"640\" height=\"640\" preload=\"metadata\" controls=\"controls\"><source type=\"video\/mp4\" src=\"https:\/\/laredsocial-noticias.com\/wp\/wp-content\/uploads\/2021\/11\/VIDEO-2021-11-04-21-49-26.mp4?_=1\" \/><a href=\"https:\/\/laredsocial-noticias.com\/wp\/wp-content\/uploads\/2021\/11\/VIDEO-2021-11-04-21-49-26.mp4\">https:\/\/laredsocial-noticias.com\/wp\/wp-content\/uploads\/2021\/11\/VIDEO-2021-11-04-21-49-26.mp4<\/a><\/video><\/div>\n","protected":false},"excerpt":{"rendered":"<p>Ricardo Monreal, coordinador de Morena en el Senado, lament\u00f3 los hechos de violentos ocurridos en Canc\u00fan luego de la balacera&#8230;<\/p>\n","protected":false},"author":1,"featured_media":0,"comment_status":"closed","ping_status":"closed","sticky":false,"template":"","format":"standard","meta":{"footnotes":""},"categories":[27,3716,13,59],"tags":[],"class_list":["post-155843","post","type-post","status-publish","format-standard","hentry","category-congreso-de-la-union","category-seguridad-interior","category-seguridad-nacional","category-senado"],"yoast_head":"<!-- This site is optimized with the Yoast SEO plugin v26.5 - https:\/\/yoast.com\/wordpress\/plugins\/seo\/ -->\n<title>Reforzar estrategia de pacificaci\u00f3n en M\u00e9xico, pide Monreal a gabinete de Seguridad - NOTICIAS<\/title>\n<meta name=\"robots\" content=\"index, follow, max-snippet:-1, max-image-preview:large, max-video-preview:-1\" \/>\n<link rel=\"canonical\" href=\"https:\/\/laredsocial-noticias.com\/wp\/reforzar-estrategia-de-pacificacion-en-mexico-pide-monreal-a-gabinete-de-seguridad\/\" \/>\n<meta property=\"og:locale\" content=\"es_ES\" \/>\n<meta property=\"og:type\" content=\"article\" \/>\n<meta property=\"og:title\" content=\"Reforzar estrategia de pacificaci\u00f3n en M\u00e9xico, pide Monreal a gabinete de Seguridad - NOTICIAS\" \/>\n<meta property=\"og:description\" content=\"Ricardo Monreal, coordinador de Morena en el Senado, lament\u00f3 los hechos de violentos ocurridos en Canc\u00fan luego de la balacera...\" \/>\n<meta property=\"og:url\" content=\"https:\/\/laredsocial-noticias.com\/wp\/reforzar-estrategia-de-pacificacion-en-mexico-pide-monreal-a-gabinete-de-seguridad\/\" \/>\n<meta property=\"og:site_name\" content=\"NOTICIAS\" \/>\n<meta property=\"article:published_time\" content=\"2021-11-05T17:35:16+00:00\" \/>\n<meta property=\"article:modified_time\" content=\"2021-11-05T17:37:28+00:00\" \/>\n<meta property=\"og:image\" content=\"https:\/\/laredsocial-noticias.com\/wp\/wp-content\/uploads\/2021\/10\/monreal-entrevista.jpeg\" \/>\n\t<meta property=\"og:image:width\" content=\"1024\" \/>\n\t<meta property=\"og:image:height\" content=\"683\" \/>\n\t<meta property=\"og:image:type\" content=\"image\/jpeg\" \/>\n<meta name=\"author\" content=\"Editor en Jefe\" \/>\n<meta name=\"twitter:card\" content=\"summary_large_image\" \/>\n<meta name=\"twitter:label1\" content=\"Escrito por\" \/>\n\t<meta name=\"twitter:data1\" content=\"Editor en Jefe\" \/>\n\t<meta name=\"twitter:label2\" content=\"Tiempo de lectura\" \/>\n\t<meta name=\"twitter:data2\" content=\"1 minuto\" \/>\n<!-- \/ Yoast SEO plugin. -->","yoast_head_json":{"title":"Reforzar estrategia de pacificaci\u00f3n en M\u00e9xico, pide Monreal a gabinete de Seguridad - NOTICIAS","robots":{"index":"index","follow":"follow","max-snippet":"max-snippet:-1","max-image-preview":"max-image-preview:large","max-video-preview":"max-video-preview:-1"},"canonical":"https:\/\/laredsocial-noticias.com\/wp\/reforzar-estrategia-de-pacificacion-en-mexico-pide-monreal-a-gabinete-de-seguridad\/","og_locale":"es_ES","og_type":"article","og_title":"Reforzar estrategia de pacificaci\u00f3n en M\u00e9xico, pide Monreal a gabinete de Seguridad - NOTICIAS","og_description":"Ricardo Monreal, coordinador de Morena en el Senado, lament\u00f3 los hechos de violentos ocurridos en Canc\u00fan luego de la balacera...","og_url":"https:\/\/laredsocial-noticias.com\/wp\/reforzar-estrategia-de-pacificacion-en-mexico-pide-monreal-a-gabinete-de-seguridad\/","og_site_name":"NOTICIAS","article_published_time":"2021-11-05T17:35:16+00:00","article_modified_time":"2021-11-05T17:37:28+00:00","og_image":[{"width":1024,"height":683,"url":"https:\/\/laredsocial-noticias.com\/wp\/wp-content\/uploads\/2021\/10\/monreal-entrevista.jpeg","type":"image\/jpeg"}],"author":"Editor en Jefe","twitter_card":"summary_large_image","twitter_misc":{"Escrito por":"Editor en Jefe","Tiempo de lectura":"1 minuto"},"schema":{"@context":"https:\/\/schema.org","@graph":[{"@type":"WebPage","@id":"https:\/\/laredsocial-noticias.com\/wp\/reforzar-estrategia-de-pacificacion-en-mexico-pide-monreal-a-gabinete-de-seguridad\/","url":"https:\/\/laredsocial-noticias.com\/wp\/reforzar-estrategia-de-pacificacion-en-mexico-pide-monreal-a-gabinete-de-seguridad\/","name":"Reforzar estrategia de pacificaci\u00f3n en M\u00e9xico, pide Monreal a gabinete de Seguridad - NOTICIAS","isPartOf":{"@id":"https:\/\/laredsocial-noticias.com\/wp\/#website"},"datePublished":"2021-11-05T17:35:16+00:00","dateModified":"2021-11-05T17:37:28+00:00","author":{"@id":"https:\/\/laredsocial-noticias.com\/wp\/#\/schema\/person\/0ce78643f2de7aae6f6ef10e8453a6e0"},"breadcrumb":{"@id":"https:\/\/laredsocial-noticias.com\/wp\/reforzar-estrategia-de-pacificacion-en-mexico-pide-monreal-a-gabinete-de-seguridad\/#breadcrumb"},"inLanguage":"es","potentialAction":[{"@type":"ReadAction","target":["https:\/\/laredsocial-noticias.com\/wp\/reforzar-estrategia-de-pacificacion-en-mexico-pide-monreal-a-gabinete-de-seguridad\/"]}]},{"@type":"BreadcrumbList","@id":"https:\/\/laredsocial-noticias.com\/wp\/reforzar-estrategia-de-pacificacion-en-mexico-pide-monreal-a-gabinete-de-seguridad\/#breadcrumb","itemListElement":[{"@type":"ListItem","position":1,"name":"Portada","item":"https:\/\/laredsocial-noticias.com\/wp\/"},{"@type":"ListItem","position":2,"name":"Reforzar estrategia de pacificaci\u00f3n en M\u00e9xico, pide Monreal a gabinete de Seguridad"}]},{"@type":"WebSite","@id":"https:\/\/laredsocial-noticias.com\/wp\/#website","url":"https:\/\/laredsocial-noticias.com\/wp\/","name":"NOTICIAS","description":"Lo que se ve y se dice en las redes sociales","potentialAction":[{"@type":"SearchAction","target":{"@type":"EntryPoint","urlTemplate":"https:\/\/laredsocial-noticias.com\/wp\/?s={search_term_string}"},"query-input":{"@type":"PropertyValueSpecification","valueRequired":true,"valueName":"search_term_string"}}],"inLanguage":"es"},{"@type":"Person","@id":"https:\/\/laredsocial-noticias.com\/wp\/#\/schema\/person\/0ce78643f2de7aae6f6ef10e8453a6e0","name":"Editor en Jefe","url":"https:\/\/laredsocial-noticias.com\/wp\/author\/jorgeochoa\/"}]}},"_links":{"self":[{"href":"https:\/\/laredsocial-noticias.com\/wp\/wp-json\/wp\/v2\/posts\/155843","targetHints":{"allow":["GET"]}}],"collection":[{"href":"https:\/\/laredsocial-noticias.com\/wp\/wp-json\/wp\/v2\/posts"}],"about":[{"href":"https:\/\/laredsocial-noticias.com\/wp\/wp-json\/wp\/v2\/types\/post"}],"author":[{"embeddable":true,"href":"https:\/\/laredsocial-noticias.com\/wp\/wp-json\/wp\/v2\/users\/1"}],"replies":[{"embeddable":true,"href":"https:\/\/laredsocial-noticias.com\/wp\/wp-json\/wp\/v2\/comments?post=155843"}],"version-history":[{"count":2,"href":"https:\/\/laredsocial-noticias.com\/wp\/wp-json\/wp\/v2\/posts\/155843\/revisions"}],"predecessor-version":[{"id":155845,"href":"https:\/\/laredsocial-noticias.com\/wp\/wp-json\/wp\/v2\/posts\/155843\/revisions\/155845"}],"wp:attachment":[{"href":"https:\/\/laredsocial-noticias.com\/wp\/wp-json\/wp\/v2\/media?parent=155843"}],"wp:term":[{"taxonomy":"category","embeddable":true,"href":"https:\/\/laredsocial-noticias.com\/wp\/wp-json\/wp\/v2\/categories?post=155843"},{"taxonomy":"post_tag","embeddable":true,"href":"https:\/\/laredsocial-noticias.com\/wp\/wp-json\/wp\/v2\/tags?post=155843"}],"curies":[{"name":"wp","href":"https:\/\/api.w.org\/{rel}","templated":true}]}}