{"id":157925,"date":"2021-12-15T14:00:08","date_gmt":"2021-12-15T20:00:08","guid":{"rendered":"https:\/\/laredsocial-noticias.com\/wp\/?p=157925"},"modified":"2021-12-15T16:48:30","modified_gmt":"2021-12-15T22:48:30","slug":"designan-a-senadoras-y-senadores-que-formaran-parte-de-la-comision-permanente","status":"publish","type":"post","link":"https:\/\/laredsocial-noticias.com\/wp\/designan-a-senadoras-y-senadores-que-formaran-parte-de-la-comision-permanente\/","title":{"rendered":"Designan a senadoras y senadores que formar\u00e1n parte de la Comisi\u00f3n Permanente"},"content":{"rendered":"<p>Con 97 votos a favor y cinco en contra, el Pleno de Senado de la Rep\u00fablica design\u00f3 a las y los senadores que formar\u00e1n parte de la Comisi\u00f3n Permanente del Congreso de la Uni\u00f3n, correspondiente al Primer Receso del Primer A\u00f1o de Ejercicio de la LXV Legislatura.<\/p>\n<p>Por el Grupo Parlamentario de Morena, ser\u00e1n titulares las y los senadores Olga S\u00e1nchez Cordero, Eduardo Ram\u00edrez Aguilar, Ver\u00f3nica Noem\u00ed Camino Farjat, Sergio P\u00e9rez Flores, Lilia Margarita Valdez Mart\u00ednez, Daniel Guti\u00e9rrez Castorena, Mar\u00eda Celeste S\u00e1nchez Sug\u00eda y Ra\u00fal de Jes\u00fas Elenes Angulo.<\/p>\n<p>Como suplentes de esta fracci\u00f3n parlamentaria estar\u00e1n los senadores Gilberto Herrera Ruiz, Jos\u00e9 Alejandro Pe\u00f1a Villa, Guadalupe Covarrubias Cervantes, El\u00ed C\u00e9sar Eduardo Cervantes Rojas, Arturo del Carmen Moo Cahuich, Ernesto P\u00e9rez Astorga, Jos\u00e9 Narro C\u00e9spedes y Armando Guadiana Tijerina.<\/p>\n<p>En tanto, las y los senadores titulares de la Comisi\u00f3n Permanente por parte de Acci\u00f3n Nacional ser\u00e1n Julen Rementer\u00eda del Puerto, Estrella Rojas Loreto, Jos\u00e9 Alfredo Botello Montes; y como suplentes Gina Andrea Cruz Blackledge, Mar\u00eda Guadalupe Salda\u00f1a Cisneros y Gloria Elizabeth N\u00fa\u00f1ez S\u00e1nchez.<\/p>\n<p>Del el Grupo Parlamentario del PRI, la senadora Nuvia Mayorga Delgado y el senador \u00c1ngel Garc\u00eda Y\u00e1\u00f1ez, ser\u00e1n titulares; y como sustitutos, el senador Miguel \u00c1ngel Osorio Chong y la senadora Ver\u00f3nica Mart\u00ednez Garc\u00eda.<\/p>\n<p>Por Movimiento Ciudadano, la titular ser\u00e1 la senadora Patricia Mercado, y como sustituto, No\u00e9 Casta\u00f1\u00f3n.<\/p>\n<p>El presidente de la Junta de Coordinaci\u00f3n Pol\u00edtica, Ricardo Monreal \u00c1vila, explic\u00f3 que el acuerdo para constituir el Grupo Plural se\u00f1ala que esta agrupaci\u00f3n podr\u00e1 actuar \u00fanica y exclusivamente en los trabajos legislativos que desarrolle el Pleno de la C\u00e1mara de Senadores.<\/p>\n<p>Sin embargo, acot\u00f3, este documento se\u00f1ala que estos senadores no tendr\u00e1n acceso a la Mesa Directiva, ni a ning\u00fan \u00f3rgano directivo del Senado, pero, adem\u00e1s, \u201cen ning\u00fan lugar indica que pueden integrar la Comisi\u00f3n Permanente\u201d, aclar\u00f3.<\/p>\n<p>Ricardo Monreal record\u00f3 que \u00e9l apoy\u00f3 la propuesta para que se reconociera al Grupo Plural en el Senado, a pesar de que no contaban con un referente nacional en la primera sesi\u00f3n del Congreso, cuando se constituyeron los Grupos Parlamentarios. \u201cSiempre he tenido palabra y la Ley siempre me ha asistido\u201d<\/p>\n<p>Adem\u00e1s, le dio la raz\u00f3n al senador Dante Delgado por su queja sobre la integraci\u00f3n en la C\u00e1mara de Diputados, ya que Movimiento Ciudadano es un partido con registro nacional, por lo que merece estar representado. Sin embargo, dijo no estar de acuerdo con los adjetivos emitidos contra el Presidente y el Gobierno que representa, pues ha realizado un buen trabajo.<\/p>\n<p>En su oportunidad, el senador Germ\u00e1n Mart\u00ednez C\u00e1zares, del Grupo Plural, afirm\u00f3 que el acuerdo vulnera los principios de libre desarrollo de la representatividad y la protecci\u00f3n a la pluralidad. \u201cSi no se quiere hacer pol\u00edtica, emprender di\u00e1logo y suscitar acuerdos, no se puede aspirar a los altos cargos del Estado, como la Presidencia de la Rep\u00fablica\u201d, asent\u00f3.<\/p>\n<p>Dante Delgado, senador de Movimiento Ciudadano, denunci\u00f3 que en la C\u00e1mara de Diputados Morena y sus aliados le est\u00e1n negando los espacios a su partido en la Comisi\u00f3n Permanente, los cuales ganaron electoralmente.<\/p>\n<p>El senador de Morena, F\u00e9lix Salgado Macedonio, expres\u00f3 que \u201cel reglamento es claro\u201d y establece que el Grupo Plural no es un Grupo Parlamentario y, por lo tanto, no pueden formar parte de la Comisi\u00f3n Permanente.<\/p>\n","protected":false},"excerpt":{"rendered":"<p>Con 97 votos a favor y cinco en contra, el Pleno de Senado de la Rep\u00fablica design\u00f3 a las y&#8230;<\/p>\n","protected":false},"author":1,"featured_media":0,"comment_status":"open","ping_status":"closed","sticky":false,"template":"","format":"standard","meta":{"footnotes":""},"categories":[78,1726,2801,6026,73,11297],"tags":[4959,77,60],"class_list":["post-157925","post","type-post","status-publish","format-standard","hentry","category-nacional","category-nacionales","category-politica","category-portada","category-principal","category-principales","tag-featured","tag-principal","tag-senado"],"yoast_head":"<!-- This site is optimized with the Yoast SEO plugin v26.5 - https:\/\/yoast.com\/wordpress\/plugins\/seo\/ -->\n<title>Designan a senadoras y senadores que formar\u00e1n parte de la Comisi\u00f3n Permanente - NOTICIAS<\/title>\n<meta name=\"robots\" content=\"index, follow, max-snippet:-1, max-image-preview:large, max-video-preview:-1\" \/>\n<link rel=\"canonical\" href=\"https:\/\/laredsocial-noticias.com\/wp\/designan-a-senadoras-y-senadores-que-formaran-parte-de-la-comision-permanente\/\" \/>\n<meta property=\"og:locale\" content=\"es_ES\" \/>\n<meta property=\"og:type\" content=\"article\" \/>\n<meta property=\"og:title\" content=\"Designan a senadoras y senadores que formar\u00e1n parte de la Comisi\u00f3n Permanente - NOTICIAS\" \/>\n<meta property=\"og:description\" content=\"Con 97 votos a favor y cinco en contra, el Pleno de Senado de la Rep\u00fablica design\u00f3 a las y...\" \/>\n<meta property=\"og:url\" content=\"https:\/\/laredsocial-noticias.com\/wp\/designan-a-senadoras-y-senadores-que-formaran-parte-de-la-comision-permanente\/\" \/>\n<meta property=\"og:site_name\" content=\"NOTICIAS\" \/>\n<meta property=\"article:published_time\" content=\"2021-12-15T20:00:08+00:00\" \/>\n<meta property=\"article:modified_time\" content=\"2021-12-15T22:48:30+00:00\" \/>\n<meta property=\"og:image\" content=\"https:\/\/laredsocial-noticias.com\/wp\/wp-content\/uploads\/2021\/11\/senado-5-768x555-1.jpg\" \/>\n\t<meta property=\"og:image:width\" content=\"768\" \/>\n\t<meta property=\"og:image:height\" content=\"555\" \/>\n\t<meta property=\"og:image:type\" content=\"image\/jpeg\" \/>\n<meta name=\"author\" content=\"Editor en Jefe\" \/>\n<meta name=\"twitter:card\" content=\"summary_large_image\" \/>\n<meta name=\"twitter:label1\" content=\"Escrito por\" \/>\n\t<meta name=\"twitter:data1\" content=\"Editor en Jefe\" \/>\n\t<meta name=\"twitter:label2\" content=\"Tiempo de lectura\" \/>\n\t<meta name=\"twitter:data2\" content=\"3 minutos\" \/>\n<!-- \/ Yoast SEO plugin. -->","yoast_head_json":{"title":"Designan a senadoras y senadores que formar\u00e1n parte de la Comisi\u00f3n Permanente - NOTICIAS","robots":{"index":"index","follow":"follow","max-snippet":"max-snippet:-1","max-image-preview":"max-image-preview:large","max-video-preview":"max-video-preview:-1"},"canonical":"https:\/\/laredsocial-noticias.com\/wp\/designan-a-senadoras-y-senadores-que-formaran-parte-de-la-comision-permanente\/","og_locale":"es_ES","og_type":"article","og_title":"Designan a senadoras y senadores que formar\u00e1n parte de la Comisi\u00f3n Permanente - NOTICIAS","og_description":"Con 97 votos a favor y cinco en contra, el Pleno de Senado de la Rep\u00fablica design\u00f3 a las y...","og_url":"https:\/\/laredsocial-noticias.com\/wp\/designan-a-senadoras-y-senadores-que-formaran-parte-de-la-comision-permanente\/","og_site_name":"NOTICIAS","article_published_time":"2021-12-15T20:00:08+00:00","article_modified_time":"2021-12-15T22:48:30+00:00","og_image":[{"width":768,"height":555,"url":"https:\/\/laredsocial-noticias.com\/wp\/wp-content\/uploads\/2021\/11\/senado-5-768x555-1.jpg","type":"image\/jpeg"}],"author":"Editor en Jefe","twitter_card":"summary_large_image","twitter_misc":{"Escrito por":"Editor en Jefe","Tiempo de lectura":"3 minutos"},"schema":{"@context":"https:\/\/schema.org","@graph":[{"@type":"WebPage","@id":"https:\/\/laredsocial-noticias.com\/wp\/designan-a-senadoras-y-senadores-que-formaran-parte-de-la-comision-permanente\/","url":"https:\/\/laredsocial-noticias.com\/wp\/designan-a-senadoras-y-senadores-que-formaran-parte-de-la-comision-permanente\/","name":"Designan a senadoras y senadores que formar\u00e1n parte de la Comisi\u00f3n Permanente - NOTICIAS","isPartOf":{"@id":"https:\/\/laredsocial-noticias.com\/wp\/#website"},"datePublished":"2021-12-15T20:00:08+00:00","dateModified":"2021-12-15T22:48:30+00:00","author":{"@id":"https:\/\/laredsocial-noticias.com\/wp\/#\/schema\/person\/0ce78643f2de7aae6f6ef10e8453a6e0"},"breadcrumb":{"@id":"https:\/\/laredsocial-noticias.com\/wp\/designan-a-senadoras-y-senadores-que-formaran-parte-de-la-comision-permanente\/#breadcrumb"},"inLanguage":"es","potentialAction":[{"@type":"ReadAction","target":["https:\/\/laredsocial-noticias.com\/wp\/designan-a-senadoras-y-senadores-que-formaran-parte-de-la-comision-permanente\/"]}]},{"@type":"BreadcrumbList","@id":"https:\/\/laredsocial-noticias.com\/wp\/designan-a-senadoras-y-senadores-que-formaran-parte-de-la-comision-permanente\/#breadcrumb","itemListElement":[{"@type":"ListItem","position":1,"name":"Portada","item":"https:\/\/laredsocial-noticias.com\/wp\/"},{"@type":"ListItem","position":2,"name":"Designan a senadoras y senadores que formar\u00e1n parte de la Comisi\u00f3n Permanente"}]},{"@type":"WebSite","@id":"https:\/\/laredsocial-noticias.com\/wp\/#website","url":"https:\/\/laredsocial-noticias.com\/wp\/","name":"NOTICIAS","description":"Lo que se ve y se dice en las redes sociales","potentialAction":[{"@type":"SearchAction","target":{"@type":"EntryPoint","urlTemplate":"https:\/\/laredsocial-noticias.com\/wp\/?s={search_term_string}"},"query-input":{"@type":"PropertyValueSpecification","valueRequired":true,"valueName":"search_term_string"}}],"inLanguage":"es"},{"@type":"Person","@id":"https:\/\/laredsocial-noticias.com\/wp\/#\/schema\/person\/0ce78643f2de7aae6f6ef10e8453a6e0","name":"Editor en Jefe","url":"https:\/\/laredsocial-noticias.com\/wp\/author\/jorgeochoa\/"}]}},"_links":{"self":[{"href":"https:\/\/laredsocial-noticias.com\/wp\/wp-json\/wp\/v2\/posts\/157925","targetHints":{"allow":["GET"]}}],"collection":[{"href":"https:\/\/laredsocial-noticias.com\/wp\/wp-json\/wp\/v2\/posts"}],"about":[{"href":"https:\/\/laredsocial-noticias.com\/wp\/wp-json\/wp\/v2\/types\/post"}],"author":[{"embeddable":true,"href":"https:\/\/laredsocial-noticias.com\/wp\/wp-json\/wp\/v2\/users\/1"}],"replies":[{"embeddable":true,"href":"https:\/\/laredsocial-noticias.com\/wp\/wp-json\/wp\/v2\/comments?post=157925"}],"version-history":[{"count":1,"href":"https:\/\/laredsocial-noticias.com\/wp\/wp-json\/wp\/v2\/posts\/157925\/revisions"}],"predecessor-version":[{"id":157926,"href":"https:\/\/laredsocial-noticias.com\/wp\/wp-json\/wp\/v2\/posts\/157925\/revisions\/157926"}],"wp:attachment":[{"href":"https:\/\/laredsocial-noticias.com\/wp\/wp-json\/wp\/v2\/media?parent=157925"}],"wp:term":[{"taxonomy":"category","embeddable":true,"href":"https:\/\/laredsocial-noticias.com\/wp\/wp-json\/wp\/v2\/categories?post=157925"},{"taxonomy":"post_tag","embeddable":true,"href":"https:\/\/laredsocial-noticias.com\/wp\/wp-json\/wp\/v2\/tags?post=157925"}],"curies":[{"name":"wp","href":"https:\/\/api.w.org\/{rel}","templated":true}]}}