{"id":157956,"date":"2021-12-15T21:23:17","date_gmt":"2021-12-16T03:23:17","guid":{"rendered":"https:\/\/laredsocial-noticias.com\/wp\/?p=157956"},"modified":"2021-12-15T21:26:06","modified_gmt":"2021-12-16T03:26:06","slug":"poder-judicial-da-la-razon-a-monreal-ordena-liberar-a-jovenes-detenidos-en-veracruz","status":"publish","type":"post","link":"https:\/\/laredsocial-noticias.com\/wp\/poder-judicial-da-la-razon-a-monreal-ordena-liberar-a-jovenes-detenidos-en-veracruz\/","title":{"rendered":"Poder Judicial da la raz\u00f3n a Monreal: ordena liberar a j\u00f3venes detenidos en Veracruz"},"content":{"rendered":"<p>Seis familias en Veracruz podr\u00e1n pasar juntas las fiestas de fin de a\u00f1o gracias a la intervenci\u00f3n de Ricardo Monreal, presidente de la junta de Coordinaci\u00f3n Pol\u00edtica de Senado quien, en varias ocasiones demand\u00f3 al Poder Judicial actuar en justicia y liberar a los j\u00f3venes detenidos en ese estado por el delito de ultrajes a la autoridad.<\/p>\n<p>Tras reiterados llamados que el legislador hizo en sus redes sociales tanto al juez de control, como a la Comisi\u00f3n Nacional de Derechos Humanos y luego de una visita que realiz\u00f3 a ese estado, por fin este mi\u00e9rcoles un juez federal resolvi\u00f3 a favor del amparo por el que mandata dejar insubsistente el auto de vinculaci\u00f3n a proceso y por ende la medida cautelar de prisi\u00f3n preventiva oficiosa.<\/p>\n<p>Tambi\u00e9n se orden\u00f3 reponer todo el procedimiento, de manera que el Juez de Control del Juzgado de Proceso y Procedimiento Penal Oral del Distrito Judicial de Xalapa, Andr\u00e9s Garc\u00eda Nolasco, dicte una nueva resoluci\u00f3n, pero tomando en cuenta que de los actos de investigaci\u00f3n realizados por la Fiscal\u00eda General del Estado &#8220;no se desprenden datos de prueba suficientes, id\u00f3neos y pertinentes&#8221; para determinar que se cometi\u00f3 el delito de ultrajes a la autoridad del que se les acusa.<\/p>\n<p>Cabe recordar que en varias ocasiones el coordinador de Morena en la C\u00e1mara alta demand\u00f3 a las autoridades judiciales del Estado y a la Comisi\u00f3n Nacional de Derechos Humanos que se respetaran las garant\u00edas individuales de los j\u00f3venes detenidos desde septiembre en la Plaza el Tejar que se ubica en Xalapa, Veracruz, acusados de haber amenazado con armas punzocortantes a elementos policiacos.<br \/>\nEn su momento el senador expuso que, en cualquier democracia, los derechos humanos son fundamentales, \u201cpor eso me preocupa lo que est\u00e1 pasando en Veracruz, en donde en los \u00faltimos a\u00f1os se han integrado carpetas de investigaci\u00f3n por ultrajes a la autoridad\u201d, es decir, lesiones contra la polic\u00eda o contra una autoridad.<br \/>\n\u201cEn septiembre pasado, seis j\u00f3venes fueron privados de su libertad por este il\u00edcito, pero hay videos que demuestran que fueron detenidos en una plaza comercial y que no opusieron resistencia, lo que demuestran los v\u00eddeos es que las acusaciones son falsas, que se fabricaron pruebas para acusarlos, detenerlos y privarlos de su libertad; y el juez de control no ha tenido la sensibilidad de liberarlos, a pesar de que fueron detenidos injustamente\u201d, indic\u00f3 el legislador hace unas semanas.<br \/>\nY agreg\u00f3: \u201cNo podemos permitir que se cometa, por parte de nadie, ninguna injusticia, agravio o incluso abuso de autoridad. Ya basta. Hay que liberar a estos j\u00f3venes, a los que se les ha privado de su libertad\u201d, expres\u00f3.<\/p>\n<p><a href=\"https:\/\/laredsocial-noticias.com\/wp\/wp-content\/uploads\/2021\/12\/PHOTO-2021-12-14-22-06-54.jpg\"><img loading=\"lazy\" decoding=\"async\" class=\"alignleft wp-image-157957 size-large\" src=\"https:\/\/laredsocial-noticias.com\/wp\/wp-content\/uploads\/2021\/12\/PHOTO-2021-12-14-22-06-54-636x1024.jpg\" alt=\"\" width=\"636\" height=\"1024\" \/><\/a> <a href=\"https:\/\/laredsocial-noticias.com\/wp\/wp-content\/uploads\/2021\/12\/PHOTO-2021-12-14-22-06-54-1.jpg\"><img loading=\"lazy\" decoding=\"async\" class=\"alignleft wp-image-157958 size-large\" src=\"https:\/\/laredsocial-noticias.com\/wp\/wp-content\/uploads\/2021\/12\/PHOTO-2021-12-14-22-06-54-1-549x1024.jpg\" alt=\"\" width=\"549\" height=\"1024\" \/><\/a><\/p>\n<div class=\"yj6qo\"><\/div>\n<div class=\"adL\"><\/div>\n","protected":false},"excerpt":{"rendered":"<p>Seis familias en Veracruz podr\u00e1n pasar juntas las fiestas de fin de a\u00f1o gracias a la intervenci\u00f3n de Ricardo Monreal,&#8230;<\/p>\n","protected":false},"author":1,"featured_media":0,"comment_status":"closed","ping_status":"closed","sticky":false,"template":"","format":"standard","meta":{"footnotes":""},"categories":[27,59],"tags":[],"class_list":["post-157956","post","type-post","status-publish","format-standard","hentry","category-congreso-de-la-union","category-senado"],"yoast_head":"<!-- This site is optimized with the Yoast SEO plugin v26.5 - https:\/\/yoast.com\/wordpress\/plugins\/seo\/ -->\n<title>Poder Judicial da la raz\u00f3n a Monreal: ordena liberar a j\u00f3venes detenidos en Veracruz - NOTICIAS<\/title>\n<meta name=\"robots\" content=\"index, follow, max-snippet:-1, max-image-preview:large, max-video-preview:-1\" \/>\n<link rel=\"canonical\" href=\"https:\/\/laredsocial-noticias.com\/wp\/poder-judicial-da-la-razon-a-monreal-ordena-liberar-a-jovenes-detenidos-en-veracruz\/\" \/>\n<meta property=\"og:locale\" content=\"es_ES\" \/>\n<meta property=\"og:type\" content=\"article\" \/>\n<meta property=\"og:title\" content=\"Poder Judicial da la raz\u00f3n a Monreal: ordena liberar a j\u00f3venes detenidos en Veracruz - NOTICIAS\" \/>\n<meta property=\"og:description\" content=\"Seis familias en Veracruz podr\u00e1n pasar juntas las fiestas de fin de a\u00f1o gracias a la intervenci\u00f3n de Ricardo Monreal,...\" \/>\n<meta property=\"og:url\" content=\"https:\/\/laredsocial-noticias.com\/wp\/poder-judicial-da-la-razon-a-monreal-ordena-liberar-a-jovenes-detenidos-en-veracruz\/\" \/>\n<meta property=\"og:site_name\" content=\"NOTICIAS\" \/>\n<meta property=\"article:published_time\" content=\"2021-12-16T03:23:17+00:00\" \/>\n<meta property=\"article:modified_time\" content=\"2021-12-16T03:26:06+00:00\" \/>\n<meta property=\"og:image\" content=\"https:\/\/laredsocial-noticias.com\/wp\/wp-content\/uploads\/2021\/04\/monreal-reforma-electoral.jpeg\" \/>\n\t<meta property=\"og:image:width\" content=\"1280\" \/>\n\t<meta property=\"og:image:height\" content=\"678\" \/>\n\t<meta property=\"og:image:type\" content=\"image\/jpeg\" \/>\n<meta name=\"author\" content=\"Editor en Jefe\" \/>\n<meta name=\"twitter:card\" content=\"summary_large_image\" \/>\n<meta name=\"twitter:label1\" content=\"Escrito por\" \/>\n\t<meta name=\"twitter:data1\" content=\"Editor en Jefe\" \/>\n\t<meta name=\"twitter:label2\" content=\"Tiempo de lectura\" \/>\n\t<meta name=\"twitter:data2\" content=\"2 minutos\" \/>\n<!-- \/ Yoast SEO plugin. -->","yoast_head_json":{"title":"Poder Judicial da la raz\u00f3n a Monreal: ordena liberar a j\u00f3venes detenidos en Veracruz - NOTICIAS","robots":{"index":"index","follow":"follow","max-snippet":"max-snippet:-1","max-image-preview":"max-image-preview:large","max-video-preview":"max-video-preview:-1"},"canonical":"https:\/\/laredsocial-noticias.com\/wp\/poder-judicial-da-la-razon-a-monreal-ordena-liberar-a-jovenes-detenidos-en-veracruz\/","og_locale":"es_ES","og_type":"article","og_title":"Poder Judicial da la raz\u00f3n a Monreal: ordena liberar a j\u00f3venes detenidos en Veracruz - NOTICIAS","og_description":"Seis familias en Veracruz podr\u00e1n pasar juntas las fiestas de fin de a\u00f1o gracias a la intervenci\u00f3n de Ricardo Monreal,...","og_url":"https:\/\/laredsocial-noticias.com\/wp\/poder-judicial-da-la-razon-a-monreal-ordena-liberar-a-jovenes-detenidos-en-veracruz\/","og_site_name":"NOTICIAS","article_published_time":"2021-12-16T03:23:17+00:00","article_modified_time":"2021-12-16T03:26:06+00:00","og_image":[{"width":1280,"height":678,"url":"https:\/\/laredsocial-noticias.com\/wp\/wp-content\/uploads\/2021\/04\/monreal-reforma-electoral.jpeg","type":"image\/jpeg"}],"author":"Editor en Jefe","twitter_card":"summary_large_image","twitter_misc":{"Escrito por":"Editor en Jefe","Tiempo de lectura":"2 minutos"},"schema":{"@context":"https:\/\/schema.org","@graph":[{"@type":"WebPage","@id":"https:\/\/laredsocial-noticias.com\/wp\/poder-judicial-da-la-razon-a-monreal-ordena-liberar-a-jovenes-detenidos-en-veracruz\/","url":"https:\/\/laredsocial-noticias.com\/wp\/poder-judicial-da-la-razon-a-monreal-ordena-liberar-a-jovenes-detenidos-en-veracruz\/","name":"Poder Judicial da la raz\u00f3n a Monreal: ordena liberar a j\u00f3venes detenidos en Veracruz - NOTICIAS","isPartOf":{"@id":"https:\/\/laredsocial-noticias.com\/wp\/#website"},"primaryImageOfPage":{"@id":"https:\/\/laredsocial-noticias.com\/wp\/poder-judicial-da-la-razon-a-monreal-ordena-liberar-a-jovenes-detenidos-en-veracruz\/#primaryimage"},"image":{"@id":"https:\/\/laredsocial-noticias.com\/wp\/poder-judicial-da-la-razon-a-monreal-ordena-liberar-a-jovenes-detenidos-en-veracruz\/#primaryimage"},"thumbnailUrl":"https:\/\/laredsocial-noticias.com\/wp\/wp-content\/uploads\/2021\/12\/PHOTO-2021-12-14-22-06-54-636x1024.jpg","datePublished":"2021-12-16T03:23:17+00:00","dateModified":"2021-12-16T03:26:06+00:00","author":{"@id":"https:\/\/laredsocial-noticias.com\/wp\/#\/schema\/person\/0ce78643f2de7aae6f6ef10e8453a6e0"},"breadcrumb":{"@id":"https:\/\/laredsocial-noticias.com\/wp\/poder-judicial-da-la-razon-a-monreal-ordena-liberar-a-jovenes-detenidos-en-veracruz\/#breadcrumb"},"inLanguage":"es","potentialAction":[{"@type":"ReadAction","target":["https:\/\/laredsocial-noticias.com\/wp\/poder-judicial-da-la-razon-a-monreal-ordena-liberar-a-jovenes-detenidos-en-veracruz\/"]}]},{"@type":"ImageObject","inLanguage":"es","@id":"https:\/\/laredsocial-noticias.com\/wp\/poder-judicial-da-la-razon-a-monreal-ordena-liberar-a-jovenes-detenidos-en-veracruz\/#primaryimage","url":"","contentUrl":""},{"@type":"BreadcrumbList","@id":"https:\/\/laredsocial-noticias.com\/wp\/poder-judicial-da-la-razon-a-monreal-ordena-liberar-a-jovenes-detenidos-en-veracruz\/#breadcrumb","itemListElement":[{"@type":"ListItem","position":1,"name":"Portada","item":"https:\/\/laredsocial-noticias.com\/wp\/"},{"@type":"ListItem","position":2,"name":"Poder Judicial da la raz\u00f3n a Monreal: ordena liberar a j\u00f3venes detenidos en Veracruz"}]},{"@type":"WebSite","@id":"https:\/\/laredsocial-noticias.com\/wp\/#website","url":"https:\/\/laredsocial-noticias.com\/wp\/","name":"NOTICIAS","description":"Lo que se ve y se dice en las redes sociales","potentialAction":[{"@type":"SearchAction","target":{"@type":"EntryPoint","urlTemplate":"https:\/\/laredsocial-noticias.com\/wp\/?s={search_term_string}"},"query-input":{"@type":"PropertyValueSpecification","valueRequired":true,"valueName":"search_term_string"}}],"inLanguage":"es"},{"@type":"Person","@id":"https:\/\/laredsocial-noticias.com\/wp\/#\/schema\/person\/0ce78643f2de7aae6f6ef10e8453a6e0","name":"Editor en Jefe","url":"https:\/\/laredsocial-noticias.com\/wp\/author\/jorgeochoa\/"}]}},"_links":{"self":[{"href":"https:\/\/laredsocial-noticias.com\/wp\/wp-json\/wp\/v2\/posts\/157956","targetHints":{"allow":["GET"]}}],"collection":[{"href":"https:\/\/laredsocial-noticias.com\/wp\/wp-json\/wp\/v2\/posts"}],"about":[{"href":"https:\/\/laredsocial-noticias.com\/wp\/wp-json\/wp\/v2\/types\/post"}],"author":[{"embeddable":true,"href":"https:\/\/laredsocial-noticias.com\/wp\/wp-json\/wp\/v2\/users\/1"}],"replies":[{"embeddable":true,"href":"https:\/\/laredsocial-noticias.com\/wp\/wp-json\/wp\/v2\/comments?post=157956"}],"version-history":[{"count":1,"href":"https:\/\/laredsocial-noticias.com\/wp\/wp-json\/wp\/v2\/posts\/157956\/revisions"}],"predecessor-version":[{"id":157959,"href":"https:\/\/laredsocial-noticias.com\/wp\/wp-json\/wp\/v2\/posts\/157956\/revisions\/157959"}],"wp:attachment":[{"href":"https:\/\/laredsocial-noticias.com\/wp\/wp-json\/wp\/v2\/media?parent=157956"}],"wp:term":[{"taxonomy":"category","embeddable":true,"href":"https:\/\/laredsocial-noticias.com\/wp\/wp-json\/wp\/v2\/categories?post=157956"},{"taxonomy":"post_tag","embeddable":true,"href":"https:\/\/laredsocial-noticias.com\/wp\/wp-json\/wp\/v2\/tags?post=157956"}],"curies":[{"name":"wp","href":"https:\/\/api.w.org\/{rel}","templated":true}]}}