{"id":158738,"date":"2022-01-03T02:00:43","date_gmt":"2022-01-03T08:00:43","guid":{"rendered":"https:\/\/laredsocial-noticias.com\/wp\/?p=158738"},"modified":"2022-01-02T18:53:14","modified_gmt":"2022-01-03T00:53:14","slug":"salud-laboral-hedonismo-en-dias-de-pandemia","status":"publish","type":"post","link":"https:\/\/laredsocial-noticias.com\/wp\/salud-laboral-hedonismo-en-dias-de-pandemia\/","title":{"rendered":"Salud laboral \/ Hedonismo en d\u00edas de pandemia"},"content":{"rendered":"<p>Por Joana Elizabeth Salinas, Psicopedagoga especializada en salud laboral y Co ccreadora de los podcast Empareja2.<\/p>\n<p>La depresi\u00f3n es uno de los efectos secundarios m\u00e1s visibles que Covid-19 desencaden\u00f3 a nivel mundial en la salud mental.<\/p>\n<p>Ante esto, se popularizaron infinidad de autorecetas para paliar el des\u00e1nimo, fatiga y tristeza. Uno de los m\u00e1s populares fue imaginar desarrollar actividades l\u00fadicas diversas como estar en la playa o abrazar a un amigo. Sorpresivamente, esos remedios no dieron resultados. Incluso, aumento la lista de actividades consideradas adversas.<\/p>\n<p>S\u00ed. So\u00f1ar con pasatiempos agradables mientras se est\u00e1 de mal humor, estresado o triste tiene un efecto parad\u00f3jico: hace que sea menos probable que realmente quiera hacerlos.<\/p>\n<p>Cuanto m\u00e1s se intente imaginar participar en una actividad agradable, cuando se experimenta un estado de \u00e1nimo negativo, menos probable es que quieras participar en esa acci\u00f3n l\u00fadica. El problema se deriva del desaf\u00edo cognitivo de reconciliar un pensamiento positivo con la experiencia mental y f\u00edsica de un estado de \u00e1nimo agrio.<\/p>\n<p>La mente humana est\u00e1 orientada a ser cognitivamente eficiente, por lo que si las cosas son f\u00e1ciles de procesar, tienden a gustarnos m\u00e1s. Lo contrario tambi\u00e9n es cierto: cuando las cosas son dif\u00edciles de procesar, tendemos a resistirlas. En otras palabras, dado que es mentalmente agotador imaginar un paseo al atardecer mientras nos sentimos deprimidos, solo desestimamos la idea.<\/p>\n<p>Ahora, \u00bfes com\u00fan imaginar una actividad agradable para hacer frente a un mal humor? En una encuesta de 213 participantes en l\u00ednea, el 51% inform\u00f3 que usaba esta t\u00e1ctica, y el 23% asegur\u00f3 que era la forma en que m\u00e1s a menudo intentaban levantar el \u00e1nimo.<\/p>\n<p>Los psic\u00f3logos sociales saben desde hace tiempo que nuestras emociones y expresiones operan en t\u00e1ndem o de forma sincronizada. As\u00ed, los estados de \u00e1nimo dan forma a nuestras expresiones faciales y a la inversa. Sonre\u00edr anima y fruncir el ce\u00f1o catapulta el mal humor.<\/p>\n<p>Los investigadores sospecharon que este ciclo de retroalimentaci\u00f3n podr\u00eda funcionar cuando una persona de mal humor imagina una actividad agradable, algo que normalmente provocar\u00eda una sonrisa. Pero es dif\u00edcil para el cerebro imaginar algo edificante mientras nuestra caras y estado de \u00e1nimo son negativos, as\u00ed la actividad agradable se vuelve menos atractiva, o incluso repulsiva.<\/p>\n<p>Sin embargo, si se alienta a las personas a sonre\u00edr aunque est\u00e9n de mal humor mientras imaginan una actividad agradable, imaginar algo positivo puede no sentirse tan extra\u00f1o.<\/p>\n<p>Ahora, al centrarse en el resultado de la actividad l\u00fadica, en lugar del proceso de hacerlo, aumentan las posibilidades de sentirse bien. Conviene entonces simular el resultado.<\/p>\n<p>Sin embargo, hay un consejo infalible: dejar de imaginar actividades l\u00fadicas y salir y hacerlas.<\/p>\n<p>&nbsp;<\/p>\n","protected":false},"excerpt":{"rendered":"<p>Cuanto m\u00e1s se intente imaginar participar en una actividad agradable, cuando se experimenta un estado de \u00e1nimo negativo, menos probable es que quieras participar en esa acci\u00f3n l\u00fadica.<\/p>\n","protected":false},"author":1,"featured_media":0,"comment_status":"open","ping_status":"closed","sticky":false,"template":"","format":"standard","meta":{"footnotes":""},"categories":[2811,6026,73,11297],"tags":[11989,4959,12134,12042,9503,77,11741],"class_list":["post-158738","post","type-post","status-publish","format-standard","hentry","category-economia","category-portada","category-principal","category-principales","tag-empareja2","tag-featured","tag-hedonismo","tag-joana-elizabeth-salinas","tag-pandemia","tag-principal","tag-salud-laboral"],"yoast_head":"<!-- This site is optimized with the Yoast SEO plugin v26.5 - https:\/\/yoast.com\/wordpress\/plugins\/seo\/ -->\n<title>Salud laboral \/ Hedonismo en d\u00edas de pandemia - NOTICIAS<\/title>\n<meta name=\"robots\" content=\"index, follow, max-snippet:-1, max-image-preview:large, max-video-preview:-1\" \/>\n<link rel=\"canonical\" href=\"https:\/\/laredsocial-noticias.com\/wp\/salud-laboral-hedonismo-en-dias-de-pandemia\/\" \/>\n<meta property=\"og:locale\" content=\"es_ES\" \/>\n<meta property=\"og:type\" content=\"article\" \/>\n<meta property=\"og:title\" content=\"Salud laboral \/ Hedonismo en d\u00edas de pandemia - NOTICIAS\" \/>\n<meta property=\"og:description\" content=\"Cuanto m\u00e1s se intente imaginar participar en una actividad agradable, cuando se experimenta un estado de \u00e1nimo negativo, menos probable es que quieras participar en esa acci\u00f3n l\u00fadica.\" \/>\n<meta property=\"og:url\" content=\"https:\/\/laredsocial-noticias.com\/wp\/salud-laboral-hedonismo-en-dias-de-pandemia\/\" \/>\n<meta property=\"og:site_name\" content=\"NOTICIAS\" \/>\n<meta property=\"article:published_time\" content=\"2022-01-03T08:00:43+00:00\" \/>\n<meta property=\"og:image\" content=\"https:\/\/laredsocial-noticias.com\/wp\/wp-content\/uploads\/2021\/12\/WhatsApp-Image-2021-12-18-at-10.47.45-PM.jpeg\" \/>\n\t<meta property=\"og:image:width\" content=\"758\" \/>\n\t<meta property=\"og:image:height\" content=\"1000\" \/>\n\t<meta property=\"og:image:type\" content=\"image\/jpeg\" \/>\n<meta name=\"author\" content=\"Editor en Jefe\" \/>\n<meta name=\"twitter:card\" content=\"summary_large_image\" \/>\n<meta name=\"twitter:label1\" content=\"Escrito por\" \/>\n\t<meta name=\"twitter:data1\" content=\"Editor en Jefe\" \/>\n\t<meta name=\"twitter:label2\" content=\"Tiempo de lectura\" \/>\n\t<meta name=\"twitter:data2\" content=\"2 minutos\" \/>\n<!-- \/ Yoast SEO plugin. -->","yoast_head_json":{"title":"Salud laboral \/ Hedonismo en d\u00edas de pandemia - NOTICIAS","robots":{"index":"index","follow":"follow","max-snippet":"max-snippet:-1","max-image-preview":"max-image-preview:large","max-video-preview":"max-video-preview:-1"},"canonical":"https:\/\/laredsocial-noticias.com\/wp\/salud-laboral-hedonismo-en-dias-de-pandemia\/","og_locale":"es_ES","og_type":"article","og_title":"Salud laboral \/ Hedonismo en d\u00edas de pandemia - NOTICIAS","og_description":"Cuanto m\u00e1s se intente imaginar participar en una actividad agradable, cuando se experimenta un estado de \u00e1nimo negativo, menos probable es que quieras participar en esa acci\u00f3n l\u00fadica.","og_url":"https:\/\/laredsocial-noticias.com\/wp\/salud-laboral-hedonismo-en-dias-de-pandemia\/","og_site_name":"NOTICIAS","article_published_time":"2022-01-03T08:00:43+00:00","og_image":[{"width":758,"height":1000,"url":"https:\/\/laredsocial-noticias.com\/wp\/wp-content\/uploads\/2021\/12\/WhatsApp-Image-2021-12-18-at-10.47.45-PM.jpeg","type":"image\/jpeg"}],"author":"Editor en Jefe","twitter_card":"summary_large_image","twitter_misc":{"Escrito por":"Editor en Jefe","Tiempo de lectura":"2 minutos"},"schema":{"@context":"https:\/\/schema.org","@graph":[{"@type":"WebPage","@id":"https:\/\/laredsocial-noticias.com\/wp\/salud-laboral-hedonismo-en-dias-de-pandemia\/","url":"https:\/\/laredsocial-noticias.com\/wp\/salud-laboral-hedonismo-en-dias-de-pandemia\/","name":"Salud laboral \/ Hedonismo en d\u00edas de pandemia - NOTICIAS","isPartOf":{"@id":"https:\/\/laredsocial-noticias.com\/wp\/#website"},"datePublished":"2022-01-03T08:00:43+00:00","author":{"@id":"https:\/\/laredsocial-noticias.com\/wp\/#\/schema\/person\/0ce78643f2de7aae6f6ef10e8453a6e0"},"breadcrumb":{"@id":"https:\/\/laredsocial-noticias.com\/wp\/salud-laboral-hedonismo-en-dias-de-pandemia\/#breadcrumb"},"inLanguage":"es","potentialAction":[{"@type":"ReadAction","target":["https:\/\/laredsocial-noticias.com\/wp\/salud-laboral-hedonismo-en-dias-de-pandemia\/"]}]},{"@type":"BreadcrumbList","@id":"https:\/\/laredsocial-noticias.com\/wp\/salud-laboral-hedonismo-en-dias-de-pandemia\/#breadcrumb","itemListElement":[{"@type":"ListItem","position":1,"name":"Portada","item":"https:\/\/laredsocial-noticias.com\/wp\/"},{"@type":"ListItem","position":2,"name":"Salud laboral \/ Hedonismo en d\u00edas de pandemia"}]},{"@type":"WebSite","@id":"https:\/\/laredsocial-noticias.com\/wp\/#website","url":"https:\/\/laredsocial-noticias.com\/wp\/","name":"NOTICIAS","description":"Lo que se ve y se dice en las redes sociales","potentialAction":[{"@type":"SearchAction","target":{"@type":"EntryPoint","urlTemplate":"https:\/\/laredsocial-noticias.com\/wp\/?s={search_term_string}"},"query-input":{"@type":"PropertyValueSpecification","valueRequired":true,"valueName":"search_term_string"}}],"inLanguage":"es"},{"@type":"Person","@id":"https:\/\/laredsocial-noticias.com\/wp\/#\/schema\/person\/0ce78643f2de7aae6f6ef10e8453a6e0","name":"Editor en Jefe","url":"https:\/\/laredsocial-noticias.com\/wp\/author\/jorgeochoa\/"}]}},"_links":{"self":[{"href":"https:\/\/laredsocial-noticias.com\/wp\/wp-json\/wp\/v2\/posts\/158738","targetHints":{"allow":["GET"]}}],"collection":[{"href":"https:\/\/laredsocial-noticias.com\/wp\/wp-json\/wp\/v2\/posts"}],"about":[{"href":"https:\/\/laredsocial-noticias.com\/wp\/wp-json\/wp\/v2\/types\/post"}],"author":[{"embeddable":true,"href":"https:\/\/laredsocial-noticias.com\/wp\/wp-json\/wp\/v2\/users\/1"}],"replies":[{"embeddable":true,"href":"https:\/\/laredsocial-noticias.com\/wp\/wp-json\/wp\/v2\/comments?post=158738"}],"version-history":[{"count":1,"href":"https:\/\/laredsocial-noticias.com\/wp\/wp-json\/wp\/v2\/posts\/158738\/revisions"}],"predecessor-version":[{"id":158739,"href":"https:\/\/laredsocial-noticias.com\/wp\/wp-json\/wp\/v2\/posts\/158738\/revisions\/158739"}],"wp:attachment":[{"href":"https:\/\/laredsocial-noticias.com\/wp\/wp-json\/wp\/v2\/media?parent=158738"}],"wp:term":[{"taxonomy":"category","embeddable":true,"href":"https:\/\/laredsocial-noticias.com\/wp\/wp-json\/wp\/v2\/categories?post=158738"},{"taxonomy":"post_tag","embeddable":true,"href":"https:\/\/laredsocial-noticias.com\/wp\/wp-json\/wp\/v2\/tags?post=158738"}],"curies":[{"name":"wp","href":"https:\/\/api.w.org\/{rel}","templated":true}]}}