{"id":159087,"date":"2022-01-09T12:52:31","date_gmt":"2022-01-09T18:52:31","guid":{"rendered":"https:\/\/laredsocial-noticias.com\/wp\/?p=159087"},"modified":"2022-01-09T13:06:21","modified_gmt":"2022-01-09T19:06:21","slug":"revienta-pandemia-parametros-30-mil-infectados-en-un-dia-y-viene-otra-cepa","status":"publish","type":"post","link":"https:\/\/laredsocial-noticias.com\/wp\/revienta-pandemia-parametros-30-mil-infectados-en-un-dia-y-viene-otra-cepa\/","title":{"rendered":"Revienta pandemia par\u00e1metros: 30 mil infectados en un d\u00eda y viene otra cepa"},"content":{"rendered":"<p><a href=\"https:\/\/laredsocial-noticias.com\/wp\/wp-content\/uploads\/2022\/01\/PANDEMIA.jpg\"><img loading=\"lazy\" decoding=\"async\" class=\"alignleft size-thumbnail wp-image-159092\" src=\"https:\/\/laredsocial-noticias.com\/wp\/wp-content\/uploads\/2022\/01\/PANDEMIA-150x150.jpg\" alt=\"\" width=\"150\" height=\"150\" \/><\/a>M\u00e9xico registr\u00f3, en la primera semana del a\u00f1o, un pico de infectados por Covid19 con 30 mil 671 casos en un solo d\u00eda (s\u00e1bado), en medio de una actitud casi suicida, tanto de la ciudadan\u00eda como del gobierno federal y de la CDMX.<\/p>\n<p>Para colmo, tambi\u00e9n se registr\u00f3 el primer caso de \u201cFlurona\u201d, que es una combinaci\u00f3n de Covid-19 e influenza estacional, en una mujer de 28 a\u00f1os en Nayarit.<\/p>\n<p>De acuerdo con datos publicados por Excelsior, m\u00e1s de 8 millones de mexicanos tuvo s\u00edntomas de Covid19 o estuvieron en contacto con casos positivos, pero omitieron guardar cuarentena, con lo que se convirtieron en potenciales propagadores del virus.<\/p>\n<p>Tambi\u00e9n se detect\u00f3 un mayor aislamiento en aquellos estados que emitieron mensajes espec\u00edficos sobre qu\u00e9 hacer en caso de s\u00edntomas o luego de haber estado en contacto con alg\u00fan contagiado.<\/p>\n<p><img loading=\"lazy\" decoding=\"async\" class=\"alignleft size-thumbnail wp-image-159314\" src=\"https:\/\/laredsocial-primeraplana.com\/wp-content\/uploads\/2022\/01\/PANDEMIA-2-150x150.jpg\" alt=\"\" width=\"150\" height=\"150\" \/>Lejos de verse el horizonte para el fin de esta pandemia, tambi\u00e9n en esta primera semana del a\u00f1o fue descubierta en Chipre una variante de Delta y \u00d3micron, denominada \u201cDeltacron\u201d, que se expandi\u00f3 entre pacientes hospitalizados. Van 25 casos.<\/p>\n<p>La CDMX y el Estado de M\u00e9xico, concentran la mayor\u00eda de los casos de infecci\u00f3n. Sin embargo, ambos decidieron mantener sin cierre escuelas y negocios, bajo el pretexto de no querer generar p\u00e1nico entre la poblaci\u00f3n.<\/p>\n<p>Claudia Sheinbaum dijo que \u201c\u2026 hay quien quiere generar p\u00e1nico y decir ya a\u00edslense todos (\u2026) nosotros no lo consideramos necesario, por toda la investigaci\u00f3n cient\u00edfica que hay por parte de la Secretar\u00eda de Salud\u201d.<\/p>\n<p>Sin embargo, pese a tratarse de una pandemia en activo, hasta el momento no se ha dado a conocer una decisi\u00f3n emitida desde el Consejo Nacional de Salud, que es el facultado para dictar las directrices ante emergencias de esta naturaleza.<\/p>\n<p>&nbsp;<\/p>\n<h2>Acusan a Secretario de Gobernaci\u00f3n<\/h2>\n<p>Seg\u00fan el l\u00edder agrario \u00c1lvaro L\u00f3pez Rios, el secretario de gobernaci\u00f3n utiliza grupos de choque para tratar de desalojar plant\u00f3n<\/p>\n<audio class=\"wp-audio-shortcode\" id=\"audio-159087-1\" preload=\"none\" style=\"width: 100%;\" controls=\"controls\"><source type=\"audio\/mpeg\" src=\"https:\/\/laredsocial-noticias.com\/wp\/wp-content\/uploads\/2022\/01\/AUDIO-2022-01-09-10-25-25.mp3?_=1\" \/><a href=\"https:\/\/laredsocial-noticias.com\/wp\/wp-content\/uploads\/2022\/01\/AUDIO-2022-01-09-10-25-25.mp3\">https:\/\/laredsocial-noticias.com\/wp\/wp-content\/uploads\/2022\/01\/AUDIO-2022-01-09-10-25-25.mp3<\/a><\/audio>\n<p><img loading=\"lazy\" decoding=\"async\" class=\"alignleft size-thumbnail wp-image-159317\" src=\"https:\/\/laredsocial-primeraplana.com\/wp-content\/uploads\/2022\/01\/PHOTO-2022-01-09-10-25-26-150x150.jpg\" alt=\"\" width=\"150\" height=\"150\" \/><img loading=\"lazy\" decoding=\"async\" class=\"alignleft size-thumbnail wp-image-159318\" src=\"https:\/\/laredsocial-primeraplana.com\/wp-content\/uploads\/2022\/01\/PHOTO-2022-01-09-10-25-26-2-150x150.jpg\" alt=\"\" width=\"150\" height=\"150\" \/><img loading=\"lazy\" decoding=\"async\" class=\"alignleft size-thumbnail wp-image-159319\" src=\"https:\/\/laredsocial-primeraplana.com\/wp-content\/uploads\/2022\/01\/PHOTO-2022-01-09-10-25-26-1-150x150.jpg\" alt=\"\" width=\"150\" height=\"150\" \/><\/p>\n<p>&nbsp;<\/p>\n<p>&nbsp;<\/p>\n<p>&nbsp;<\/p>\n<p>&nbsp;<\/p>\n<p>&nbsp;<\/p>\n<p><a href=\"https:\/\/laredsocial-noticias.com\/wp\/wp-content\/uploads\/2022\/01\/PHOTO-2022-01-08-22-35-45.jpg\"><img loading=\"lazy\" decoding=\"async\" class=\"alignleft wp-image-159089 size-medium\" src=\"https:\/\/laredsocial-noticias.com\/wp\/wp-content\/uploads\/2022\/01\/PHOTO-2022-01-08-22-35-45-300x266.jpg\" alt=\"\" width=\"300\" height=\"266\" \/><\/a> <a href=\"https:\/\/laredsocial-noticias.com\/wp\/wp-content\/uploads\/2022\/01\/PHOTO-2022-01-08-22-35-44.jpg\"><img loading=\"lazy\" decoding=\"async\" class=\"alignleft wp-image-159090 size-medium\" src=\"https:\/\/laredsocial-noticias.com\/wp\/wp-content\/uploads\/2022\/01\/PHOTO-2022-01-08-22-35-44-216x300.jpg\" alt=\"\" width=\"216\" height=\"300\" \/><\/a><\/p>\n","protected":false},"excerpt":{"rendered":"<p>M\u00e9xico registr\u00f3, en la primera semana del a\u00f1o, un pico de infectados por Covid19 con 30 mil 671 casos en&#8230;<\/p>\n","protected":false},"author":1,"featured_media":0,"comment_status":"closed","ping_status":"closed","sticky":false,"template":"","format":"standard","meta":{"footnotes":""},"categories":[1],"tags":[],"class_list":["post-159087","post","type-post","status-publish","format-standard","hentry","category-uncategorized"],"yoast_head":"<!-- This site is optimized with the Yoast SEO plugin v26.5 - https:\/\/yoast.com\/wordpress\/plugins\/seo\/ -->\n<title>Revienta pandemia par\u00e1metros: 30 mil infectados en un d\u00eda y viene otra cepa - NOTICIAS<\/title>\n<meta name=\"robots\" content=\"index, follow, max-snippet:-1, max-image-preview:large, max-video-preview:-1\" \/>\n<link rel=\"canonical\" href=\"https:\/\/laredsocial-noticias.com\/wp\/revienta-pandemia-parametros-30-mil-infectados-en-un-dia-y-viene-otra-cepa\/\" \/>\n<meta property=\"og:locale\" content=\"es_ES\" \/>\n<meta property=\"og:type\" content=\"article\" \/>\n<meta property=\"og:title\" content=\"Revienta pandemia par\u00e1metros: 30 mil infectados en un d\u00eda y viene otra cepa - NOTICIAS\" \/>\n<meta property=\"og:description\" content=\"M\u00e9xico registr\u00f3, en la primera semana del a\u00f1o, un pico de infectados por Covid19 con 30 mil 671 casos en...\" \/>\n<meta property=\"og:url\" content=\"https:\/\/laredsocial-noticias.com\/wp\/revienta-pandemia-parametros-30-mil-infectados-en-un-dia-y-viene-otra-cepa\/\" \/>\n<meta property=\"og:site_name\" content=\"NOTICIAS\" \/>\n<meta property=\"article:published_time\" content=\"2022-01-09T18:52:31+00:00\" \/>\n<meta property=\"article:modified_time\" content=\"2022-01-09T19:06:21+00:00\" \/>\n<meta property=\"og:image\" content=\"https:\/\/laredsocial-noticias.com\/wp\/wp-content\/uploads\/2021\/12\/Covid-19-Mexico-1.jpg\" \/>\n\t<meta property=\"og:image:width\" content=\"1280\" \/>\n\t<meta property=\"og:image:height\" content=\"720\" \/>\n\t<meta property=\"og:image:type\" content=\"image\/jpeg\" \/>\n<meta name=\"author\" content=\"Editor en Jefe\" \/>\n<meta name=\"twitter:card\" content=\"summary_large_image\" \/>\n<meta name=\"twitter:label1\" content=\"Escrito por\" \/>\n\t<meta name=\"twitter:data1\" content=\"Editor en Jefe\" \/>\n\t<meta name=\"twitter:label2\" content=\"Tiempo de lectura\" \/>\n\t<meta name=\"twitter:data2\" content=\"3 minutos\" \/>\n<!-- \/ Yoast SEO plugin. -->","yoast_head_json":{"title":"Revienta pandemia par\u00e1metros: 30 mil infectados en un d\u00eda y viene otra cepa - NOTICIAS","robots":{"index":"index","follow":"follow","max-snippet":"max-snippet:-1","max-image-preview":"max-image-preview:large","max-video-preview":"max-video-preview:-1"},"canonical":"https:\/\/laredsocial-noticias.com\/wp\/revienta-pandemia-parametros-30-mil-infectados-en-un-dia-y-viene-otra-cepa\/","og_locale":"es_ES","og_type":"article","og_title":"Revienta pandemia par\u00e1metros: 30 mil infectados en un d\u00eda y viene otra cepa - NOTICIAS","og_description":"M\u00e9xico registr\u00f3, en la primera semana del a\u00f1o, un pico de infectados por Covid19 con 30 mil 671 casos en...","og_url":"https:\/\/laredsocial-noticias.com\/wp\/revienta-pandemia-parametros-30-mil-infectados-en-un-dia-y-viene-otra-cepa\/","og_site_name":"NOTICIAS","article_published_time":"2022-01-09T18:52:31+00:00","article_modified_time":"2022-01-09T19:06:21+00:00","og_image":[{"width":1280,"height":720,"url":"https:\/\/laredsocial-noticias.com\/wp\/wp-content\/uploads\/2021\/12\/Covid-19-Mexico-1.jpg","type":"image\/jpeg"}],"author":"Editor en Jefe","twitter_card":"summary_large_image","twitter_misc":{"Escrito por":"Editor en Jefe","Tiempo de lectura":"3 minutos"},"schema":{"@context":"https:\/\/schema.org","@graph":[{"@type":"WebPage","@id":"https:\/\/laredsocial-noticias.com\/wp\/revienta-pandemia-parametros-30-mil-infectados-en-un-dia-y-viene-otra-cepa\/","url":"https:\/\/laredsocial-noticias.com\/wp\/revienta-pandemia-parametros-30-mil-infectados-en-un-dia-y-viene-otra-cepa\/","name":"Revienta pandemia par\u00e1metros: 30 mil infectados en un d\u00eda y viene otra cepa - NOTICIAS","isPartOf":{"@id":"https:\/\/laredsocial-noticias.com\/wp\/#website"},"primaryImageOfPage":{"@id":"https:\/\/laredsocial-noticias.com\/wp\/revienta-pandemia-parametros-30-mil-infectados-en-un-dia-y-viene-otra-cepa\/#primaryimage"},"image":{"@id":"https:\/\/laredsocial-noticias.com\/wp\/revienta-pandemia-parametros-30-mil-infectados-en-un-dia-y-viene-otra-cepa\/#primaryimage"},"thumbnailUrl":"https:\/\/laredsocial-noticias.com\/wp\/wp-content\/uploads\/2022\/01\/PANDEMIA-150x150.jpg","datePublished":"2022-01-09T18:52:31+00:00","dateModified":"2022-01-09T19:06:21+00:00","author":{"@id":"https:\/\/laredsocial-noticias.com\/wp\/#\/schema\/person\/0ce78643f2de7aae6f6ef10e8453a6e0"},"breadcrumb":{"@id":"https:\/\/laredsocial-noticias.com\/wp\/revienta-pandemia-parametros-30-mil-infectados-en-un-dia-y-viene-otra-cepa\/#breadcrumb"},"inLanguage":"es","potentialAction":[{"@type":"ReadAction","target":["https:\/\/laredsocial-noticias.com\/wp\/revienta-pandemia-parametros-30-mil-infectados-en-un-dia-y-viene-otra-cepa\/"]}]},{"@type":"ImageObject","inLanguage":"es","@id":"https:\/\/laredsocial-noticias.com\/wp\/revienta-pandemia-parametros-30-mil-infectados-en-un-dia-y-viene-otra-cepa\/#primaryimage","url":"","contentUrl":""},{"@type":"BreadcrumbList","@id":"https:\/\/laredsocial-noticias.com\/wp\/revienta-pandemia-parametros-30-mil-infectados-en-un-dia-y-viene-otra-cepa\/#breadcrumb","itemListElement":[{"@type":"ListItem","position":1,"name":"Portada","item":"https:\/\/laredsocial-noticias.com\/wp\/"},{"@type":"ListItem","position":2,"name":"Revienta pandemia par\u00e1metros: 30 mil infectados en un d\u00eda y viene otra cepa"}]},{"@type":"WebSite","@id":"https:\/\/laredsocial-noticias.com\/wp\/#website","url":"https:\/\/laredsocial-noticias.com\/wp\/","name":"NOTICIAS","description":"Lo que se ve y se dice en las redes sociales","potentialAction":[{"@type":"SearchAction","target":{"@type":"EntryPoint","urlTemplate":"https:\/\/laredsocial-noticias.com\/wp\/?s={search_term_string}"},"query-input":{"@type":"PropertyValueSpecification","valueRequired":true,"valueName":"search_term_string"}}],"inLanguage":"es"},{"@type":"Person","@id":"https:\/\/laredsocial-noticias.com\/wp\/#\/schema\/person\/0ce78643f2de7aae6f6ef10e8453a6e0","name":"Editor en Jefe","url":"https:\/\/laredsocial-noticias.com\/wp\/author\/jorgeochoa\/"}]}},"_links":{"self":[{"href":"https:\/\/laredsocial-noticias.com\/wp\/wp-json\/wp\/v2\/posts\/159087","targetHints":{"allow":["GET"]}}],"collection":[{"href":"https:\/\/laredsocial-noticias.com\/wp\/wp-json\/wp\/v2\/posts"}],"about":[{"href":"https:\/\/laredsocial-noticias.com\/wp\/wp-json\/wp\/v2\/types\/post"}],"author":[{"embeddable":true,"href":"https:\/\/laredsocial-noticias.com\/wp\/wp-json\/wp\/v2\/users\/1"}],"replies":[{"embeddable":true,"href":"https:\/\/laredsocial-noticias.com\/wp\/wp-json\/wp\/v2\/comments?post=159087"}],"version-history":[{"count":3,"href":"https:\/\/laredsocial-noticias.com\/wp\/wp-json\/wp\/v2\/posts\/159087\/revisions"}],"predecessor-version":[{"id":159094,"href":"https:\/\/laredsocial-noticias.com\/wp\/wp-json\/wp\/v2\/posts\/159087\/revisions\/159094"}],"wp:attachment":[{"href":"https:\/\/laredsocial-noticias.com\/wp\/wp-json\/wp\/v2\/media?parent=159087"}],"wp:term":[{"taxonomy":"category","embeddable":true,"href":"https:\/\/laredsocial-noticias.com\/wp\/wp-json\/wp\/v2\/categories?post=159087"},{"taxonomy":"post_tag","embeddable":true,"href":"https:\/\/laredsocial-noticias.com\/wp\/wp-json\/wp\/v2\/tags?post=159087"}],"curies":[{"name":"wp","href":"https:\/\/api.w.org\/{rel}","templated":true}]}}