{"id":159483,"date":"2022-01-14T12:30:11","date_gmt":"2022-01-14T18:30:11","guid":{"rendered":"https:\/\/laredsocial-noticias.com\/wp\/?p=159483"},"modified":"2022-01-14T17:28:20","modified_gmt":"2022-01-14T23:28:20","slug":"segob-responde-a-ine-ni-modo-de-reducir-programas-de-bienestar","status":"publish","type":"post","link":"https:\/\/laredsocial-noticias.com\/wp\/segob-responde-a-ine-ni-modo-de-reducir-programas-de-bienestar\/","title":{"rendered":"Segob responde a INE: ni modo de reducir programas de bienestar"},"content":{"rendered":"<p>El\u00a0Secretario de Gobernaci\u00f3n, Ad\u00e1n Augusto L\u00f3pez, reiter\u00f3 que el Gobierno Federal no tiene margen para otorgar m\u00e1s recursos al Instituto Nacional Electoral (INE) para realizar la revocaci\u00f3n de mandato del presidente Andr\u00e9s Manuel L\u00f3pez Obrador.<\/p>\n<p>\u201cYa ayer lo informaron las autoridades hacendarias, no hay margen en el presupuesto p\u00fablico, est\u00e1 muy acotado, desde luego ya presupuestalmente se tomaron previsiones para cumplir sobre todo con programas sociales, ni modo que vayamos a reducir o entrega de apoyos a adultos mayores\u201d, dijo el titular de Segob.<\/p>\n<p>En la conferencia matutina,\u00a0Augusto L\u00f3pez\u00a0dijo ser un respetuoso de la libertad que tienen los consejeros del\u00a0INE\u00a0para manifestar lo que ellos crean conveniente, luego que ayer criticaran el plan de austeridad por m\u00e1s de dos mil millones de pesos presentado por la administraci\u00f3n federal.<\/p>\n<p>El Consejo General del INE aprob\u00f3 por unanimidad solicitar 1,738 millones de pesos a la Secretar\u00eda de Hacienda y Cr\u00e9dito P\u00fablico para completar el gasto requerido para la organizaci\u00f3n de la citada consulta revocatoria.<\/p>\n<p>Ayer, el secretario de\u00a0Gobernaci\u00f3n\u00a0aclar\u00f3 que no hay antecedente de que el gobierno federal haya otorgado una ampliaci\u00f3n presupuestal a organismo aut\u00f3nomo alguno, como es el caso de la autoridad electoral.<\/p>\n","protected":false},"excerpt":{"rendered":"<p>El\u00a0Secretario de Gobernaci\u00f3n, Ad\u00e1n Augusto L\u00f3pez, reiter\u00f3 que el Gobierno Federal no tiene margen para otorgar m\u00e1s recursos al Instituto&#8230;<\/p>\n","protected":false},"author":1,"featured_media":0,"comment_status":"open","ping_status":"closed","sticky":false,"template":"","format":"standard","meta":{"footnotes":""},"categories":[78,1726,2801,6026,73,11297],"tags":[4959,77],"class_list":["post-159483","post","type-post","status-publish","format-standard","hentry","category-nacional","category-nacionales","category-politica","category-portada","category-principal","category-principales","tag-featured","tag-principal"],"yoast_head":"<!-- This site is optimized with the Yoast SEO plugin v26.5 - https:\/\/yoast.com\/wordpress\/plugins\/seo\/ -->\n<title>Segob responde a INE: ni modo de reducir programas de bienestar - NOTICIAS<\/title>\n<meta name=\"robots\" content=\"index, follow, max-snippet:-1, max-image-preview:large, max-video-preview:-1\" \/>\n<link rel=\"canonical\" href=\"https:\/\/laredsocial-noticias.com\/wp\/segob-responde-a-ine-ni-modo-de-reducir-programas-de-bienestar\/\" \/>\n<meta property=\"og:locale\" content=\"es_ES\" \/>\n<meta property=\"og:type\" content=\"article\" \/>\n<meta property=\"og:title\" content=\"Segob responde a INE: ni modo de reducir programas de bienestar - NOTICIAS\" \/>\n<meta property=\"og:description\" content=\"El\u00a0Secretario de Gobernaci\u00f3n, Ad\u00e1n Augusto L\u00f3pez, reiter\u00f3 que el Gobierno Federal no tiene margen para otorgar m\u00e1s recursos al Instituto...\" \/>\n<meta property=\"og:url\" content=\"https:\/\/laredsocial-noticias.com\/wp\/segob-responde-a-ine-ni-modo-de-reducir-programas-de-bienestar\/\" \/>\n<meta property=\"og:site_name\" content=\"NOTICIAS\" \/>\n<meta property=\"article:published_time\" content=\"2022-01-14T18:30:11+00:00\" \/>\n<meta property=\"article:modified_time\" content=\"2022-01-14T23:28:20+00:00\" \/>\n<meta name=\"author\" content=\"Editor en Jefe\" \/>\n<meta name=\"twitter:card\" content=\"summary_large_image\" \/>\n<meta name=\"twitter:label1\" content=\"Escrito por\" \/>\n\t<meta name=\"twitter:data1\" content=\"Editor en Jefe\" \/>\n\t<meta name=\"twitter:label2\" content=\"Tiempo de lectura\" \/>\n\t<meta name=\"twitter:data2\" content=\"1 minuto\" \/>\n<!-- \/ Yoast SEO plugin. -->","yoast_head_json":{"title":"Segob responde a INE: ni modo de reducir programas de bienestar - NOTICIAS","robots":{"index":"index","follow":"follow","max-snippet":"max-snippet:-1","max-image-preview":"max-image-preview:large","max-video-preview":"max-video-preview:-1"},"canonical":"https:\/\/laredsocial-noticias.com\/wp\/segob-responde-a-ine-ni-modo-de-reducir-programas-de-bienestar\/","og_locale":"es_ES","og_type":"article","og_title":"Segob responde a INE: ni modo de reducir programas de bienestar - NOTICIAS","og_description":"El\u00a0Secretario de Gobernaci\u00f3n, Ad\u00e1n Augusto L\u00f3pez, reiter\u00f3 que el Gobierno Federal no tiene margen para otorgar m\u00e1s recursos al Instituto...","og_url":"https:\/\/laredsocial-noticias.com\/wp\/segob-responde-a-ine-ni-modo-de-reducir-programas-de-bienestar\/","og_site_name":"NOTICIAS","article_published_time":"2022-01-14T18:30:11+00:00","article_modified_time":"2022-01-14T23:28:20+00:00","author":"Editor en Jefe","twitter_card":"summary_large_image","twitter_misc":{"Escrito por":"Editor en Jefe","Tiempo de lectura":"1 minuto"},"schema":{"@context":"https:\/\/schema.org","@graph":[{"@type":"WebPage","@id":"https:\/\/laredsocial-noticias.com\/wp\/segob-responde-a-ine-ni-modo-de-reducir-programas-de-bienestar\/","url":"https:\/\/laredsocial-noticias.com\/wp\/segob-responde-a-ine-ni-modo-de-reducir-programas-de-bienestar\/","name":"Segob responde a INE: ni modo de reducir programas de bienestar - NOTICIAS","isPartOf":{"@id":"https:\/\/laredsocial-noticias.com\/wp\/#website"},"datePublished":"2022-01-14T18:30:11+00:00","dateModified":"2022-01-14T23:28:20+00:00","author":{"@id":"https:\/\/laredsocial-noticias.com\/wp\/#\/schema\/person\/0ce78643f2de7aae6f6ef10e8453a6e0"},"breadcrumb":{"@id":"https:\/\/laredsocial-noticias.com\/wp\/segob-responde-a-ine-ni-modo-de-reducir-programas-de-bienestar\/#breadcrumb"},"inLanguage":"es","potentialAction":[{"@type":"ReadAction","target":["https:\/\/laredsocial-noticias.com\/wp\/segob-responde-a-ine-ni-modo-de-reducir-programas-de-bienestar\/"]}]},{"@type":"BreadcrumbList","@id":"https:\/\/laredsocial-noticias.com\/wp\/segob-responde-a-ine-ni-modo-de-reducir-programas-de-bienestar\/#breadcrumb","itemListElement":[{"@type":"ListItem","position":1,"name":"Portada","item":"https:\/\/laredsocial-noticias.com\/wp\/"},{"@type":"ListItem","position":2,"name":"Segob responde a INE: ni modo de reducir programas de bienestar"}]},{"@type":"WebSite","@id":"https:\/\/laredsocial-noticias.com\/wp\/#website","url":"https:\/\/laredsocial-noticias.com\/wp\/","name":"NOTICIAS","description":"Lo que se ve y se dice en las redes sociales","potentialAction":[{"@type":"SearchAction","target":{"@type":"EntryPoint","urlTemplate":"https:\/\/laredsocial-noticias.com\/wp\/?s={search_term_string}"},"query-input":{"@type":"PropertyValueSpecification","valueRequired":true,"valueName":"search_term_string"}}],"inLanguage":"es"},{"@type":"Person","@id":"https:\/\/laredsocial-noticias.com\/wp\/#\/schema\/person\/0ce78643f2de7aae6f6ef10e8453a6e0","name":"Editor en Jefe","url":"https:\/\/laredsocial-noticias.com\/wp\/author\/jorgeochoa\/"}]}},"_links":{"self":[{"href":"https:\/\/laredsocial-noticias.com\/wp\/wp-json\/wp\/v2\/posts\/159483","targetHints":{"allow":["GET"]}}],"collection":[{"href":"https:\/\/laredsocial-noticias.com\/wp\/wp-json\/wp\/v2\/posts"}],"about":[{"href":"https:\/\/laredsocial-noticias.com\/wp\/wp-json\/wp\/v2\/types\/post"}],"author":[{"embeddable":true,"href":"https:\/\/laredsocial-noticias.com\/wp\/wp-json\/wp\/v2\/users\/1"}],"replies":[{"embeddable":true,"href":"https:\/\/laredsocial-noticias.com\/wp\/wp-json\/wp\/v2\/comments?post=159483"}],"version-history":[{"count":1,"href":"https:\/\/laredsocial-noticias.com\/wp\/wp-json\/wp\/v2\/posts\/159483\/revisions"}],"predecessor-version":[{"id":159484,"href":"https:\/\/laredsocial-noticias.com\/wp\/wp-json\/wp\/v2\/posts\/159483\/revisions\/159484"}],"wp:attachment":[{"href":"https:\/\/laredsocial-noticias.com\/wp\/wp-json\/wp\/v2\/media?parent=159483"}],"wp:term":[{"taxonomy":"category","embeddable":true,"href":"https:\/\/laredsocial-noticias.com\/wp\/wp-json\/wp\/v2\/categories?post=159483"},{"taxonomy":"post_tag","embeddable":true,"href":"https:\/\/laredsocial-noticias.com\/wp\/wp-json\/wp\/v2\/tags?post=159483"}],"curies":[{"name":"wp","href":"https:\/\/api.w.org\/{rel}","templated":true}]}}