{"id":159497,"date":"2022-01-14T15:00:01","date_gmt":"2022-01-14T21:00:01","guid":{"rendered":"https:\/\/laredsocial-noticias.com\/wp\/?p=159497"},"modified":"2022-01-14T17:33:28","modified_gmt":"2022-01-14T23:33:28","slug":"habra-otra-variante-mas-transmisible-y-mas-mortal-que-omicron-oms","status":"publish","type":"post","link":"https:\/\/laredsocial-noticias.com\/wp\/habra-otra-variante-mas-transmisible-y-mas-mortal-que-omicron-oms\/","title":{"rendered":"Habr\u00e1 \u201cotra variante m\u00e1s transmisible y m\u00e1s mortal que \u00f3micron\u201c: OMS"},"content":{"rendered":"<p>La\u00a0Organizaci\u00f3n Mundial de la Salud (OMS) advirti\u00f3 que a mayor transmisi\u00f3n del Covid-19, surge el riesgo no solo de m\u00e1s hospitalizaciones y m\u00e1s decesos, sino tambi\u00e9n de\u00a0m\u00e1s riesgo de que surja\u00a0otra variante m\u00e1s transmisible y mortal.<\/p>\n<p>Tedros Adhanom Ghebreyesus, insisti\u00f3 en que la variante\u00a0\u00f3micron, que infecta a las personas a un ritmo que el mundo no hab\u00eda visto desde el inicio de la pandemia \u201csigue siendo un virus peligroso\u201d aunque cause s\u00edntomas menos graves, especialmente para quienes no est\u00e1n vacunados\u201c,<\/p>\n<p>La variante, que fue identificada por primera vez en \u00c1frica austral a finales de noviembre de 2021, se ha propagado de forma veloz en todo el mundo.<\/p>\n<p>Los s\u00edntomas menos severos \u2013sobre todo para las personas totalmente vacunadas y con una dosis de refuerzo\u2013 que los de delta hacen que algunos piensen que se trata de una enfermedad benigna.<\/p>\n<p>No obstante, advirti\u00f3 que\u00a0\u201cm\u00e1s transmisi\u00f3n quiere decir m\u00e1s hospitalizaciones, m\u00e1s decesos, m\u00e1s personas que no pueden ir a trabajar, incluyendo profesores y personal sanitario, y m\u00e1s\u00a0riesgo de que surja otra variante m\u00e1s transmisible y m\u00e1s mortal\u00a0que \u00f3micron\u201c,\u00a0dijo el responsable de la instituci\u00f3n.<\/p>\n<p>Michael Ryan, a cargo de las situaciones de emergencia en la OMS, asegur\u00f3 que el Covid no es de ninguna forma una enfermedad benigna, que podemos prevenir con vacunas.<\/p>\n<p>\u201cNo es el momento de abandonar, no es el momento de bajar la guardia, no es el momento de decir que es un virus bienvenido, ning\u00fan virus es bienvenido\u201c, advirti\u00f3.<\/p>\n","protected":false},"excerpt":{"rendered":"<p>La\u00a0Organizaci\u00f3n Mundial de la Salud (OMS) advirti\u00f3 que a mayor transmisi\u00f3n del Covid-19, surge el riesgo no solo de m\u00e1s&#8230;<\/p>\n","protected":false},"author":1,"featured_media":0,"comment_status":"open","ping_status":"closed","sticky":false,"template":"","format":"standard","meta":{"footnotes":""},"categories":[101,6026,73,11297,2849],"tags":[4959,77],"class_list":["post-159497","post","type-post","status-publish","format-standard","hentry","category-internacional","category-portada","category-principal","category-principales","category-salud","tag-featured","tag-principal"],"yoast_head":"<!-- This site is optimized with the Yoast SEO plugin v26.5 - https:\/\/yoast.com\/wordpress\/plugins\/seo\/ -->\n<title>Habr\u00e1 \u201cotra variante m\u00e1s transmisible y m\u00e1s mortal que \u00f3micron\u201c: OMS - NOTICIAS<\/title>\n<meta name=\"robots\" content=\"index, follow, max-snippet:-1, max-image-preview:large, max-video-preview:-1\" \/>\n<link rel=\"canonical\" href=\"https:\/\/laredsocial-noticias.com\/wp\/habra-otra-variante-mas-transmisible-y-mas-mortal-que-omicron-oms\/\" \/>\n<meta property=\"og:locale\" content=\"es_ES\" \/>\n<meta property=\"og:type\" content=\"article\" \/>\n<meta property=\"og:title\" content=\"Habr\u00e1 \u201cotra variante m\u00e1s transmisible y m\u00e1s mortal que \u00f3micron\u201c: OMS - NOTICIAS\" \/>\n<meta property=\"og:description\" content=\"La\u00a0Organizaci\u00f3n Mundial de la Salud (OMS) advirti\u00f3 que a mayor transmisi\u00f3n del Covid-19, surge el riesgo no solo de m\u00e1s...\" \/>\n<meta property=\"og:url\" content=\"https:\/\/laredsocial-noticias.com\/wp\/habra-otra-variante-mas-transmisible-y-mas-mortal-que-omicron-oms\/\" \/>\n<meta property=\"og:site_name\" content=\"NOTICIAS\" \/>\n<meta property=\"article:published_time\" content=\"2022-01-14T21:00:01+00:00\" \/>\n<meta property=\"article:modified_time\" content=\"2022-01-14T23:33:28+00:00\" \/>\n<meta name=\"author\" content=\"Editor en Jefe\" \/>\n<meta name=\"twitter:card\" content=\"summary_large_image\" \/>\n<meta name=\"twitter:label1\" content=\"Escrito por\" \/>\n\t<meta name=\"twitter:data1\" content=\"Editor en Jefe\" \/>\n\t<meta name=\"twitter:label2\" content=\"Tiempo de lectura\" \/>\n\t<meta name=\"twitter:data2\" content=\"1 minuto\" \/>\n<!-- \/ Yoast SEO plugin. -->","yoast_head_json":{"title":"Habr\u00e1 \u201cotra variante m\u00e1s transmisible y m\u00e1s mortal que \u00f3micron\u201c: OMS - NOTICIAS","robots":{"index":"index","follow":"follow","max-snippet":"max-snippet:-1","max-image-preview":"max-image-preview:large","max-video-preview":"max-video-preview:-1"},"canonical":"https:\/\/laredsocial-noticias.com\/wp\/habra-otra-variante-mas-transmisible-y-mas-mortal-que-omicron-oms\/","og_locale":"es_ES","og_type":"article","og_title":"Habr\u00e1 \u201cotra variante m\u00e1s transmisible y m\u00e1s mortal que \u00f3micron\u201c: OMS - NOTICIAS","og_description":"La\u00a0Organizaci\u00f3n Mundial de la Salud (OMS) advirti\u00f3 que a mayor transmisi\u00f3n del Covid-19, surge el riesgo no solo de m\u00e1s...","og_url":"https:\/\/laredsocial-noticias.com\/wp\/habra-otra-variante-mas-transmisible-y-mas-mortal-que-omicron-oms\/","og_site_name":"NOTICIAS","article_published_time":"2022-01-14T21:00:01+00:00","article_modified_time":"2022-01-14T23:33:28+00:00","author":"Editor en Jefe","twitter_card":"summary_large_image","twitter_misc":{"Escrito por":"Editor en Jefe","Tiempo de lectura":"1 minuto"},"schema":{"@context":"https:\/\/schema.org","@graph":[{"@type":"WebPage","@id":"https:\/\/laredsocial-noticias.com\/wp\/habra-otra-variante-mas-transmisible-y-mas-mortal-que-omicron-oms\/","url":"https:\/\/laredsocial-noticias.com\/wp\/habra-otra-variante-mas-transmisible-y-mas-mortal-que-omicron-oms\/","name":"Habr\u00e1 \u201cotra variante m\u00e1s transmisible y m\u00e1s mortal que \u00f3micron\u201c: OMS - NOTICIAS","isPartOf":{"@id":"https:\/\/laredsocial-noticias.com\/wp\/#website"},"datePublished":"2022-01-14T21:00:01+00:00","dateModified":"2022-01-14T23:33:28+00:00","author":{"@id":"https:\/\/laredsocial-noticias.com\/wp\/#\/schema\/person\/0ce78643f2de7aae6f6ef10e8453a6e0"},"breadcrumb":{"@id":"https:\/\/laredsocial-noticias.com\/wp\/habra-otra-variante-mas-transmisible-y-mas-mortal-que-omicron-oms\/#breadcrumb"},"inLanguage":"es","potentialAction":[{"@type":"ReadAction","target":["https:\/\/laredsocial-noticias.com\/wp\/habra-otra-variante-mas-transmisible-y-mas-mortal-que-omicron-oms\/"]}]},{"@type":"BreadcrumbList","@id":"https:\/\/laredsocial-noticias.com\/wp\/habra-otra-variante-mas-transmisible-y-mas-mortal-que-omicron-oms\/#breadcrumb","itemListElement":[{"@type":"ListItem","position":1,"name":"Portada","item":"https:\/\/laredsocial-noticias.com\/wp\/"},{"@type":"ListItem","position":2,"name":"Habr\u00e1 \u201cotra variante m\u00e1s transmisible y m\u00e1s mortal que \u00f3micron\u201c: OMS"}]},{"@type":"WebSite","@id":"https:\/\/laredsocial-noticias.com\/wp\/#website","url":"https:\/\/laredsocial-noticias.com\/wp\/","name":"NOTICIAS","description":"Lo que se ve y se dice en las redes sociales","potentialAction":[{"@type":"SearchAction","target":{"@type":"EntryPoint","urlTemplate":"https:\/\/laredsocial-noticias.com\/wp\/?s={search_term_string}"},"query-input":{"@type":"PropertyValueSpecification","valueRequired":true,"valueName":"search_term_string"}}],"inLanguage":"es"},{"@type":"Person","@id":"https:\/\/laredsocial-noticias.com\/wp\/#\/schema\/person\/0ce78643f2de7aae6f6ef10e8453a6e0","name":"Editor en Jefe","url":"https:\/\/laredsocial-noticias.com\/wp\/author\/jorgeochoa\/"}]}},"_links":{"self":[{"href":"https:\/\/laredsocial-noticias.com\/wp\/wp-json\/wp\/v2\/posts\/159497","targetHints":{"allow":["GET"]}}],"collection":[{"href":"https:\/\/laredsocial-noticias.com\/wp\/wp-json\/wp\/v2\/posts"}],"about":[{"href":"https:\/\/laredsocial-noticias.com\/wp\/wp-json\/wp\/v2\/types\/post"}],"author":[{"embeddable":true,"href":"https:\/\/laredsocial-noticias.com\/wp\/wp-json\/wp\/v2\/users\/1"}],"replies":[{"embeddable":true,"href":"https:\/\/laredsocial-noticias.com\/wp\/wp-json\/wp\/v2\/comments?post=159497"}],"version-history":[{"count":1,"href":"https:\/\/laredsocial-noticias.com\/wp\/wp-json\/wp\/v2\/posts\/159497\/revisions"}],"predecessor-version":[{"id":159498,"href":"https:\/\/laredsocial-noticias.com\/wp\/wp-json\/wp\/v2\/posts\/159497\/revisions\/159498"}],"wp:attachment":[{"href":"https:\/\/laredsocial-noticias.com\/wp\/wp-json\/wp\/v2\/media?parent=159497"}],"wp:term":[{"taxonomy":"category","embeddable":true,"href":"https:\/\/laredsocial-noticias.com\/wp\/wp-json\/wp\/v2\/categories?post=159497"},{"taxonomy":"post_tag","embeddable":true,"href":"https:\/\/laredsocial-noticias.com\/wp\/wp-json\/wp\/v2\/tags?post=159497"}],"curies":[{"name":"wp","href":"https:\/\/api.w.org\/{rel}","templated":true}]}}