{"id":159849,"date":"2022-01-20T13:30:38","date_gmt":"2022-01-20T19:30:38","guid":{"rendered":"https:\/\/laredsocial-noticias.com\/wp\/?p=159849"},"modified":"2022-01-20T15:59:14","modified_gmt":"2022-01-20T21:59:14","slug":"amlo-espera-dar-manana-una-muy-buena-noticia-sobre-energia","status":"publish","type":"post","link":"https:\/\/laredsocial-noticias.com\/wp\/amlo-espera-dar-manana-una-muy-buena-noticia-sobre-energia\/","title":{"rendered":"AMLO espera dar ma\u00f1ana \u201cuna muy buena noticia\u201d sobre energ\u00eda"},"content":{"rendered":"<p>Durante su conferencia matutina,\u00a0L\u00f3pez Obrador\u00a0confirm\u00f3 que a las 18:00 horas de este jueves tendr\u00e1 un encuentro con\u00a0Jennifer M. Granholm, secretaria de Energ\u00eda\u00a0de los Estados Unidos.<\/p>\n<blockquote class=\"wp-block-quote\"><p>\u201cMa\u00f1ana vamos a dar una muy buena noticia, una muy buena noticia sobre energ\u00eda para poder decir Viva M\u00e9xico con fuerza\u201d, dijo el mandatario en Palacio Nacional, hacia el final de su conferencia.<\/p><\/blockquote>\n<p>L\u00f3pez Obrador\u00a0agradeci\u00f3 al\u00a0gobierno de Estados Unidos\u00a0por \u201cser respetuosos\u201d con M\u00e9xico por sus pol\u00edticas en materia energ\u00e9tica, adem\u00e1s de dar su benepl\u00e1cito en la compra de la refiner\u00eda\u00a0Deer Park, ubicada en Houston, Texas.<\/p>\n<p>En d\u00edas pasados, el gobierno de Joe Biden inform\u00f3 que \u201cel viaje (de la secretaria Granholm) enfatizar\u00e1 el compromiso de los\u00a0Estados Unidos\u00a0de promover una agenda bilateral de\u00a0energ\u00eda limpia, apoyar la inversi\u00f3n en\u00a0energ\u00eda limpia, incrementar la diversidad en todo el\u00a0sector energ\u00e9tico internacional\u00a0y permitir un intercambio de puntos de vista sobre los cambios propuestos a las leyes y\u00a0regulaciones energ\u00e9ticas de M\u00e9xico.\u201d<\/p>\n","protected":false},"excerpt":{"rendered":"<p>Durante su conferencia matutina,\u00a0L\u00f3pez Obrador\u00a0confirm\u00f3 que a las 18:00 horas de este jueves tendr\u00e1 un encuentro con\u00a0Jennifer M. Granholm, secretaria&#8230;<\/p>\n","protected":false},"author":1,"featured_media":0,"comment_status":"open","ping_status":"closed","sticky":false,"template":"","format":"standard","meta":{"footnotes":""},"categories":[78,1726,2801,6026,73,11297],"tags":[1855,4959,77],"class_list":["post-159849","post","type-post","status-publish","format-standard","hentry","category-nacional","category-nacionales","category-politica","category-portada","category-principal","category-principales","tag-amlo","tag-featured","tag-principal"],"yoast_head":"<!-- This site is optimized with the Yoast SEO plugin v26.5 - https:\/\/yoast.com\/wordpress\/plugins\/seo\/ -->\n<title>AMLO espera dar ma\u00f1ana \u201cuna muy buena noticia\u201d sobre energ\u00eda - NOTICIAS<\/title>\n<meta name=\"robots\" content=\"index, follow, max-snippet:-1, max-image-preview:large, max-video-preview:-1\" \/>\n<link rel=\"canonical\" href=\"https:\/\/laredsocial-noticias.com\/wp\/amlo-espera-dar-manana-una-muy-buena-noticia-sobre-energia\/\" \/>\n<meta property=\"og:locale\" content=\"es_ES\" \/>\n<meta property=\"og:type\" content=\"article\" \/>\n<meta property=\"og:title\" content=\"AMLO espera dar ma\u00f1ana \u201cuna muy buena noticia\u201d sobre energ\u00eda - NOTICIAS\" \/>\n<meta property=\"og:description\" content=\"Durante su conferencia matutina,\u00a0L\u00f3pez Obrador\u00a0confirm\u00f3 que a las 18:00 horas de este jueves tendr\u00e1 un encuentro con\u00a0Jennifer M. Granholm, secretaria...\" \/>\n<meta property=\"og:url\" content=\"https:\/\/laredsocial-noticias.com\/wp\/amlo-espera-dar-manana-una-muy-buena-noticia-sobre-energia\/\" \/>\n<meta property=\"og:site_name\" content=\"NOTICIAS\" \/>\n<meta property=\"article:published_time\" content=\"2022-01-20T19:30:38+00:00\" \/>\n<meta property=\"article:modified_time\" content=\"2022-01-20T21:59:14+00:00\" \/>\n<meta name=\"author\" content=\"Editor en Jefe\" \/>\n<meta name=\"twitter:card\" content=\"summary_large_image\" \/>\n<meta name=\"twitter:label1\" content=\"Escrito por\" \/>\n\t<meta name=\"twitter:data1\" content=\"Editor en Jefe\" \/>\n\t<meta name=\"twitter:label2\" content=\"Tiempo de lectura\" \/>\n\t<meta name=\"twitter:data2\" content=\"1 minuto\" \/>\n<!-- \/ Yoast SEO plugin. -->","yoast_head_json":{"title":"AMLO espera dar ma\u00f1ana \u201cuna muy buena noticia\u201d sobre energ\u00eda - NOTICIAS","robots":{"index":"index","follow":"follow","max-snippet":"max-snippet:-1","max-image-preview":"max-image-preview:large","max-video-preview":"max-video-preview:-1"},"canonical":"https:\/\/laredsocial-noticias.com\/wp\/amlo-espera-dar-manana-una-muy-buena-noticia-sobre-energia\/","og_locale":"es_ES","og_type":"article","og_title":"AMLO espera dar ma\u00f1ana \u201cuna muy buena noticia\u201d sobre energ\u00eda - NOTICIAS","og_description":"Durante su conferencia matutina,\u00a0L\u00f3pez Obrador\u00a0confirm\u00f3 que a las 18:00 horas de este jueves tendr\u00e1 un encuentro con\u00a0Jennifer M. Granholm, secretaria...","og_url":"https:\/\/laredsocial-noticias.com\/wp\/amlo-espera-dar-manana-una-muy-buena-noticia-sobre-energia\/","og_site_name":"NOTICIAS","article_published_time":"2022-01-20T19:30:38+00:00","article_modified_time":"2022-01-20T21:59:14+00:00","author":"Editor en Jefe","twitter_card":"summary_large_image","twitter_misc":{"Escrito por":"Editor en Jefe","Tiempo de lectura":"1 minuto"},"schema":{"@context":"https:\/\/schema.org","@graph":[{"@type":"WebPage","@id":"https:\/\/laredsocial-noticias.com\/wp\/amlo-espera-dar-manana-una-muy-buena-noticia-sobre-energia\/","url":"https:\/\/laredsocial-noticias.com\/wp\/amlo-espera-dar-manana-una-muy-buena-noticia-sobre-energia\/","name":"AMLO espera dar ma\u00f1ana \u201cuna muy buena noticia\u201d sobre energ\u00eda - NOTICIAS","isPartOf":{"@id":"https:\/\/laredsocial-noticias.com\/wp\/#website"},"datePublished":"2022-01-20T19:30:38+00:00","dateModified":"2022-01-20T21:59:14+00:00","author":{"@id":"https:\/\/laredsocial-noticias.com\/wp\/#\/schema\/person\/0ce78643f2de7aae6f6ef10e8453a6e0"},"breadcrumb":{"@id":"https:\/\/laredsocial-noticias.com\/wp\/amlo-espera-dar-manana-una-muy-buena-noticia-sobre-energia\/#breadcrumb"},"inLanguage":"es","potentialAction":[{"@type":"ReadAction","target":["https:\/\/laredsocial-noticias.com\/wp\/amlo-espera-dar-manana-una-muy-buena-noticia-sobre-energia\/"]}]},{"@type":"BreadcrumbList","@id":"https:\/\/laredsocial-noticias.com\/wp\/amlo-espera-dar-manana-una-muy-buena-noticia-sobre-energia\/#breadcrumb","itemListElement":[{"@type":"ListItem","position":1,"name":"Portada","item":"https:\/\/laredsocial-noticias.com\/wp\/"},{"@type":"ListItem","position":2,"name":"AMLO espera dar ma\u00f1ana \u201cuna muy buena noticia\u201d sobre energ\u00eda"}]},{"@type":"WebSite","@id":"https:\/\/laredsocial-noticias.com\/wp\/#website","url":"https:\/\/laredsocial-noticias.com\/wp\/","name":"NOTICIAS","description":"Lo que se ve y se dice en las redes sociales","potentialAction":[{"@type":"SearchAction","target":{"@type":"EntryPoint","urlTemplate":"https:\/\/laredsocial-noticias.com\/wp\/?s={search_term_string}"},"query-input":{"@type":"PropertyValueSpecification","valueRequired":true,"valueName":"search_term_string"}}],"inLanguage":"es"},{"@type":"Person","@id":"https:\/\/laredsocial-noticias.com\/wp\/#\/schema\/person\/0ce78643f2de7aae6f6ef10e8453a6e0","name":"Editor en Jefe","url":"https:\/\/laredsocial-noticias.com\/wp\/author\/jorgeochoa\/"}]}},"_links":{"self":[{"href":"https:\/\/laredsocial-noticias.com\/wp\/wp-json\/wp\/v2\/posts\/159849","targetHints":{"allow":["GET"]}}],"collection":[{"href":"https:\/\/laredsocial-noticias.com\/wp\/wp-json\/wp\/v2\/posts"}],"about":[{"href":"https:\/\/laredsocial-noticias.com\/wp\/wp-json\/wp\/v2\/types\/post"}],"author":[{"embeddable":true,"href":"https:\/\/laredsocial-noticias.com\/wp\/wp-json\/wp\/v2\/users\/1"}],"replies":[{"embeddable":true,"href":"https:\/\/laredsocial-noticias.com\/wp\/wp-json\/wp\/v2\/comments?post=159849"}],"version-history":[{"count":1,"href":"https:\/\/laredsocial-noticias.com\/wp\/wp-json\/wp\/v2\/posts\/159849\/revisions"}],"predecessor-version":[{"id":159850,"href":"https:\/\/laredsocial-noticias.com\/wp\/wp-json\/wp\/v2\/posts\/159849\/revisions\/159850"}],"wp:attachment":[{"href":"https:\/\/laredsocial-noticias.com\/wp\/wp-json\/wp\/v2\/media?parent=159849"}],"wp:term":[{"taxonomy":"category","embeddable":true,"href":"https:\/\/laredsocial-noticias.com\/wp\/wp-json\/wp\/v2\/categories?post=159849"},{"taxonomy":"post_tag","embeddable":true,"href":"https:\/\/laredsocial-noticias.com\/wp\/wp-json\/wp\/v2\/tags?post=159849"}],"curies":[{"name":"wp","href":"https:\/\/api.w.org\/{rel}","templated":true}]}}