{"id":160301,"date":"2022-01-27T11:10:53","date_gmt":"2022-01-27T17:10:53","guid":{"rendered":"https:\/\/laredsocial-noticias.com\/wp\/?p=160301"},"modified":"2022-01-27T11:10:56","modified_gmt":"2022-01-27T17:10:56","slug":"se-registra-fuerte-incendio-en-la-central-de-abasto-de-iztapalapa","status":"publish","type":"post","link":"https:\/\/laredsocial-noticias.com\/wp\/se-registra-fuerte-incendio-en-la-central-de-abasto-de-iztapalapa\/","title":{"rendered":"Se registra fuerte incendio en la Central de Abasto de Iztapalapa"},"content":{"rendered":"<p>Un fuerte incendio se registr\u00f3 la noche de este mi\u00e9rcoles en la Central de Abasto (Ceda) de Iztapalapa, en la Ciudad de M\u00e9xico, hecho por el que no hubo reporte de heridos.<\/p>\n<p>Bomberos capitalinos arribaron al lugar para sofocar el fuego, donde el foco del incendio habr\u00eda sido una camioneta transportadora de chiles que aparentemente estaba abandonada.<\/p>\n<p>El reporte lleg\u00f3 a los bomberos de la capital, gracias a que los operadores del C5 vieron las llamas en las c\u00e1maras cerca de las ocho de la noche, por lo que reportaron el\u00a0incendio\u00a0a los servicios de emergencias.<\/p>\n<p>Seg\u00fan los primeros reportes, las llamas eran visibles a varios kil\u00f3metros de distancia, por lo que la movilizaci\u00f3n en la zona comenz\u00f3; concretamente, el incendio fue cerca del \u00e1rea de pescados de la Central de Abasto.<\/p>\n<p>Ante la posibilidad de que el fuego llegara a m\u00e1s camiones o a la misma\u00a0Central de Abastos, los conductores movieron sus veh\u00edculos para apartarlos del cami\u00f3n afectado.<\/p>\n<p>Despu\u00e9s de varios minutos, los bomberos de la alcald\u00eda Iztapalapa, lograron sofocar el\u00a0incendio, pero \u00e9ste consumi\u00f3 al\u00a0cami\u00f3n\u00a0de\u00a0chiles\u00a0en su totalidad.<\/p>\n<p>De acuerdo a los primeros reportes, el fuego comenz\u00f3 por una aparente falla el\u00e9ctrica en el interior del autom\u00f3vil, pero las autoridades no han confirmado nada a\u00fan.<\/p>\n<p>Este siniestro ocurre a una semana de que el fuego arrasara por 17 horas una f\u00e1brica en la colonia Coltongo, en la alcald\u00eda Azcapotzalco.<\/p>\n","protected":false},"excerpt":{"rendered":"<p>Un fuerte incendio se registr\u00f3 la noche de este mi\u00e9rcoles en la Central de Abasto (Ceda) de Iztapalapa, en la&#8230;<\/p>\n","protected":false},"author":1,"featured_media":0,"comment_status":"open","ping_status":"closed","sticky":false,"template":"","format":"standard","meta":{"footnotes":""},"categories":[91,6026,73,11297],"tags":[261,1469,4959,77],"class_list":["post-160301","post","type-post","status-publish","format-standard","hentry","category-cdmx","category-portada","category-principal","category-principales","tag-cdmx","tag-ciudad-de-mexico","tag-featured","tag-principal"],"yoast_head":"<!-- This site is optimized with the Yoast SEO plugin v26.5 - https:\/\/yoast.com\/wordpress\/plugins\/seo\/ -->\n<title>Se registra fuerte incendio en la Central de Abasto de Iztapalapa - NOTICIAS<\/title>\n<meta name=\"robots\" content=\"index, follow, max-snippet:-1, max-image-preview:large, max-video-preview:-1\" \/>\n<link rel=\"canonical\" href=\"https:\/\/laredsocial-noticias.com\/wp\/se-registra-fuerte-incendio-en-la-central-de-abasto-de-iztapalapa\/\" \/>\n<meta property=\"og:locale\" content=\"es_ES\" \/>\n<meta property=\"og:type\" content=\"article\" \/>\n<meta property=\"og:title\" content=\"Se registra fuerte incendio en la Central de Abasto de Iztapalapa - NOTICIAS\" \/>\n<meta property=\"og:description\" content=\"Un fuerte incendio se registr\u00f3 la noche de este mi\u00e9rcoles en la Central de Abasto (Ceda) de Iztapalapa, en la...\" \/>\n<meta property=\"og:url\" content=\"https:\/\/laredsocial-noticias.com\/wp\/se-registra-fuerte-incendio-en-la-central-de-abasto-de-iztapalapa\/\" \/>\n<meta property=\"og:site_name\" content=\"NOTICIAS\" \/>\n<meta property=\"article:published_time\" content=\"2022-01-27T17:10:53+00:00\" \/>\n<meta property=\"article:modified_time\" content=\"2022-01-27T17:10:56+00:00\" \/>\n<meta name=\"author\" content=\"Editor en Jefe\" \/>\n<meta name=\"twitter:card\" content=\"summary_large_image\" \/>\n<meta name=\"twitter:label1\" content=\"Escrito por\" \/>\n\t<meta name=\"twitter:data1\" content=\"Editor en Jefe\" \/>\n\t<meta name=\"twitter:label2\" content=\"Tiempo de lectura\" \/>\n\t<meta name=\"twitter:data2\" content=\"1 minuto\" \/>\n<!-- \/ Yoast SEO plugin. -->","yoast_head_json":{"title":"Se registra fuerte incendio en la Central de Abasto de Iztapalapa - NOTICIAS","robots":{"index":"index","follow":"follow","max-snippet":"max-snippet:-1","max-image-preview":"max-image-preview:large","max-video-preview":"max-video-preview:-1"},"canonical":"https:\/\/laredsocial-noticias.com\/wp\/se-registra-fuerte-incendio-en-la-central-de-abasto-de-iztapalapa\/","og_locale":"es_ES","og_type":"article","og_title":"Se registra fuerte incendio en la Central de Abasto de Iztapalapa - NOTICIAS","og_description":"Un fuerte incendio se registr\u00f3 la noche de este mi\u00e9rcoles en la Central de Abasto (Ceda) de Iztapalapa, en la...","og_url":"https:\/\/laredsocial-noticias.com\/wp\/se-registra-fuerte-incendio-en-la-central-de-abasto-de-iztapalapa\/","og_site_name":"NOTICIAS","article_published_time":"2022-01-27T17:10:53+00:00","article_modified_time":"2022-01-27T17:10:56+00:00","author":"Editor en Jefe","twitter_card":"summary_large_image","twitter_misc":{"Escrito por":"Editor en Jefe","Tiempo de lectura":"1 minuto"},"schema":{"@context":"https:\/\/schema.org","@graph":[{"@type":"WebPage","@id":"https:\/\/laredsocial-noticias.com\/wp\/se-registra-fuerte-incendio-en-la-central-de-abasto-de-iztapalapa\/","url":"https:\/\/laredsocial-noticias.com\/wp\/se-registra-fuerte-incendio-en-la-central-de-abasto-de-iztapalapa\/","name":"Se registra fuerte incendio en la Central de Abasto de Iztapalapa - NOTICIAS","isPartOf":{"@id":"https:\/\/laredsocial-noticias.com\/wp\/#website"},"datePublished":"2022-01-27T17:10:53+00:00","dateModified":"2022-01-27T17:10:56+00:00","author":{"@id":"https:\/\/laredsocial-noticias.com\/wp\/#\/schema\/person\/0ce78643f2de7aae6f6ef10e8453a6e0"},"breadcrumb":{"@id":"https:\/\/laredsocial-noticias.com\/wp\/se-registra-fuerte-incendio-en-la-central-de-abasto-de-iztapalapa\/#breadcrumb"},"inLanguage":"es","potentialAction":[{"@type":"ReadAction","target":["https:\/\/laredsocial-noticias.com\/wp\/se-registra-fuerte-incendio-en-la-central-de-abasto-de-iztapalapa\/"]}]},{"@type":"BreadcrumbList","@id":"https:\/\/laredsocial-noticias.com\/wp\/se-registra-fuerte-incendio-en-la-central-de-abasto-de-iztapalapa\/#breadcrumb","itemListElement":[{"@type":"ListItem","position":1,"name":"Portada","item":"https:\/\/laredsocial-noticias.com\/wp\/"},{"@type":"ListItem","position":2,"name":"Se registra fuerte incendio en la Central de Abasto de Iztapalapa"}]},{"@type":"WebSite","@id":"https:\/\/laredsocial-noticias.com\/wp\/#website","url":"https:\/\/laredsocial-noticias.com\/wp\/","name":"NOTICIAS","description":"Lo que se ve y se dice en las redes sociales","potentialAction":[{"@type":"SearchAction","target":{"@type":"EntryPoint","urlTemplate":"https:\/\/laredsocial-noticias.com\/wp\/?s={search_term_string}"},"query-input":{"@type":"PropertyValueSpecification","valueRequired":true,"valueName":"search_term_string"}}],"inLanguage":"es"},{"@type":"Person","@id":"https:\/\/laredsocial-noticias.com\/wp\/#\/schema\/person\/0ce78643f2de7aae6f6ef10e8453a6e0","name":"Editor en Jefe","url":"https:\/\/laredsocial-noticias.com\/wp\/author\/jorgeochoa\/"}]}},"_links":{"self":[{"href":"https:\/\/laredsocial-noticias.com\/wp\/wp-json\/wp\/v2\/posts\/160301","targetHints":{"allow":["GET"]}}],"collection":[{"href":"https:\/\/laredsocial-noticias.com\/wp\/wp-json\/wp\/v2\/posts"}],"about":[{"href":"https:\/\/laredsocial-noticias.com\/wp\/wp-json\/wp\/v2\/types\/post"}],"author":[{"embeddable":true,"href":"https:\/\/laredsocial-noticias.com\/wp\/wp-json\/wp\/v2\/users\/1"}],"replies":[{"embeddable":true,"href":"https:\/\/laredsocial-noticias.com\/wp\/wp-json\/wp\/v2\/comments?post=160301"}],"version-history":[{"count":1,"href":"https:\/\/laredsocial-noticias.com\/wp\/wp-json\/wp\/v2\/posts\/160301\/revisions"}],"predecessor-version":[{"id":160302,"href":"https:\/\/laredsocial-noticias.com\/wp\/wp-json\/wp\/v2\/posts\/160301\/revisions\/160302"}],"wp:attachment":[{"href":"https:\/\/laredsocial-noticias.com\/wp\/wp-json\/wp\/v2\/media?parent=160301"}],"wp:term":[{"taxonomy":"category","embeddable":true,"href":"https:\/\/laredsocial-noticias.com\/wp\/wp-json\/wp\/v2\/categories?post=160301"},{"taxonomy":"post_tag","embeddable":true,"href":"https:\/\/laredsocial-noticias.com\/wp\/wp-json\/wp\/v2\/tags?post=160301"}],"curies":[{"name":"wp","href":"https:\/\/api.w.org\/{rel}","templated":true}]}}