{"id":160718,"date":"2022-02-02T12:30:20","date_gmt":"2022-02-02T18:30:20","guid":{"rendered":"https:\/\/laredsocial-noticias.com\/wp\/?p=160718"},"modified":"2022-02-02T17:48:50","modified_gmt":"2022-02-02T23:48:50","slug":"por-dia-de-la-candelaria-amlo-se-come-unos-tamales-con-salsa","status":"publish","type":"post","link":"https:\/\/laredsocial-noticias.com\/wp\/por-dia-de-la-candelaria-amlo-se-come-unos-tamales-con-salsa\/","title":{"rendered":"Por D\u00eda de la Candelaria, AMLO se come unos tamales con salsa"},"content":{"rendered":"<p>El presidente Andr\u00e9s Manuel L\u00f3pez Obrador celebr\u00f3 el \u2018D\u00eda de la Candelaria\u2018 este 2 de febrero comi\u00e9ndose unos\u00a0tamales con salsa de chipil\u00edn.<\/p>\n<p>A trav\u00e9s de redes sociales, el mandatario comparti\u00f3 un video que fue filmado por su esposa\u00a0Beatriz Guti\u00e9rrez M\u00fcller, donde se muestra comiendo unos tamales veracruzanos.<\/p>\n<blockquote class=\"wp-block-quote\"><p>\u201cHoy es D\u00eda de la Candelaria, 2 de febrero y es el d\u00eda de los tamales, \u00a1Bendita tradici\u00f3n! miren este es de chipil\u00edn y este es un chanchanito\u201d, apunt\u00f3 el primer ejecutivo federal.<\/p><\/blockquote>\n<p>Luego de unas dificultades para agarrar\u00a0el chanchachito, L\u00f3pez Obrador vierte un poco de salsa de chipil\u00edn y explica que esos son unos\u00a0tradicionales tamales tabasque\u00f1os.<\/p>\n<p>El\u00a0D\u00eda de la Candelaria\u00a0es festejado cada\u00a02 de febrero\u00a0y se celebra la purificaci\u00f3n de la Virgen, se viste al ni\u00f1o Dios y se lleva a la iglesia para ser bendecido. Despu\u00e9s, quienes encontraron al ni\u00f1o en la rosca invitan los tamales.<\/p>\n<blockquote class=\"wp-block-quote\"><p>\u201cEl que sac\u00f3 mu\u00f1equito que no se haga rosca\u201d, apunt\u00f3 el presidente en su mensaje que acompa\u00f1a el video.<\/p><\/blockquote>\n","protected":false},"excerpt":{"rendered":"<p>El presidente Andr\u00e9s Manuel L\u00f3pez Obrador celebr\u00f3 el \u2018D\u00eda de la Candelaria\u2018 este 2 de febrero comi\u00e9ndose unos\u00a0tamales con salsa&#8230;<\/p>\n","protected":false},"author":1,"featured_media":0,"comment_status":"open","ping_status":"closed","sticky":false,"template":"","format":"standard","meta":{"footnotes":""},"categories":[78,1726,2801,6026,73,11297],"tags":[4959,77],"class_list":["post-160718","post","type-post","status-publish","format-standard","hentry","category-nacional","category-nacionales","category-politica","category-portada","category-principal","category-principales","tag-featured","tag-principal"],"yoast_head":"<!-- This site is optimized with the Yoast SEO plugin v26.5 - https:\/\/yoast.com\/wordpress\/plugins\/seo\/ -->\n<title>Por D\u00eda de la Candelaria, AMLO se come unos tamales con salsa - NOTICIAS<\/title>\n<meta name=\"robots\" content=\"index, follow, max-snippet:-1, max-image-preview:large, max-video-preview:-1\" \/>\n<link rel=\"canonical\" href=\"https:\/\/laredsocial-noticias.com\/wp\/por-dia-de-la-candelaria-amlo-se-come-unos-tamales-con-salsa\/\" \/>\n<meta property=\"og:locale\" content=\"es_ES\" \/>\n<meta property=\"og:type\" content=\"article\" \/>\n<meta property=\"og:title\" content=\"Por D\u00eda de la Candelaria, AMLO se come unos tamales con salsa - NOTICIAS\" \/>\n<meta property=\"og:description\" content=\"El presidente Andr\u00e9s Manuel L\u00f3pez Obrador celebr\u00f3 el \u2018D\u00eda de la Candelaria\u2018 este 2 de febrero comi\u00e9ndose unos\u00a0tamales con salsa...\" \/>\n<meta property=\"og:url\" content=\"https:\/\/laredsocial-noticias.com\/wp\/por-dia-de-la-candelaria-amlo-se-come-unos-tamales-con-salsa\/\" \/>\n<meta property=\"og:site_name\" content=\"NOTICIAS\" \/>\n<meta property=\"article:published_time\" content=\"2022-02-02T18:30:20+00:00\" \/>\n<meta property=\"article:modified_time\" content=\"2022-02-02T23:48:50+00:00\" \/>\n<meta name=\"author\" content=\"Editor en Jefe\" \/>\n<meta name=\"twitter:card\" content=\"summary_large_image\" \/>\n<meta name=\"twitter:label1\" content=\"Escrito por\" \/>\n\t<meta name=\"twitter:data1\" content=\"Editor en Jefe\" \/>\n\t<meta name=\"twitter:label2\" content=\"Tiempo de lectura\" \/>\n\t<meta name=\"twitter:data2\" content=\"1 minuto\" \/>\n<!-- \/ Yoast SEO plugin. -->","yoast_head_json":{"title":"Por D\u00eda de la Candelaria, AMLO se come unos tamales con salsa - NOTICIAS","robots":{"index":"index","follow":"follow","max-snippet":"max-snippet:-1","max-image-preview":"max-image-preview:large","max-video-preview":"max-video-preview:-1"},"canonical":"https:\/\/laredsocial-noticias.com\/wp\/por-dia-de-la-candelaria-amlo-se-come-unos-tamales-con-salsa\/","og_locale":"es_ES","og_type":"article","og_title":"Por D\u00eda de la Candelaria, AMLO se come unos tamales con salsa - NOTICIAS","og_description":"El presidente Andr\u00e9s Manuel L\u00f3pez Obrador celebr\u00f3 el \u2018D\u00eda de la Candelaria\u2018 este 2 de febrero comi\u00e9ndose unos\u00a0tamales con salsa...","og_url":"https:\/\/laredsocial-noticias.com\/wp\/por-dia-de-la-candelaria-amlo-se-come-unos-tamales-con-salsa\/","og_site_name":"NOTICIAS","article_published_time":"2022-02-02T18:30:20+00:00","article_modified_time":"2022-02-02T23:48:50+00:00","author":"Editor en Jefe","twitter_card":"summary_large_image","twitter_misc":{"Escrito por":"Editor en Jefe","Tiempo de lectura":"1 minuto"},"schema":{"@context":"https:\/\/schema.org","@graph":[{"@type":"WebPage","@id":"https:\/\/laredsocial-noticias.com\/wp\/por-dia-de-la-candelaria-amlo-se-come-unos-tamales-con-salsa\/","url":"https:\/\/laredsocial-noticias.com\/wp\/por-dia-de-la-candelaria-amlo-se-come-unos-tamales-con-salsa\/","name":"Por D\u00eda de la Candelaria, AMLO se come unos tamales con salsa - NOTICIAS","isPartOf":{"@id":"https:\/\/laredsocial-noticias.com\/wp\/#website"},"datePublished":"2022-02-02T18:30:20+00:00","dateModified":"2022-02-02T23:48:50+00:00","author":{"@id":"https:\/\/laredsocial-noticias.com\/wp\/#\/schema\/person\/0ce78643f2de7aae6f6ef10e8453a6e0"},"breadcrumb":{"@id":"https:\/\/laredsocial-noticias.com\/wp\/por-dia-de-la-candelaria-amlo-se-come-unos-tamales-con-salsa\/#breadcrumb"},"inLanguage":"es","potentialAction":[{"@type":"ReadAction","target":["https:\/\/laredsocial-noticias.com\/wp\/por-dia-de-la-candelaria-amlo-se-come-unos-tamales-con-salsa\/"]}]},{"@type":"BreadcrumbList","@id":"https:\/\/laredsocial-noticias.com\/wp\/por-dia-de-la-candelaria-amlo-se-come-unos-tamales-con-salsa\/#breadcrumb","itemListElement":[{"@type":"ListItem","position":1,"name":"Portada","item":"https:\/\/laredsocial-noticias.com\/wp\/"},{"@type":"ListItem","position":2,"name":"Por D\u00eda de la Candelaria, AMLO se come unos tamales con salsa"}]},{"@type":"WebSite","@id":"https:\/\/laredsocial-noticias.com\/wp\/#website","url":"https:\/\/laredsocial-noticias.com\/wp\/","name":"NOTICIAS","description":"Lo que se ve y se dice en las redes sociales","potentialAction":[{"@type":"SearchAction","target":{"@type":"EntryPoint","urlTemplate":"https:\/\/laredsocial-noticias.com\/wp\/?s={search_term_string}"},"query-input":{"@type":"PropertyValueSpecification","valueRequired":true,"valueName":"search_term_string"}}],"inLanguage":"es"},{"@type":"Person","@id":"https:\/\/laredsocial-noticias.com\/wp\/#\/schema\/person\/0ce78643f2de7aae6f6ef10e8453a6e0","name":"Editor en Jefe","url":"https:\/\/laredsocial-noticias.com\/wp\/author\/jorgeochoa\/"}]}},"_links":{"self":[{"href":"https:\/\/laredsocial-noticias.com\/wp\/wp-json\/wp\/v2\/posts\/160718","targetHints":{"allow":["GET"]}}],"collection":[{"href":"https:\/\/laredsocial-noticias.com\/wp\/wp-json\/wp\/v2\/posts"}],"about":[{"href":"https:\/\/laredsocial-noticias.com\/wp\/wp-json\/wp\/v2\/types\/post"}],"author":[{"embeddable":true,"href":"https:\/\/laredsocial-noticias.com\/wp\/wp-json\/wp\/v2\/users\/1"}],"replies":[{"embeddable":true,"href":"https:\/\/laredsocial-noticias.com\/wp\/wp-json\/wp\/v2\/comments?post=160718"}],"version-history":[{"count":1,"href":"https:\/\/laredsocial-noticias.com\/wp\/wp-json\/wp\/v2\/posts\/160718\/revisions"}],"predecessor-version":[{"id":160719,"href":"https:\/\/laredsocial-noticias.com\/wp\/wp-json\/wp\/v2\/posts\/160718\/revisions\/160719"}],"wp:attachment":[{"href":"https:\/\/laredsocial-noticias.com\/wp\/wp-json\/wp\/v2\/media?parent=160718"}],"wp:term":[{"taxonomy":"category","embeddable":true,"href":"https:\/\/laredsocial-noticias.com\/wp\/wp-json\/wp\/v2\/categories?post=160718"},{"taxonomy":"post_tag","embeddable":true,"href":"https:\/\/laredsocial-noticias.com\/wp\/wp-json\/wp\/v2\/tags?post=160718"}],"curies":[{"name":"wp","href":"https:\/\/api.w.org\/{rel}","templated":true}]}}