{"id":161364,"date":"2022-02-14T15:43:32","date_gmt":"2022-02-14T21:43:32","guid":{"rendered":"https:\/\/laredsocial-noticias.com\/wp\/?p=161364"},"modified":"2022-02-14T15:43:32","modified_gmt":"2022-02-14T21:43:32","slug":"presenta-ricardo-monreal-iniciativa-para-evitar-la-desercion-escolar","status":"publish","type":"post","link":"https:\/\/laredsocial-noticias.com\/wp\/presenta-ricardo-monreal-iniciativa-para-evitar-la-desercion-escolar\/","title":{"rendered":"Presenta Ricardo Monreal iniciativa para evitar la deserci\u00f3n escolar"},"content":{"rendered":"<blockquote><p>\u2022 _Genera altos costos sociales, como la exclusi\u00f3n y el aumento de la desigualdad, afirma el senador_<\/p><\/blockquote>\n<p>&nbsp;<\/p>\n<p>Ricardo Monreal \u00c1vila advirti\u00f3 que entre los ciclos escolares 2019-2020 y 2020-2021, alrededor de 1.8 millones de alumnos de entre tres y 29 a\u00f1os abandonaron sus estudios debido a la pandemia o por la falta de recursos; 1.5 millones correspondieron a escuelas p\u00fablicas y 243 mil a escuelas privadas.<\/p>\n<p>Por ello, el coordinador parlamentario de Morena en el Senado presentar\u00e1 una iniciativa que reforma diversas disposiciones de la Ley General de Educaci\u00f3n, con la finalidad de contribuir a que menos estudiantes abandonen sus estudios en nuestro pa\u00eds.<\/p>\n<p>La propuesta plantea que en las normas e instrumentos de la planeaci\u00f3n del Sistema Educativo Nacional se contemplen acciones para la detecci\u00f3n temprana del riesgo de abandono escolar en los educandos.<\/p>\n<p>Adem\u00e1s, propone que las instituciones educativas informen peri\u00f3dicamente a los educandos y a las madres y padres de familia o tutores, la situaci\u00f3n de riesgo de abandono escolar detectada en estudiantes, a fin de que se asuman las acciones preventivas de manera individualizada.<\/p>\n<p>El l\u00edder de la mayor\u00eda legislativa tambi\u00e9n sugiere que se facilite el acceso a actividades extraescolares a los alumnos con un riesgo elevado de abandono escolar.<\/p>\n<p>Se podr\u00e1 solicitar a la Comisi\u00f3n Nacional para la Mejora Continua de la Educaci\u00f3n estudios, investigaciones, informes y diagn\u00f3sticos que permitan conocer el impacto que tiene la violencia o maltrato entre escolares en la deserci\u00f3n de los educandos de los centros educativos.<\/p>\n<p>Monreal \u00c1vila sostiene que la deserci\u00f3n escolar genera altos costos sociales, como el aumento de la desigualdad, lo que afecta severamente el desarrollo individual y colectivo.<\/p>\n<p>La intervenci\u00f3n temprana, la individualizaci\u00f3n en el tratamiento de las y los educandos, as\u00ed como la materializaci\u00f3n de una igualdad sustantiva en el acceso y permanencia en el sistema escolar, constituyen ejes fundamentales para erradicar la deserci\u00f3n escolar, asever\u00f3 el senador.<\/p>\n<p>Aun cuando a nivel internacional se desarrollan diversas estrategias para prevenirlo, puntualiz\u00f3, el fen\u00f3meno aumenta constantemente y con el paso de los a\u00f1os cada vez m\u00e1s ni\u00f1as, ni\u00f1os, adolescentes y j\u00f3venes se ven orillados a abandonar sus estudios.<br \/>\nEn M\u00e9xico, se estima que s\u00f3lo 49 por ciento de los j\u00f3venes concluir\u00e1 la educaci\u00f3n media superior; en este nivel, en el ciclo 2018-2019, se registr\u00f3 un abandono escolar de 13 por ciento.<\/p>\n<blockquote><p>\nEn secundaria, el porcentaje de deserci\u00f3n alcanz\u00f3 el 4.8 por ciento; la tasa de abandono escolar m\u00e1s alta correspondi\u00f3 a Durango con 17.15 por ciento, seguido por Morelos y Chiapas con 17.1 por ciento, y la Ciudad de M\u00e9xico, con 16 por ciento.<\/p><\/blockquote>\n<p>\u201cLos alumnos entre tres y 29 a\u00f1os que se inscribieron en el ciclo escolar 2019-2020, pero que abandonaron el sistema educativo en el ciclo 2020-2021, debido a la pandemia o por la falta de recursos, fue de 1.8 millones, de los cuales 1.5 millones correspondieron a escuelas p\u00fablicas y 243 mil a escuelas privadas\u201d, advirti\u00f3 el senador.<\/p>\n<p>Ricardo Monreal \u00c1vila acot\u00f3 que entre las principales causas que propician la dimisi\u00f3n de los estudios son econ\u00f3micas, falta de recursos materiales o la necesidad de dejar las clases por un trabajo de tiempo completo; o personales, relacionadas con problemas de aprendizaje, desinter\u00e9s y desmotivaci\u00f3n.<\/p>\n<p>Adem\u00e1s, el embarazo a temprana edad, la uni\u00f3n libre, problemas entre la familia que afectan psicol\u00f3gica y emocionalmente al alumno; la desigualdad social y econ\u00f3mica, la lejan\u00eda de los centros educativos o su ubicaci\u00f3n en zonas inseguras, son otras de las causas que provocan la deserci\u00f3n escolar.<\/p>\n<p>0-0-0<\/p>\n","protected":false},"excerpt":{"rendered":"<p>\u2022 _Genera altos costos sociales, como la exclusi\u00f3n y el aumento de la desigualdad, afirma el senador_ &nbsp; Ricardo Monreal&#8230;<\/p>\n","protected":false},"author":1,"featured_media":0,"comment_status":"closed","ping_status":"closed","sticky":false,"template":"","format":"standard","meta":{"footnotes":""},"categories":[27,23,59],"tags":[],"class_list":["post-161364","post","type-post","status-publish","format-standard","hentry","category-congreso-de-la-union","category-educacion","category-senado"],"yoast_head":"<!-- This site is optimized with the Yoast SEO plugin v26.5 - https:\/\/yoast.com\/wordpress\/plugins\/seo\/ -->\n<title>Presenta Ricardo Monreal iniciativa para evitar la deserci\u00f3n escolar - NOTICIAS<\/title>\n<meta name=\"robots\" content=\"index, follow, max-snippet:-1, max-image-preview:large, max-video-preview:-1\" \/>\n<link rel=\"canonical\" href=\"https:\/\/laredsocial-noticias.com\/wp\/presenta-ricardo-monreal-iniciativa-para-evitar-la-desercion-escolar\/\" \/>\n<meta property=\"og:locale\" content=\"es_ES\" \/>\n<meta property=\"og:type\" content=\"article\" \/>\n<meta property=\"og:title\" content=\"Presenta Ricardo Monreal iniciativa para evitar la deserci\u00f3n escolar - NOTICIAS\" \/>\n<meta property=\"og:description\" content=\"\u2022 _Genera altos costos sociales, como la exclusi\u00f3n y el aumento de la desigualdad, afirma el senador_ &nbsp; Ricardo Monreal...\" \/>\n<meta property=\"og:url\" content=\"https:\/\/laredsocial-noticias.com\/wp\/presenta-ricardo-monreal-iniciativa-para-evitar-la-desercion-escolar\/\" \/>\n<meta property=\"og:site_name\" content=\"NOTICIAS\" \/>\n<meta property=\"article:published_time\" content=\"2022-02-14T21:43:32+00:00\" \/>\n<meta property=\"og:image\" content=\"https:\/\/laredsocial-noticias.com\/wp\/wp-content\/uploads\/2022\/02\/51291907-4328-4E5E-ACE5-77E78A3EB8CB.jpeg\" \/>\n\t<meta property=\"og:image:width\" content=\"757\" \/>\n\t<meta property=\"og:image:height\" content=\"499\" \/>\n\t<meta property=\"og:image:type\" content=\"image\/jpeg\" \/>\n<meta name=\"author\" content=\"Editor en Jefe\" \/>\n<meta name=\"twitter:card\" content=\"summary_large_image\" \/>\n<meta name=\"twitter:label1\" content=\"Escrito por\" \/>\n\t<meta name=\"twitter:data1\" content=\"Editor en Jefe\" \/>\n\t<meta name=\"twitter:label2\" content=\"Tiempo de lectura\" \/>\n\t<meta name=\"twitter:data2\" content=\"3 minutos\" \/>\n<!-- \/ Yoast SEO plugin. -->","yoast_head_json":{"title":"Presenta Ricardo Monreal iniciativa para evitar la deserci\u00f3n escolar - NOTICIAS","robots":{"index":"index","follow":"follow","max-snippet":"max-snippet:-1","max-image-preview":"max-image-preview:large","max-video-preview":"max-video-preview:-1"},"canonical":"https:\/\/laredsocial-noticias.com\/wp\/presenta-ricardo-monreal-iniciativa-para-evitar-la-desercion-escolar\/","og_locale":"es_ES","og_type":"article","og_title":"Presenta Ricardo Monreal iniciativa para evitar la deserci\u00f3n escolar - NOTICIAS","og_description":"\u2022 _Genera altos costos sociales, como la exclusi\u00f3n y el aumento de la desigualdad, afirma el senador_ &nbsp; Ricardo Monreal...","og_url":"https:\/\/laredsocial-noticias.com\/wp\/presenta-ricardo-monreal-iniciativa-para-evitar-la-desercion-escolar\/","og_site_name":"NOTICIAS","article_published_time":"2022-02-14T21:43:32+00:00","og_image":[{"width":757,"height":499,"url":"https:\/\/laredsocial-noticias.com\/wp\/wp-content\/uploads\/2022\/02\/51291907-4328-4E5E-ACE5-77E78A3EB8CB.jpeg","type":"image\/jpeg"}],"author":"Editor en Jefe","twitter_card":"summary_large_image","twitter_misc":{"Escrito por":"Editor en Jefe","Tiempo de lectura":"3 minutos"},"schema":{"@context":"https:\/\/schema.org","@graph":[{"@type":"WebPage","@id":"https:\/\/laredsocial-noticias.com\/wp\/presenta-ricardo-monreal-iniciativa-para-evitar-la-desercion-escolar\/","url":"https:\/\/laredsocial-noticias.com\/wp\/presenta-ricardo-monreal-iniciativa-para-evitar-la-desercion-escolar\/","name":"Presenta Ricardo Monreal iniciativa para evitar la deserci\u00f3n escolar - NOTICIAS","isPartOf":{"@id":"https:\/\/laredsocial-noticias.com\/wp\/#website"},"datePublished":"2022-02-14T21:43:32+00:00","author":{"@id":"https:\/\/laredsocial-noticias.com\/wp\/#\/schema\/person\/0ce78643f2de7aae6f6ef10e8453a6e0"},"breadcrumb":{"@id":"https:\/\/laredsocial-noticias.com\/wp\/presenta-ricardo-monreal-iniciativa-para-evitar-la-desercion-escolar\/#breadcrumb"},"inLanguage":"es","potentialAction":[{"@type":"ReadAction","target":["https:\/\/laredsocial-noticias.com\/wp\/presenta-ricardo-monreal-iniciativa-para-evitar-la-desercion-escolar\/"]}]},{"@type":"BreadcrumbList","@id":"https:\/\/laredsocial-noticias.com\/wp\/presenta-ricardo-monreal-iniciativa-para-evitar-la-desercion-escolar\/#breadcrumb","itemListElement":[{"@type":"ListItem","position":1,"name":"Portada","item":"https:\/\/laredsocial-noticias.com\/wp\/"},{"@type":"ListItem","position":2,"name":"Presenta Ricardo Monreal iniciativa para evitar la deserci\u00f3n escolar"}]},{"@type":"WebSite","@id":"https:\/\/laredsocial-noticias.com\/wp\/#website","url":"https:\/\/laredsocial-noticias.com\/wp\/","name":"NOTICIAS","description":"Lo que se ve y se dice en las redes sociales","potentialAction":[{"@type":"SearchAction","target":{"@type":"EntryPoint","urlTemplate":"https:\/\/laredsocial-noticias.com\/wp\/?s={search_term_string}"},"query-input":{"@type":"PropertyValueSpecification","valueRequired":true,"valueName":"search_term_string"}}],"inLanguage":"es"},{"@type":"Person","@id":"https:\/\/laredsocial-noticias.com\/wp\/#\/schema\/person\/0ce78643f2de7aae6f6ef10e8453a6e0","name":"Editor en Jefe","url":"https:\/\/laredsocial-noticias.com\/wp\/author\/jorgeochoa\/"}]}},"_links":{"self":[{"href":"https:\/\/laredsocial-noticias.com\/wp\/wp-json\/wp\/v2\/posts\/161364","targetHints":{"allow":["GET"]}}],"collection":[{"href":"https:\/\/laredsocial-noticias.com\/wp\/wp-json\/wp\/v2\/posts"}],"about":[{"href":"https:\/\/laredsocial-noticias.com\/wp\/wp-json\/wp\/v2\/types\/post"}],"author":[{"embeddable":true,"href":"https:\/\/laredsocial-noticias.com\/wp\/wp-json\/wp\/v2\/users\/1"}],"replies":[{"embeddable":true,"href":"https:\/\/laredsocial-noticias.com\/wp\/wp-json\/wp\/v2\/comments?post=161364"}],"version-history":[{"count":1,"href":"https:\/\/laredsocial-noticias.com\/wp\/wp-json\/wp\/v2\/posts\/161364\/revisions"}],"predecessor-version":[{"id":161366,"href":"https:\/\/laredsocial-noticias.com\/wp\/wp-json\/wp\/v2\/posts\/161364\/revisions\/161366"}],"wp:attachment":[{"href":"https:\/\/laredsocial-noticias.com\/wp\/wp-json\/wp\/v2\/media?parent=161364"}],"wp:term":[{"taxonomy":"category","embeddable":true,"href":"https:\/\/laredsocial-noticias.com\/wp\/wp-json\/wp\/v2\/categories?post=161364"},{"taxonomy":"post_tag","embeddable":true,"href":"https:\/\/laredsocial-noticias.com\/wp\/wp-json\/wp\/v2\/tags?post=161364"}],"curies":[{"name":"wp","href":"https:\/\/api.w.org\/{rel}","templated":true}]}}