{"id":162933,"date":"2022-03-07T17:35:41","date_gmt":"2022-03-07T23:35:41","guid":{"rendered":"https:\/\/laredsocial-noticias.com\/wp\/?p=162933"},"modified":"2022-03-07T17:36:42","modified_gmt":"2022-03-07T23:36:42","slug":"uscan-alternancia-de-genero-para-gubernatura-en-el-edomex","status":"publish","type":"post","link":"https:\/\/laredsocial-noticias.com\/wp\/uscan-alternancia-de-genero-para-gubernatura-en-el-edomex\/","title":{"rendered":"Buscan alternancia de g\u00e9nero para gubernatura en el Edomex"},"content":{"rendered":"<p>Legisladores federales y locales del Estado de M\u00e9xico, encabezados por el senador Higinio Mart\u00ednez, presentaron una iniciativa que permitir\u00e1 que esta entidad se convierta en la primera en plasmar en su Constituci\u00f3n las garant\u00edas que permitan a las mujeres acceder a la gubernatura.<\/p>\n<p>En conferencia de prensa, Higinio Mart\u00ednez acompa\u00f1ado por la senadora Martha Guerrero S\u00e1nchez y el diputado local Maurilio Hern\u00e1ndez; explic\u00f3 que la propuesta que reforma los art\u00edculos 12 y 66 de la Constituci\u00f3n Pol\u00edtica estatal establece de forma clara, precisa y expl\u00edcita la alternancia de g\u00e9nero en la elecci\u00f3n a gobernador o gobernadora, tal y como lo mandata la Constituci\u00f3n federal para todos los cargos de elecci\u00f3n popular.<\/p>\n<p>El senador de Morena detall\u00f3 que, de ser aprobada por las y los diputados locales, la reforma legal aplicar\u00eda para el proceso electoral de 2029, pues contiene un art\u00edculo transitorio en el que se establece que en a\u00f1o 2023 los partidos pol\u00edticos podr\u00e1n postular libremente a una persona sin importar su g\u00e9nero.<\/p>\n<p>Por su parte, el diputado Maurilio Hern\u00e1ndez Gonz\u00e1lez, presidente de la Junta de Coordinaci\u00f3n Pol\u00edtica del Congreso local precis\u00f3 que esta reforma busca cumplir el principio de paridad de g\u00e9nero para que las modificaciones legales de la Carta Magna del 2019 se vean reflejadas en la Constituci\u00f3n local y posteriormente en las legislaciones correspondientes.<\/p>\n<p>El diputado Maurilio Hern\u00e1ndez record\u00f3 que en el Congreso local ya existe una iniciativa con prop\u00f3sitos similares, por lo que se analizar\u00e1n de forma conjunta para que se apruebe lo m\u00e1s pronto posible, pues record\u00f3 que 90 d\u00edas antes de que inicie el proceso electoral no se pueden hacer reformas legales o constitucionales en materia electoral.<\/p>\n<p>A la presentaci\u00f3n de la iniciativa acudieron las diputadas federales Mar\u00eda Guadalupe Rom\u00e1n \u00c1vila, Karla Yuritzi Almaz\u00e1n Burgos, Susana Cano Gonz\u00e1lez y Martha Azucena Camacho Reynoso, las diputadas locales Lourdes Jezabel Delgado Flores, Karina Labastida Sotelo, Edith Marisol Mercado Torres, Yesica Yanet Rojas Hern\u00e1ndez y Azucena Cisneros Coss.<\/p>\n<p>As\u00ed mismo, las alcaldesas Sandra Luz Falc\u00f3n Venegas, Mariela Guti\u00e9rrez Escalante, Nancy Jazm\u00edn G\u00f3mez Vargas, Elena Garc\u00eda Mart\u00ednez, Nelly Br\u00edgida Rivera S\u00e1nchez, de Texcoco, Tec\u00e1mac, Chicoloapan, Tultitl\u00e1n y Temoaya, respectivamente, as\u00ed como Alma Am\u00e9rica Rivera Taviz\u00f3n, s\u00edndica de Toluca<\/p>\n","protected":false},"excerpt":{"rendered":"<p>Legisladores federales y locales del Estado de M\u00e9xico, encabezados por el senador Higinio Mart\u00ednez, presentaron una iniciativa que permitir\u00e1 que&#8230;<\/p>\n","protected":false},"author":1,"featured_media":0,"comment_status":"closed","ping_status":"closed","sticky":false,"template":"","format":"standard","meta":{"footnotes":""},"categories":[10976,2379],"tags":[],"class_list":["post-162933","post","type-post","status-publish","format-standard","hentry","category-edomex","category-estados-2"],"yoast_head":"<!-- This site is optimized with the Yoast SEO plugin v26.5 - https:\/\/yoast.com\/wordpress\/plugins\/seo\/ -->\n<title>Buscan alternancia de g\u00e9nero para gubernatura en el Edomex - NOTICIAS<\/title>\n<meta name=\"robots\" content=\"index, follow, max-snippet:-1, max-image-preview:large, max-video-preview:-1\" \/>\n<link rel=\"canonical\" href=\"https:\/\/laredsocial-noticias.com\/wp\/uscan-alternancia-de-genero-para-gubernatura-en-el-edomex\/\" \/>\n<meta property=\"og:locale\" content=\"es_ES\" \/>\n<meta property=\"og:type\" content=\"article\" \/>\n<meta property=\"og:title\" content=\"Buscan alternancia de g\u00e9nero para gubernatura en el Edomex - NOTICIAS\" \/>\n<meta property=\"og:description\" content=\"Legisladores federales y locales del Estado de M\u00e9xico, encabezados por el senador Higinio Mart\u00ednez, presentaron una iniciativa que permitir\u00e1 que...\" \/>\n<meta property=\"og:url\" content=\"https:\/\/laredsocial-noticias.com\/wp\/uscan-alternancia-de-genero-para-gubernatura-en-el-edomex\/\" \/>\n<meta property=\"og:site_name\" content=\"NOTICIAS\" \/>\n<meta property=\"article:published_time\" content=\"2022-03-07T23:35:41+00:00\" \/>\n<meta property=\"article:modified_time\" content=\"2022-03-07T23:36:42+00:00\" \/>\n<meta property=\"og:image\" content=\"https:\/\/laredsocial-noticias.com\/wp\/wp-content\/uploads\/2022\/03\/47B09A0F-E79F-412C-8148-522B217F8D06.jpeg\" \/>\n\t<meta property=\"og:image:width\" content=\"1280\" \/>\n\t<meta property=\"og:image:height\" content=\"851\" \/>\n\t<meta property=\"og:image:type\" content=\"image\/jpeg\" \/>\n<meta name=\"author\" content=\"Editor en Jefe\" \/>\n<meta name=\"twitter:card\" content=\"summary_large_image\" \/>\n<meta name=\"twitter:label1\" content=\"Escrito por\" \/>\n\t<meta name=\"twitter:data1\" content=\"Editor en Jefe\" \/>\n\t<meta name=\"twitter:label2\" content=\"Tiempo de lectura\" \/>\n\t<meta name=\"twitter:data2\" content=\"2 minutos\" \/>\n<!-- \/ Yoast SEO plugin. -->","yoast_head_json":{"title":"Buscan alternancia de g\u00e9nero para gubernatura en el Edomex - NOTICIAS","robots":{"index":"index","follow":"follow","max-snippet":"max-snippet:-1","max-image-preview":"max-image-preview:large","max-video-preview":"max-video-preview:-1"},"canonical":"https:\/\/laredsocial-noticias.com\/wp\/uscan-alternancia-de-genero-para-gubernatura-en-el-edomex\/","og_locale":"es_ES","og_type":"article","og_title":"Buscan alternancia de g\u00e9nero para gubernatura en el Edomex - NOTICIAS","og_description":"Legisladores federales y locales del Estado de M\u00e9xico, encabezados por el senador Higinio Mart\u00ednez, presentaron una iniciativa que permitir\u00e1 que...","og_url":"https:\/\/laredsocial-noticias.com\/wp\/uscan-alternancia-de-genero-para-gubernatura-en-el-edomex\/","og_site_name":"NOTICIAS","article_published_time":"2022-03-07T23:35:41+00:00","article_modified_time":"2022-03-07T23:36:42+00:00","og_image":[{"width":1280,"height":851,"url":"https:\/\/laredsocial-noticias.com\/wp\/wp-content\/uploads\/2022\/03\/47B09A0F-E79F-412C-8148-522B217F8D06.jpeg","type":"image\/jpeg"}],"author":"Editor en Jefe","twitter_card":"summary_large_image","twitter_misc":{"Escrito por":"Editor en Jefe","Tiempo de lectura":"2 minutos"},"schema":{"@context":"https:\/\/schema.org","@graph":[{"@type":"WebPage","@id":"https:\/\/laredsocial-noticias.com\/wp\/uscan-alternancia-de-genero-para-gubernatura-en-el-edomex\/","url":"https:\/\/laredsocial-noticias.com\/wp\/uscan-alternancia-de-genero-para-gubernatura-en-el-edomex\/","name":"Buscan alternancia de g\u00e9nero para gubernatura en el Edomex - NOTICIAS","isPartOf":{"@id":"https:\/\/laredsocial-noticias.com\/wp\/#website"},"datePublished":"2022-03-07T23:35:41+00:00","dateModified":"2022-03-07T23:36:42+00:00","author":{"@id":"https:\/\/laredsocial-noticias.com\/wp\/#\/schema\/person\/0ce78643f2de7aae6f6ef10e8453a6e0"},"breadcrumb":{"@id":"https:\/\/laredsocial-noticias.com\/wp\/uscan-alternancia-de-genero-para-gubernatura-en-el-edomex\/#breadcrumb"},"inLanguage":"es","potentialAction":[{"@type":"ReadAction","target":["https:\/\/laredsocial-noticias.com\/wp\/uscan-alternancia-de-genero-para-gubernatura-en-el-edomex\/"]}]},{"@type":"BreadcrumbList","@id":"https:\/\/laredsocial-noticias.com\/wp\/uscan-alternancia-de-genero-para-gubernatura-en-el-edomex\/#breadcrumb","itemListElement":[{"@type":"ListItem","position":1,"name":"Portada","item":"https:\/\/laredsocial-noticias.com\/wp\/"},{"@type":"ListItem","position":2,"name":"Buscan alternancia de g\u00e9nero para gubernatura en el Edomex"}]},{"@type":"WebSite","@id":"https:\/\/laredsocial-noticias.com\/wp\/#website","url":"https:\/\/laredsocial-noticias.com\/wp\/","name":"NOTICIAS","description":"Lo que se ve y se dice en las redes sociales","potentialAction":[{"@type":"SearchAction","target":{"@type":"EntryPoint","urlTemplate":"https:\/\/laredsocial-noticias.com\/wp\/?s={search_term_string}"},"query-input":{"@type":"PropertyValueSpecification","valueRequired":true,"valueName":"search_term_string"}}],"inLanguage":"es"},{"@type":"Person","@id":"https:\/\/laredsocial-noticias.com\/wp\/#\/schema\/person\/0ce78643f2de7aae6f6ef10e8453a6e0","name":"Editor en Jefe","url":"https:\/\/laredsocial-noticias.com\/wp\/author\/jorgeochoa\/"}]}},"_links":{"self":[{"href":"https:\/\/laredsocial-noticias.com\/wp\/wp-json\/wp\/v2\/posts\/162933","targetHints":{"allow":["GET"]}}],"collection":[{"href":"https:\/\/laredsocial-noticias.com\/wp\/wp-json\/wp\/v2\/posts"}],"about":[{"href":"https:\/\/laredsocial-noticias.com\/wp\/wp-json\/wp\/v2\/types\/post"}],"author":[{"embeddable":true,"href":"https:\/\/laredsocial-noticias.com\/wp\/wp-json\/wp\/v2\/users\/1"}],"replies":[{"embeddable":true,"href":"https:\/\/laredsocial-noticias.com\/wp\/wp-json\/wp\/v2\/comments?post=162933"}],"version-history":[{"count":2,"href":"https:\/\/laredsocial-noticias.com\/wp\/wp-json\/wp\/v2\/posts\/162933\/revisions"}],"predecessor-version":[{"id":162936,"href":"https:\/\/laredsocial-noticias.com\/wp\/wp-json\/wp\/v2\/posts\/162933\/revisions\/162936"}],"wp:attachment":[{"href":"https:\/\/laredsocial-noticias.com\/wp\/wp-json\/wp\/v2\/media?parent=162933"}],"wp:term":[{"taxonomy":"category","embeddable":true,"href":"https:\/\/laredsocial-noticias.com\/wp\/wp-json\/wp\/v2\/categories?post=162933"},{"taxonomy":"post_tag","embeddable":true,"href":"https:\/\/laredsocial-noticias.com\/wp\/wp-json\/wp\/v2\/tags?post=162933"}],"curies":[{"name":"wp","href":"https:\/\/api.w.org\/{rel}","templated":true}]}}