{"id":163279,"date":"2022-03-12T15:22:21","date_gmt":"2022-03-12T21:22:21","guid":{"rendered":"https:\/\/laredsocial-noticias.com\/wp\/?p=163279"},"modified":"2022-03-12T22:13:08","modified_gmt":"2022-03-13T04:13:08","slug":"inicia-primer-triatlon-prevenimss-para-promocionar-la-salud-a-nivel-nacional","status":"publish","type":"post","link":"https:\/\/laredsocial-noticias.com\/wp\/inicia-primer-triatlon-prevenimss-para-promocionar-la-salud-a-nivel-nacional\/","title":{"rendered":"Inicia primer Triatl\u00f3n PrevenIMSS para promocionar la salud a nivel nacional"},"content":{"rendered":"<blockquote>\n<p class=\"s8\"><span class=\"s10\">\u2022 <\/span><span class=\"s11\">Del 12 al 14 de marzo se realizar\u00e1n en las 35 Representaciones del Instituto en los estados actividades para fortalecer la sana alimentaci\u00f3n, actividad f\u00edsica y Chequeo <\/span><span class=\"s11\">PrevenIMSS<\/span><span class=\"s11\">.<\/span><\/p>\n<div class=\"s12\"><span class=\"s10\">\u2022 <\/span><span class=\"s11\">El doctor Eduardo Espino, director del Hospital General de Zona No. 48, se\u00f1al\u00f3 que las actividades est\u00e1n <\/span><span class=\"s11\">enfocadas<\/span> <span class=\"s11\">a<\/span><span class=\"s11\"> prevenir enfermedades y mejorar la salud <\/span><span class=\"s11\">de <\/span><span class=\"s11\">la poblaci\u00f3n.<\/span><\/div>\n<\/blockquote>\n<p class=\"s13\"><span class=\"s4\"><a href=\"https:\/\/laredsocial-noticias.com\/wp\/wp-content\/uploads\/2022\/03\/98237B3A-D7D6-4D3C-9C9A-EC802731EB1C.jpeg\"><img loading=\"lazy\" decoding=\"async\" class=\"alignright size-full wp-image-163283\" src=\"https:\/\/laredsocial-noticias.com\/wp\/wp-content\/uploads\/2022\/03\/98237B3A-D7D6-4D3C-9C9A-EC802731EB1C.jpeg\" alt=\"\" width=\"1280\" height=\"853\" \/><\/a>E<\/span><span class=\"s4\">l Instituto Mexicano del Seguro Social (IMSS) inici\u00f3 el primer Triatl\u00f3n <\/span><span class=\"s4\">PrevenIMSS<\/span><span class=\"s4\"> \u201cBrinca, Corre y Rueda\u201d, del 12 al 14 de marzo <\/span><span class=\"s4\">en las unidades de Primer, Segundo y Tercer Nivel de atenci\u00f3n de <\/span><span class=\"s4\">las 35 Oficinas de Representaci<\/span><span class=\"s4\">\u00f3n<\/span> <span class=\"s4\">estatales,<\/span><span class=\"s4\"> as\u00ed como la colaboraci\u00f3n de las Unidades Operativas de Prestaciones Sociales Institucionales (UOPSI).<\/span><\/p>\n<p class=\"s13\"><span class=\"s4\">El Triatl\u00f3n tiene como objetivo acercar a la poblaci\u00f3n en general actividades de educaci\u00f3n, promoci\u00f3n de la salud y prevenci\u00f3n de enfermedades cr\u00f3nico-<\/span><span class=\"s4\">degenerativas<\/span><span class=\"s4\">, a trav\u00e9s de tres vertientes: alimentaci\u00f3n saludable, activaci\u00f3n f\u00edsica y Chequeo <\/span><span class=\"s4\">PrevenIMSS<\/span><span class=\"s4\">.<\/span><\/p>\n<p class=\"s13\"><span class=\"s4\">Al inicio <\/span><span class=\"s4\">de <\/span><span class=\"s4\">las <\/span><span class=\"s4\">actividades, <\/span><span class=\"s4\">en <\/span><span class=\"s4\">el Hospital General de Zona (HGZ) No. 48 San Pedro <\/span><span class=\"s4\">Xalpa<\/span><span class=\"s4\"> en Azcapotzalco, Ciudad de M\u00e9xico,<\/span><span class=\"s4\"> se<\/span><span class=\"s4\"> instal\u00f3 un m\u00f3dulo de orientaci\u00f3n nutricional<\/span><span class=\"s4\"> y <\/span><span class=\"s4\">una<\/span><span class=\"s4\">muestra gastron\u00f3mica, como parte del programa <\/span><span class=\"s4\">PrevenIMSS<\/span><span class=\"s4\">, <\/span><span class=\"s4\">y <\/span><span class=\"s4\">una c\u00e9lula de chequeo de presi\u00f3n arterial y de niveles de glucosa, talla, peso<\/span><span class=\"s4\">,<\/span> <span class=\"s4\">entre <\/span><span class=\"s4\">otras acciones.<\/span><\/p>\n<p class=\"s13\"><span class=\"s4\">El doctor Eduardo Espino L\u00f3pez, director del HGZ No. 48, se\u00f1al\u00f3 que las actividades del Triatl\u00f3n <\/span><span class=\"s4\">PrevenIMSS<\/span><span class=\"s4\"> que se desarrollan a nivel nacional est\u00e1n en<\/span><span class=\"s4\">focadas <\/span><span class=\"s4\">a prevenir enfermedades y mejorar la salud <\/span><span class=\"s4\">de <\/span><span class=\"s4\">la poblaci\u00f3n, adem\u00e1s de detectar problemas que dej\u00f3 la pandemia por COVID-19.<\/span><\/p>\n<p class=\"s13\"><span class=\"s4\">&#8220;Es b\u00e1sica<\/span><span class=\"s4\"> la medicina preventiva, es la base de la atenci\u00f3n m\u00e9dica y esto siempre ser\u00e1 importante <\/span><span class=\"s4\">en<\/span><span class=\"s4\"> nuestro pa\u00eds para que nuestros derechohabientes tengan lo menos posible de enfermedades graves y sus complicaciones&#8221;, indic\u00f3.<\/span><\/p>\n<p class=\"s13\"><span class=\"s4\">Espino L\u00f3pez destac\u00f3 que <\/span><span class=\"s4\">en <\/span><span class=\"s4\">la medicina preventiva y promoci\u00f3n <\/span><span class=\"s4\">de<\/span><span class=\"s4\"> la salud el Instituto tiene el deber de atender a sus m\u00e1s de 70 millones de derechohabientes, con la finalidad de prevenir enfermedades cr\u00f3nico-degenerativas.<\/span><\/p>\n<p class=\"s13\"><span class=\"s4\">Coment\u00f3 que en el HGZ No. 48 San Pedro <\/span><span class=\"s4\">Xalpa<\/span><span class=\"s4\">,<\/span><span class=\"s4\"> dentro del Triatl\u00f3n <\/span><span class=\"s4\">PrevenIMSS<\/span><span class=\"s4\"> se tiene contemplado la atenci\u00f3n de alrededor de 200 personas de manera extraordinaria<\/span><span class=\"s4\">,<\/span><span class=\"s4\"> comparado con un fin de semana normal<\/span><span class=\"s4\">; en esta jornada se brindar\u00e1 <\/span><span class=\"s4\">consulta externa, procedimientos quir\u00fargico<\/span><span class=\"s4\">s<\/span><span class=\"s4\">, servicio<\/span><span class=\"s4\">s<\/span><span class=\"s4\"> en la Unidad de Hemodi\u00e1lisis y hospitalizaci\u00f3n.<\/span><\/p>\n<p class=\"s13\"><span class=\"s4\">El doctor Eduardo Espino invit\u00f3 a derechohabientes y trabajadores del Seguro Social <\/span><span class=\"s4\">a participar <\/span><span class=\"s4\">en las diversas actividades que se prepararon con tres componentes: alimentaci\u00f3n saludable, activaci\u00f3n f\u00edsica y chequeo de riesgo a <\/span><span class=\"s4\">la <\/span><span class=\"s4\">salud mediante el programa \u201cCHKT en <\/span><span class=\"s4\">L<\/span><span class=\"s4\">\u00ednea\u201d.<\/span><\/p>\n<p class=\"s13\"><span class=\"s4\">Por su parte, <\/span><span class=\"s4\">la Licenciada <\/span><span class=\"s4\">Karla Navarrete Murcia, jefa de Nutrici\u00f3n del HGZ No. 48, se\u00f1al\u00f3 que las actividades del Triatl\u00f3n <\/span><span class=\"s4\">PrevenIMSS<\/span><span class=\"s4\"> son importantes para que la poblaci\u00f3n se active f\u00edsicamente y reflexione sobre la importancia de una sana alimentaci\u00f3n, porque derivado de la pandemia por COVID-19 mucha gente subi\u00f3 de peso.<\/span><\/p>\n<p class=\"s13\"><span class=\"s4\">Asegur\u00f3<\/span><span class=\"s4\"> que una alimentaci\u00f3n saludable es aquella que aporta alimentos y nutrientes que el cuerpo necesita para funcionar en un estado \u00f3ptimo y tener bienestar, adem\u00e1s evitar enfermedades o superar de manera r\u00e1pida un padecimiento.<\/span><\/p>\n<p class=\"s13\"><span class=\"s4\">Navarrete Murcia a\u00f1adi\u00f3 que es importante dis<\/span><span class=\"s4\">minuir el consumo de az\u00fa<\/span><span class=\"s4\">cares, grasas transg\u00e9nicas y sales para reducir el riesgo de tener l\u00edpidos elevados en la sangre, diabetes, enfermedades inflamatorias e incluso alg\u00fan tipo de <\/span><span class=\"s4\">c\u00e1ncer asociado<\/span><span class=\"s4\"> con la obesidad. Recomend\u00f3 consumir agua potable simple, frutas, verduras, leguminosas y realizar ejercicio peri\u00f3dicamente.<\/span><\/p>\n<p class=\"s13\"><span class=\"s4\">Durante la jornada en el HGZ No. 48, se realiz\u00f3 una sesi\u00f3n de actividad f\u00edsica para el personal de salud y poblaci\u00f3n en general, a fin de <\/span><span class=\"s4\">impulsar<\/span><span class=\"s4\"> la socializaci\u00f3n y sana convivencia, al fomentar un sano desarrollo socia<\/span><span class=\"s4\">l.<\/span><\/p>\n<p class=\"s13\"><span class=\"s4\">Para este domingo 13 de marzo, se desarrollar\u00e1 el componente de activaci\u00f3n f\u00edsica \u201cCorre, Brinca y Rueda\u201d en las unidades m\u00e9dicas de los tres niveles de atenci\u00f3n del IMSS, con clases de zumba, spinning, yoga, concurso de <\/span><span class=\"s4\">crossfit<\/span><span class=\"s4\"> y partido<\/span><span class=\"s4\">s<\/span><span class=\"s4\"> de f<\/span><span class=\"s4\">\u00fa<\/span><span class=\"s4\">tbol.<\/span><\/p>\n<p class=\"s13\"><span class=\"s4\">E<\/span><span class=\"s4\">l lunes 14 de marzo se trabajar\u00e1 en el programa preventivo \u201cCHKT en <\/span><span class=\"s4\">L<\/span><span class=\"s4\">\u00ednea\u201d con m\u00f3dulos de orientaci\u00f3n <\/span><span class=\"s4\">PrevenIMSS<\/span><span class=\"s4\">, <\/span><span class=\"s4\">donde <\/span><span class=\"s4\">se ofrecer\u00e1n servicios<\/span> <span class=\"s4\">como<\/span><span class=\"s4\">:<\/span><span class=\"s4\"> revisi\u00f3n de cartillas de vacunaci\u00f3n, evaluaci\u00f3n de riesgos, orientaci\u00f3n nutricional, educaci\u00f3n de higiene bucal, toma de presi\u00f3n arterial y de niveles de glucosa.<\/span><\/p>\n<p class=\"s13\"><span class=\"s4\">Para <\/span><span class=\"s4\">mayor informaci\u00f3n<\/span><span class=\"s4\"> se debe acudir a su unidad m\u00e9dica m\u00e1s cercana, seguir las redes sociales oficiales del Instituto o revisar el portal del IMSS en el apartado de Salud en L\u00ednea, <\/span><span class=\"s4\">en <\/span><span class=\"s4\">la p\u00e1gina electr\u00f3nica <\/span><a href=\"http:\/\/www.imss.gob.mx\/salud-en-linea\"><span class=\"s14\">www.imss.gob.mx\/salud-en-linea<\/span><\/a><span class=\"s4\">, en donde adem\u00e1s <\/span><span class=\"s4\">encontrar\u00e1n<\/span><span class=\"s4\"> recomendaciones para el cuidado de la salud.<\/span><\/p>\n<p class=\"s13\">\n","protected":false},"excerpt":{"rendered":"<p>\u2022 Del 12 al 14 de marzo se realizar\u00e1n en las 35 Representaciones del Instituto en los estados actividades para&#8230;<\/p>\n","protected":false},"author":1,"featured_media":0,"comment_status":"closed","ping_status":"closed","sticky":false,"template":"","format":"standard","meta":{"footnotes":""},"categories":[2849],"tags":[],"class_list":["post-163279","post","type-post","status-publish","format-standard","hentry","category-salud"],"yoast_head":"<!-- This site is optimized with the Yoast SEO plugin v26.5 - https:\/\/yoast.com\/wordpress\/plugins\/seo\/ -->\n<title>Inicia primer Triatl\u00f3n PrevenIMSS para promocionar la salud a nivel nacional - NOTICIAS<\/title>\n<meta name=\"robots\" content=\"index, follow, max-snippet:-1, max-image-preview:large, max-video-preview:-1\" \/>\n<link rel=\"canonical\" href=\"https:\/\/laredsocial-noticias.com\/wp\/inicia-primer-triatlon-prevenimss-para-promocionar-la-salud-a-nivel-nacional\/\" \/>\n<meta property=\"og:locale\" content=\"es_ES\" \/>\n<meta property=\"og:type\" content=\"article\" \/>\n<meta property=\"og:title\" content=\"Inicia primer Triatl\u00f3n PrevenIMSS para promocionar la salud a nivel nacional - NOTICIAS\" \/>\n<meta property=\"og:description\" content=\"\u2022 Del 12 al 14 de marzo se realizar\u00e1n en las 35 Representaciones del Instituto en los estados actividades para...\" \/>\n<meta property=\"og:url\" content=\"https:\/\/laredsocial-noticias.com\/wp\/inicia-primer-triatlon-prevenimss-para-promocionar-la-salud-a-nivel-nacional\/\" \/>\n<meta property=\"og:site_name\" content=\"NOTICIAS\" \/>\n<meta property=\"article:published_time\" content=\"2022-03-12T21:22:21+00:00\" \/>\n<meta property=\"article:modified_time\" content=\"2022-03-13T04:13:08+00:00\" \/>\n<meta property=\"og:image\" content=\"https:\/\/laredsocial-noticias.com\/wp\/wp-content\/uploads\/2022\/03\/1FCE0928-B2D6-4219-9684-DB63B838CA84.jpeg\" \/>\n\t<meta property=\"og:image:width\" content=\"1280\" \/>\n\t<meta property=\"og:image:height\" content=\"881\" \/>\n\t<meta property=\"og:image:type\" content=\"image\/jpeg\" \/>\n<meta name=\"author\" content=\"Editor en Jefe\" \/>\n<meta name=\"twitter:card\" content=\"summary_large_image\" \/>\n<meta name=\"twitter:label1\" content=\"Escrito por\" \/>\n\t<meta name=\"twitter:data1\" content=\"Editor en Jefe\" \/>\n\t<meta name=\"twitter:label2\" content=\"Tiempo de lectura\" \/>\n\t<meta name=\"twitter:data2\" content=\"4 minutos\" \/>\n<!-- \/ Yoast SEO plugin. -->","yoast_head_json":{"title":"Inicia primer Triatl\u00f3n PrevenIMSS para promocionar la salud a nivel nacional - NOTICIAS","robots":{"index":"index","follow":"follow","max-snippet":"max-snippet:-1","max-image-preview":"max-image-preview:large","max-video-preview":"max-video-preview:-1"},"canonical":"https:\/\/laredsocial-noticias.com\/wp\/inicia-primer-triatlon-prevenimss-para-promocionar-la-salud-a-nivel-nacional\/","og_locale":"es_ES","og_type":"article","og_title":"Inicia primer Triatl\u00f3n PrevenIMSS para promocionar la salud a nivel nacional - NOTICIAS","og_description":"\u2022 Del 12 al 14 de marzo se realizar\u00e1n en las 35 Representaciones del Instituto en los estados actividades para...","og_url":"https:\/\/laredsocial-noticias.com\/wp\/inicia-primer-triatlon-prevenimss-para-promocionar-la-salud-a-nivel-nacional\/","og_site_name":"NOTICIAS","article_published_time":"2022-03-12T21:22:21+00:00","article_modified_time":"2022-03-13T04:13:08+00:00","og_image":[{"width":1280,"height":881,"url":"https:\/\/laredsocial-noticias.com\/wp\/wp-content\/uploads\/2022\/03\/1FCE0928-B2D6-4219-9684-DB63B838CA84.jpeg","type":"image\/jpeg"}],"author":"Editor en Jefe","twitter_card":"summary_large_image","twitter_misc":{"Escrito por":"Editor en Jefe","Tiempo de lectura":"4 minutos"},"schema":{"@context":"https:\/\/schema.org","@graph":[{"@type":"WebPage","@id":"https:\/\/laredsocial-noticias.com\/wp\/inicia-primer-triatlon-prevenimss-para-promocionar-la-salud-a-nivel-nacional\/","url":"https:\/\/laredsocial-noticias.com\/wp\/inicia-primer-triatlon-prevenimss-para-promocionar-la-salud-a-nivel-nacional\/","name":"Inicia primer Triatl\u00f3n PrevenIMSS para promocionar la salud a nivel nacional - NOTICIAS","isPartOf":{"@id":"https:\/\/laredsocial-noticias.com\/wp\/#website"},"primaryImageOfPage":{"@id":"https:\/\/laredsocial-noticias.com\/wp\/inicia-primer-triatlon-prevenimss-para-promocionar-la-salud-a-nivel-nacional\/#primaryimage"},"image":{"@id":"https:\/\/laredsocial-noticias.com\/wp\/inicia-primer-triatlon-prevenimss-para-promocionar-la-salud-a-nivel-nacional\/#primaryimage"},"thumbnailUrl":"https:\/\/laredsocial-noticias.com\/wp\/wp-content\/uploads\/2022\/03\/98237B3A-D7D6-4D3C-9C9A-EC802731EB1C.jpeg","datePublished":"2022-03-12T21:22:21+00:00","dateModified":"2022-03-13T04:13:08+00:00","author":{"@id":"https:\/\/laredsocial-noticias.com\/wp\/#\/schema\/person\/0ce78643f2de7aae6f6ef10e8453a6e0"},"breadcrumb":{"@id":"https:\/\/laredsocial-noticias.com\/wp\/inicia-primer-triatlon-prevenimss-para-promocionar-la-salud-a-nivel-nacional\/#breadcrumb"},"inLanguage":"es","potentialAction":[{"@type":"ReadAction","target":["https:\/\/laredsocial-noticias.com\/wp\/inicia-primer-triatlon-prevenimss-para-promocionar-la-salud-a-nivel-nacional\/"]}]},{"@type":"ImageObject","inLanguage":"es","@id":"https:\/\/laredsocial-noticias.com\/wp\/inicia-primer-triatlon-prevenimss-para-promocionar-la-salud-a-nivel-nacional\/#primaryimage","url":"","contentUrl":""},{"@type":"BreadcrumbList","@id":"https:\/\/laredsocial-noticias.com\/wp\/inicia-primer-triatlon-prevenimss-para-promocionar-la-salud-a-nivel-nacional\/#breadcrumb","itemListElement":[{"@type":"ListItem","position":1,"name":"Portada","item":"https:\/\/laredsocial-noticias.com\/wp\/"},{"@type":"ListItem","position":2,"name":"Inicia primer Triatl\u00f3n PrevenIMSS para promocionar la salud a nivel nacional"}]},{"@type":"WebSite","@id":"https:\/\/laredsocial-noticias.com\/wp\/#website","url":"https:\/\/laredsocial-noticias.com\/wp\/","name":"NOTICIAS","description":"Lo que se ve y se dice en las redes sociales","potentialAction":[{"@type":"SearchAction","target":{"@type":"EntryPoint","urlTemplate":"https:\/\/laredsocial-noticias.com\/wp\/?s={search_term_string}"},"query-input":{"@type":"PropertyValueSpecification","valueRequired":true,"valueName":"search_term_string"}}],"inLanguage":"es"},{"@type":"Person","@id":"https:\/\/laredsocial-noticias.com\/wp\/#\/schema\/person\/0ce78643f2de7aae6f6ef10e8453a6e0","name":"Editor en Jefe","url":"https:\/\/laredsocial-noticias.com\/wp\/author\/jorgeochoa\/"}]}},"_links":{"self":[{"href":"https:\/\/laredsocial-noticias.com\/wp\/wp-json\/wp\/v2\/posts\/163279","targetHints":{"allow":["GET"]}}],"collection":[{"href":"https:\/\/laredsocial-noticias.com\/wp\/wp-json\/wp\/v2\/posts"}],"about":[{"href":"https:\/\/laredsocial-noticias.com\/wp\/wp-json\/wp\/v2\/types\/post"}],"author":[{"embeddable":true,"href":"https:\/\/laredsocial-noticias.com\/wp\/wp-json\/wp\/v2\/users\/1"}],"replies":[{"embeddable":true,"href":"https:\/\/laredsocial-noticias.com\/wp\/wp-json\/wp\/v2\/comments?post=163279"}],"version-history":[{"count":3,"href":"https:\/\/laredsocial-noticias.com\/wp\/wp-json\/wp\/v2\/posts\/163279\/revisions"}],"predecessor-version":[{"id":163284,"href":"https:\/\/laredsocial-noticias.com\/wp\/wp-json\/wp\/v2\/posts\/163279\/revisions\/163284"}],"wp:attachment":[{"href":"https:\/\/laredsocial-noticias.com\/wp\/wp-json\/wp\/v2\/media?parent=163279"}],"wp:term":[{"taxonomy":"category","embeddable":true,"href":"https:\/\/laredsocial-noticias.com\/wp\/wp-json\/wp\/v2\/categories?post=163279"},{"taxonomy":"post_tag","embeddable":true,"href":"https:\/\/laredsocial-noticias.com\/wp\/wp-json\/wp\/v2\/tags?post=163279"}],"curies":[{"name":"wp","href":"https:\/\/api.w.org\/{rel}","templated":true}]}}