{"id":16352,"date":"2016-07-06T19:29:38","date_gmt":"2016-07-07T00:29:38","guid":{"rendered":"http:\/\/laredsocial-noticias.com\/wp\/?p=16352"},"modified":"2016-07-06T19:42:08","modified_gmt":"2016-07-07T00:42:08","slug":"se-presenta-el-gran-avion-cdmx-portador-de-la-marca-ciudad","status":"publish","type":"post","link":"https:\/\/laredsocial-noticias.com\/wp\/se-presenta-el-gran-avion-cdmx-portador-de-la-marca-ciudad\/","title":{"rendered":"SE PRESENTA EL GRAN AVI\u00d3N CDMX, PORTADOR DE LA MARCA CIUDAD"},"content":{"rendered":"<p><img loading=\"lazy\" decoding=\"async\" class=\"aligncenter size-full wp-image-16353\" src=\"http:\/\/laredsocial-noticias.com\/wp\/wp-content\/uploads\/2016\/07\/N63A8073-34.jpg\" alt=\"N63A8073-34\" width=\"2000\" height=\"1333\" data-wp-pid=\"16353\" \/><\/p>\n<ul>\n<li>El FMPT implementa esta innovadora estrategia de promoci\u00f3n para la Marca Ciudad.<\/li>\n<li>La Marca CDMX es la tercera m\u00e1s reconocida de M\u00e9xico y se encuentra en el Top 20 mundial.<\/li>\n<\/ul>\n<p>&nbsp;<\/p>\n<p>Como parte de las estrategias del Fondo Mixto de Promoci\u00f3n Tur\u00edstica (FMPT) para promocionar a la Ciudad de M\u00e9xico bajo innovadores esquemas, este mi\u00e9rcoles fue presentado en el Hangar Oriente de Aerom\u00e9xico el Gran Avi\u00f3n CDMX, un enorme Boeing-777 distinguido con la Marca Ciudad.<\/p>\n<p>El evento presidido por el Jefe de Gobierno, el Doctor Miguel \u00c1ngel Mancera, cont\u00f3 con la presencia del Director General de Grupo Aerom\u00e9xico, el Doctor Andr\u00e9s Conesa Labastida, el Director General del Fondo Mixto de Promoci\u00f3n Tur\u00edstica, Armando L\u00f3pez C\u00e1rdenas, distintas personalidades del gobierno de la Ciudad de M\u00e9xico y representantes de la iniciativa privada.<\/p>\n<blockquote><p>La aeronave encomendada a difundir la Marca CDMX alrededor del mundo es la m\u00e1s grande en la flotilla de Aerom\u00e9xico, con una capacidad para casi 300 pasajeros y una longitud superior a los 63 metros. Ya en 2014 el FMPT hab\u00eda apostado por utilizar una aeronave como medio para promover la imagen de nuestra ciudad capital, en ese entonces en un Boeing-737 igualmente de Aerom\u00e9xico, con excelentes resultados.<\/p><\/blockquote>\n<p>El Gran Avi\u00f3n CDMX es casi tres veces m\u00e1s grande que el B-737, realiza vuelos a Espa\u00f1a, Argentina y Brasil y desde el inicio de esta campa\u00f1a ha recorrido lo equivalente a dar la vuelta a la Tierra 99 veces.<\/p>\n<p>El modelo de promoci\u00f3n implementado por el FMPT para la promoci\u00f3n de la CDMX se encuentra alineado a ejes estrat\u00e9gicos de difusi\u00f3n, como lo son la gastronom\u00eda, cine, teatro, arquitectura, moda, m\u00fasica, tecnolog\u00eda, el sector LGBTTI, lujo, negocios e industria de reuniones. En su intervenci\u00f3n, el Director General del FMPT, Armando L\u00f3pez C\u00e1rdenas, dijo que \u201cEl CDMX en muy poco tiempo ha sido adoptado por todos los mexicanos en el mundo: Los que trabajan, los que estudian, los que salen de negocios, o incluso los que no viven aqu\u00ed pero desean visitarla\u201d.<\/p>\n<p>Este evento se suma a las muchas acciones que ha realizado el Fondo Mixto para promover la Ciudad de M\u00e9xico, las cuales ya han logrado que la Marca Ciudad est\u00e9 posicionada como la tercera m\u00e1s importante del pa\u00eds y una de las 20 m\u00e1s reconocidas en el mundo, de acuerdo a la consultor\u00eda Saffron.<\/p>\n<blockquote><p>De la misma forma, gracias al trabajo de promoci\u00f3n realizado por el FMPT, la Ciudad de M\u00e9xico ha sido reconocida con distintos premios desde su creaci\u00f3n, como lo han sido el Premio Reed Latino en 2014 y 2015 por Mejor Campa\u00f1a de Marca Ciudad, el premio Merca 2.0 por Mejor Estrategia de Mercadotecnia 2015 y m\u00e1s recientemente con el Premio Heel por el impulso a la Industria de Reuniones.<\/p><\/blockquote>\n<p>Vale la pena mencionar que el FMPT promueve este aspecto postulando a la CDMX como anfitriona para distintos congresos y convenciones, por lo cual ya ha recibido importantes eventos; tambi\u00e9n mediante su participaci\u00f3n en reuniones especializadas del sector como lo fue el Tianguis Tur\u00edstico 2016, donde el Stand CDMX estuvo considerado entre los 10 mejores del evento.<\/p>\n<p>Estas y otras acciones han resultado en que la Ciudad de M\u00e9xico se considere como uno de los 10 destinos de Am\u00e9rica m\u00e1s importantes para la Industria de Reuniones seg\u00fan el \u00faltimo ranking de ICCA.\u00a0 Otros proyectos estrat\u00e9gicos impulsados por el Fondo Mixto han sido: TagCDMX, la primera edici\u00f3n de la F\u00f3rmula E, el Gran Bal\u00f3n CDMX, entre muchos otros.<\/p>\n<p>&nbsp;<\/p>\n<p>TWITTER: <a href=\"https:\/\/twitter.com\/LaRedSocialMX\">@LaRedSocialMX<\/a><u>\u00a0\u00a0 \u00a0\u00a0<\/u><a href=\"https:\/\/twitter.com\/laredsocialcom\">@laredsocialcom<\/a><\/p>\n<p>FACEBOOK: Laredsoc\u00a0\u00a0 \u2026..\u00a0 Redsocial Noticias<\/p>\n","protected":false},"excerpt":{"rendered":"<p>El FMPT implementa esta innovadora estrategia de promoci\u00f3n para la Marca Ciudad. La Marca CDMX es la tercera m\u00e1s reconocida&#8230;<\/p>\n","protected":false},"author":1,"featured_media":0,"comment_status":"open","ping_status":"open","sticky":false,"template":"","format":"standard","meta":{"footnotes":""},"categories":[982,91,2257],"tags":[],"class_list":["post-16352","post","type-post","status-publish","format-standard","hentry","category-aereolineas","category-cdmx","category-quadrante-aereo"],"yoast_head":"<!-- This site is optimized with the Yoast SEO plugin v26.5 - https:\/\/yoast.com\/wordpress\/plugins\/seo\/ -->\n<title>SE PRESENTA EL GRAN AVI\u00d3N CDMX, PORTADOR DE LA MARCA CIUDAD - NOTICIAS<\/title>\n<meta name=\"robots\" content=\"index, follow, max-snippet:-1, max-image-preview:large, max-video-preview:-1\" \/>\n<link rel=\"canonical\" href=\"https:\/\/laredsocial-noticias.com\/wp\/se-presenta-el-gran-avion-cdmx-portador-de-la-marca-ciudad\/\" \/>\n<meta property=\"og:locale\" content=\"es_ES\" \/>\n<meta property=\"og:type\" content=\"article\" \/>\n<meta property=\"og:title\" content=\"SE PRESENTA EL GRAN AVI\u00d3N CDMX, PORTADOR DE LA MARCA CIUDAD - NOTICIAS\" \/>\n<meta property=\"og:description\" content=\"El FMPT implementa esta innovadora estrategia de promoci\u00f3n para la Marca Ciudad. La Marca CDMX es la tercera m\u00e1s reconocida...\" \/>\n<meta property=\"og:url\" content=\"https:\/\/laredsocial-noticias.com\/wp\/se-presenta-el-gran-avion-cdmx-portador-de-la-marca-ciudad\/\" \/>\n<meta property=\"og:site_name\" content=\"NOTICIAS\" \/>\n<meta property=\"article:published_time\" content=\"2016-07-07T00:29:38+00:00\" \/>\n<meta property=\"article:modified_time\" content=\"2016-07-07T00:42:08+00:00\" \/>\n<meta property=\"og:image\" content=\"https:\/\/laredsocial-noticias.com\/wp\/wp-content\/uploads\/2016\/07\/N63A8073-34.jpg\" \/>\n\t<meta property=\"og:image:width\" content=\"2000\" \/>\n\t<meta property=\"og:image:height\" content=\"1333\" \/>\n\t<meta property=\"og:image:type\" content=\"image\/jpeg\" \/>\n<meta name=\"author\" content=\"Editor en Jefe\" \/>\n<meta name=\"twitter:card\" content=\"summary_large_image\" \/>\n<meta name=\"twitter:label1\" content=\"Escrito por\" \/>\n\t<meta name=\"twitter:data1\" content=\"Editor en Jefe\" \/>\n\t<meta name=\"twitter:label2\" content=\"Tiempo de lectura\" \/>\n\t<meta name=\"twitter:data2\" content=\"3 minutos\" \/>\n<!-- \/ Yoast SEO plugin. -->","yoast_head_json":{"title":"SE PRESENTA EL GRAN AVI\u00d3N CDMX, PORTADOR DE LA MARCA CIUDAD - NOTICIAS","robots":{"index":"index","follow":"follow","max-snippet":"max-snippet:-1","max-image-preview":"max-image-preview:large","max-video-preview":"max-video-preview:-1"},"canonical":"https:\/\/laredsocial-noticias.com\/wp\/se-presenta-el-gran-avion-cdmx-portador-de-la-marca-ciudad\/","og_locale":"es_ES","og_type":"article","og_title":"SE PRESENTA EL GRAN AVI\u00d3N CDMX, PORTADOR DE LA MARCA CIUDAD - NOTICIAS","og_description":"El FMPT implementa esta innovadora estrategia de promoci\u00f3n para la Marca Ciudad. La Marca CDMX es la tercera m\u00e1s reconocida...","og_url":"https:\/\/laredsocial-noticias.com\/wp\/se-presenta-el-gran-avion-cdmx-portador-de-la-marca-ciudad\/","og_site_name":"NOTICIAS","article_published_time":"2016-07-07T00:29:38+00:00","article_modified_time":"2016-07-07T00:42:08+00:00","og_image":[{"width":2000,"height":1333,"url":"https:\/\/laredsocial-noticias.com\/wp\/wp-content\/uploads\/2016\/07\/N63A8073-34.jpg","type":"image\/jpeg"}],"author":"Editor en Jefe","twitter_card":"summary_large_image","twitter_misc":{"Escrito por":"Editor en Jefe","Tiempo de lectura":"3 minutos"},"schema":{"@context":"https:\/\/schema.org","@graph":[{"@type":"WebPage","@id":"https:\/\/laredsocial-noticias.com\/wp\/se-presenta-el-gran-avion-cdmx-portador-de-la-marca-ciudad\/","url":"https:\/\/laredsocial-noticias.com\/wp\/se-presenta-el-gran-avion-cdmx-portador-de-la-marca-ciudad\/","name":"SE PRESENTA EL GRAN AVI\u00d3N CDMX, PORTADOR DE LA MARCA CIUDAD - NOTICIAS","isPartOf":{"@id":"https:\/\/laredsocial-noticias.com\/wp\/#website"},"primaryImageOfPage":{"@id":"https:\/\/laredsocial-noticias.com\/wp\/se-presenta-el-gran-avion-cdmx-portador-de-la-marca-ciudad\/#primaryimage"},"image":{"@id":"https:\/\/laredsocial-noticias.com\/wp\/se-presenta-el-gran-avion-cdmx-portador-de-la-marca-ciudad\/#primaryimage"},"thumbnailUrl":"http:\/\/laredsocial-noticias.com\/wp\/wp-content\/uploads\/2016\/07\/N63A8073-34.jpg","datePublished":"2016-07-07T00:29:38+00:00","dateModified":"2016-07-07T00:42:08+00:00","author":{"@id":"https:\/\/laredsocial-noticias.com\/wp\/#\/schema\/person\/0ce78643f2de7aae6f6ef10e8453a6e0"},"breadcrumb":{"@id":"https:\/\/laredsocial-noticias.com\/wp\/se-presenta-el-gran-avion-cdmx-portador-de-la-marca-ciudad\/#breadcrumb"},"inLanguage":"es","potentialAction":[{"@type":"ReadAction","target":["https:\/\/laredsocial-noticias.com\/wp\/se-presenta-el-gran-avion-cdmx-portador-de-la-marca-ciudad\/"]}]},{"@type":"ImageObject","inLanguage":"es","@id":"https:\/\/laredsocial-noticias.com\/wp\/se-presenta-el-gran-avion-cdmx-portador-de-la-marca-ciudad\/#primaryimage","url":"","contentUrl":""},{"@type":"BreadcrumbList","@id":"https:\/\/laredsocial-noticias.com\/wp\/se-presenta-el-gran-avion-cdmx-portador-de-la-marca-ciudad\/#breadcrumb","itemListElement":[{"@type":"ListItem","position":1,"name":"Portada","item":"https:\/\/laredsocial-noticias.com\/wp\/"},{"@type":"ListItem","position":2,"name":"SE PRESENTA EL GRAN AVI\u00d3N CDMX, PORTADOR DE LA MARCA CIUDAD"}]},{"@type":"WebSite","@id":"https:\/\/laredsocial-noticias.com\/wp\/#website","url":"https:\/\/laredsocial-noticias.com\/wp\/","name":"NOTICIAS","description":"Lo que se ve y se dice en las redes sociales","potentialAction":[{"@type":"SearchAction","target":{"@type":"EntryPoint","urlTemplate":"https:\/\/laredsocial-noticias.com\/wp\/?s={search_term_string}"},"query-input":{"@type":"PropertyValueSpecification","valueRequired":true,"valueName":"search_term_string"}}],"inLanguage":"es"},{"@type":"Person","@id":"https:\/\/laredsocial-noticias.com\/wp\/#\/schema\/person\/0ce78643f2de7aae6f6ef10e8453a6e0","name":"Editor en Jefe","url":"https:\/\/laredsocial-noticias.com\/wp\/author\/jorgeochoa\/"}]}},"_links":{"self":[{"href":"https:\/\/laredsocial-noticias.com\/wp\/wp-json\/wp\/v2\/posts\/16352","targetHints":{"allow":["GET"]}}],"collection":[{"href":"https:\/\/laredsocial-noticias.com\/wp\/wp-json\/wp\/v2\/posts"}],"about":[{"href":"https:\/\/laredsocial-noticias.com\/wp\/wp-json\/wp\/v2\/types\/post"}],"author":[{"embeddable":true,"href":"https:\/\/laredsocial-noticias.com\/wp\/wp-json\/wp\/v2\/users\/1"}],"replies":[{"embeddable":true,"href":"https:\/\/laredsocial-noticias.com\/wp\/wp-json\/wp\/v2\/comments?post=16352"}],"version-history":[{"count":2,"href":"https:\/\/laredsocial-noticias.com\/wp\/wp-json\/wp\/v2\/posts\/16352\/revisions"}],"predecessor-version":[{"id":16355,"href":"https:\/\/laredsocial-noticias.com\/wp\/wp-json\/wp\/v2\/posts\/16352\/revisions\/16355"}],"wp:attachment":[{"href":"https:\/\/laredsocial-noticias.com\/wp\/wp-json\/wp\/v2\/media?parent=16352"}],"wp:term":[{"taxonomy":"category","embeddable":true,"href":"https:\/\/laredsocial-noticias.com\/wp\/wp-json\/wp\/v2\/categories?post=16352"},{"taxonomy":"post_tag","embeddable":true,"href":"https:\/\/laredsocial-noticias.com\/wp\/wp-json\/wp\/v2\/tags?post=16352"}],"curies":[{"name":"wp","href":"https:\/\/api.w.org\/{rel}","templated":true}]}}