{"id":163614,"date":"2022-03-17T12:00:19","date_gmt":"2022-03-17T18:00:19","guid":{"rendered":"https:\/\/laredsocial-noticias.com\/wp\/?p=163614"},"modified":"2022-03-17T09:56:14","modified_gmt":"2022-03-17T15:56:14","slug":"el-bronco-seguira-en-prision-de-apodaca-es-vinculado-a-proceso","status":"publish","type":"post","link":"https:\/\/laredsocial-noticias.com\/wp\/el-bronco-seguira-en-prision-de-apodaca-es-vinculado-a-proceso\/","title":{"rendered":"\u2018El Bronco\u2019 seguir\u00e1 en prisi\u00f3n de Apodaca; es vinculado a proceso"},"content":{"rendered":"<p>El exgobernador independiente de Nuevo Le\u00f3n, Jaime Rodr\u00edguez,\u00a0fue vinculado a proceso por el delito de uso de recursos de procedencia il\u00edcita en la campa\u00f1a presidencial de 2018 y dict\u00f3 que enfrente el proceso en prisi\u00f3n preventiva.<\/p>\n<p>Luego de una audiencia de ocho horas,\u00a0el juez de control estatal, Carlos Alberto Salas Gonz\u00e1lez, dict\u00f3 su resoluci\u00f3n, sin embargo, se declar\u00f3 incompetente para continuar con el caso, ya que la defensa aleg\u00f3 que el delito que se le imputa es de car\u00e1cter federal, por lo que deber\u00e1 ser un juez de Distrito el que asuma el caso.<\/p>\n<p>La audiencia, que\u00a0inici\u00f3 a las 16:22 horas del mi\u00e9rcoles y se prolong\u00f3 hasta las 00:27\u00a0de este jueves, se realiz\u00f3 v\u00eda remota y de manera privada a petici\u00f3n de los abogados de \u201cEl Bronco\u201d.<\/p>\n<p>Durante la audiencia, en uno de los locutorios del\u00a0Centro de Reinserci\u00f3n Social n\u00famero 2,\u00a0El Bronco estuvo asistido personalmente por el\u00a0abogado Gabriel Eduardo Garc\u00eda,\u00a0mientras el abogado\u00a0V\u00edctor Olea\u00a0sigui\u00f3 la videoconferencia desde su despacho en la colonia Del Valle, en San Pedro.<\/p>\n<p>\u201cEl Bronco\u201d fue detenido ayer por las autoridades mientras sal\u00eda de un rancho de\u00a0General Ter\u00e1n, esto por presuntas irregularidades detectadas en la recolecci\u00f3n de firmas para su entonces campa\u00f1a presidencial en 2018.<\/p>\n<p>Sumada a la denuncia de uso de recursos il\u00edcitos en la campa\u00f1a presidencial, la Fiscal\u00eda Anticorrupci\u00f3n solicit\u00f3 audiencia de imputaci\u00f3n contra Rodr\u00edguez y otros ex funcionarios por abuso de autoridad en la requisa de la Ecov\u00eda.<\/p>\n","protected":false},"excerpt":{"rendered":"<p>El exgobernador independiente de Nuevo Le\u00f3n, Jaime Rodr\u00edguez,\u00a0fue vinculado a proceso por el delito de uso de recursos de procedencia&#8230;<\/p>\n","protected":false},"author":1,"featured_media":0,"comment_status":"open","ping_status":"closed","sticky":false,"template":"","format":"standard","meta":{"footnotes":""},"categories":[2379,6026],"tags":[4959,77],"class_list":["post-163614","post","type-post","status-publish","format-standard","hentry","category-estados-2","category-portada","tag-featured","tag-principal"],"yoast_head":"<!-- This site is optimized with the Yoast SEO plugin v26.5 - https:\/\/yoast.com\/wordpress\/plugins\/seo\/ -->\n<title>\u2018El Bronco\u2019 seguir\u00e1 en prisi\u00f3n de Apodaca; es vinculado a proceso - NOTICIAS<\/title>\n<meta name=\"robots\" content=\"index, follow, max-snippet:-1, max-image-preview:large, max-video-preview:-1\" \/>\n<link rel=\"canonical\" href=\"https:\/\/laredsocial-noticias.com\/wp\/el-bronco-seguira-en-prision-de-apodaca-es-vinculado-a-proceso\/\" \/>\n<meta property=\"og:locale\" content=\"es_ES\" \/>\n<meta property=\"og:type\" content=\"article\" \/>\n<meta property=\"og:title\" content=\"\u2018El Bronco\u2019 seguir\u00e1 en prisi\u00f3n de Apodaca; es vinculado a proceso - NOTICIAS\" \/>\n<meta property=\"og:description\" content=\"El exgobernador independiente de Nuevo Le\u00f3n, Jaime Rodr\u00edguez,\u00a0fue vinculado a proceso por el delito de uso de recursos de procedencia...\" \/>\n<meta property=\"og:url\" content=\"https:\/\/laredsocial-noticias.com\/wp\/el-bronco-seguira-en-prision-de-apodaca-es-vinculado-a-proceso\/\" \/>\n<meta property=\"og:site_name\" content=\"NOTICIAS\" \/>\n<meta property=\"article:published_time\" content=\"2022-03-17T18:00:19+00:00\" \/>\n<meta property=\"og:image\" content=\"https:\/\/laredsocial-noticias.com\/wp\/wp-content\/uploads\/2022\/03\/bronco-carcel.jpg\" \/>\n\t<meta property=\"og:image:width\" content=\"1280\" \/>\n\t<meta property=\"og:image:height\" content=\"720\" \/>\n\t<meta property=\"og:image:type\" content=\"image\/jpeg\" \/>\n<meta name=\"author\" content=\"Editor en Jefe\" \/>\n<meta name=\"twitter:card\" content=\"summary_large_image\" \/>\n<meta name=\"twitter:label1\" content=\"Escrito por\" \/>\n\t<meta name=\"twitter:data1\" content=\"Editor en Jefe\" \/>\n\t<meta name=\"twitter:label2\" content=\"Tiempo de lectura\" \/>\n\t<meta name=\"twitter:data2\" content=\"1 minuto\" \/>\n<!-- \/ Yoast SEO plugin. -->","yoast_head_json":{"title":"\u2018El Bronco\u2019 seguir\u00e1 en prisi\u00f3n de Apodaca; es vinculado a proceso - NOTICIAS","robots":{"index":"index","follow":"follow","max-snippet":"max-snippet:-1","max-image-preview":"max-image-preview:large","max-video-preview":"max-video-preview:-1"},"canonical":"https:\/\/laredsocial-noticias.com\/wp\/el-bronco-seguira-en-prision-de-apodaca-es-vinculado-a-proceso\/","og_locale":"es_ES","og_type":"article","og_title":"\u2018El Bronco\u2019 seguir\u00e1 en prisi\u00f3n de Apodaca; es vinculado a proceso - NOTICIAS","og_description":"El exgobernador independiente de Nuevo Le\u00f3n, Jaime Rodr\u00edguez,\u00a0fue vinculado a proceso por el delito de uso de recursos de procedencia...","og_url":"https:\/\/laredsocial-noticias.com\/wp\/el-bronco-seguira-en-prision-de-apodaca-es-vinculado-a-proceso\/","og_site_name":"NOTICIAS","article_published_time":"2022-03-17T18:00:19+00:00","og_image":[{"width":1280,"height":720,"url":"https:\/\/laredsocial-noticias.com\/wp\/wp-content\/uploads\/2022\/03\/bronco-carcel.jpg","type":"image\/jpeg"}],"author":"Editor en Jefe","twitter_card":"summary_large_image","twitter_misc":{"Escrito por":"Editor en Jefe","Tiempo de lectura":"1 minuto"},"schema":{"@context":"https:\/\/schema.org","@graph":[{"@type":"WebPage","@id":"https:\/\/laredsocial-noticias.com\/wp\/el-bronco-seguira-en-prision-de-apodaca-es-vinculado-a-proceso\/","url":"https:\/\/laredsocial-noticias.com\/wp\/el-bronco-seguira-en-prision-de-apodaca-es-vinculado-a-proceso\/","name":"\u2018El Bronco\u2019 seguir\u00e1 en prisi\u00f3n de Apodaca; es vinculado a proceso - NOTICIAS","isPartOf":{"@id":"https:\/\/laredsocial-noticias.com\/wp\/#website"},"datePublished":"2022-03-17T18:00:19+00:00","author":{"@id":"https:\/\/laredsocial-noticias.com\/wp\/#\/schema\/person\/0ce78643f2de7aae6f6ef10e8453a6e0"},"breadcrumb":{"@id":"https:\/\/laredsocial-noticias.com\/wp\/el-bronco-seguira-en-prision-de-apodaca-es-vinculado-a-proceso\/#breadcrumb"},"inLanguage":"es","potentialAction":[{"@type":"ReadAction","target":["https:\/\/laredsocial-noticias.com\/wp\/el-bronco-seguira-en-prision-de-apodaca-es-vinculado-a-proceso\/"]}]},{"@type":"BreadcrumbList","@id":"https:\/\/laredsocial-noticias.com\/wp\/el-bronco-seguira-en-prision-de-apodaca-es-vinculado-a-proceso\/#breadcrumb","itemListElement":[{"@type":"ListItem","position":1,"name":"Portada","item":"https:\/\/laredsocial-noticias.com\/wp\/"},{"@type":"ListItem","position":2,"name":"\u2018El Bronco\u2019 seguir\u00e1 en prisi\u00f3n de Apodaca; es vinculado a proceso"}]},{"@type":"WebSite","@id":"https:\/\/laredsocial-noticias.com\/wp\/#website","url":"https:\/\/laredsocial-noticias.com\/wp\/","name":"NOTICIAS","description":"Lo que se ve y se dice en las redes sociales","potentialAction":[{"@type":"SearchAction","target":{"@type":"EntryPoint","urlTemplate":"https:\/\/laredsocial-noticias.com\/wp\/?s={search_term_string}"},"query-input":{"@type":"PropertyValueSpecification","valueRequired":true,"valueName":"search_term_string"}}],"inLanguage":"es"},{"@type":"Person","@id":"https:\/\/laredsocial-noticias.com\/wp\/#\/schema\/person\/0ce78643f2de7aae6f6ef10e8453a6e0","name":"Editor en Jefe","url":"https:\/\/laredsocial-noticias.com\/wp\/author\/jorgeochoa\/"}]}},"_links":{"self":[{"href":"https:\/\/laredsocial-noticias.com\/wp\/wp-json\/wp\/v2\/posts\/163614","targetHints":{"allow":["GET"]}}],"collection":[{"href":"https:\/\/laredsocial-noticias.com\/wp\/wp-json\/wp\/v2\/posts"}],"about":[{"href":"https:\/\/laredsocial-noticias.com\/wp\/wp-json\/wp\/v2\/types\/post"}],"author":[{"embeddable":true,"href":"https:\/\/laredsocial-noticias.com\/wp\/wp-json\/wp\/v2\/users\/1"}],"replies":[{"embeddable":true,"href":"https:\/\/laredsocial-noticias.com\/wp\/wp-json\/wp\/v2\/comments?post=163614"}],"version-history":[{"count":1,"href":"https:\/\/laredsocial-noticias.com\/wp\/wp-json\/wp\/v2\/posts\/163614\/revisions"}],"predecessor-version":[{"id":163615,"href":"https:\/\/laredsocial-noticias.com\/wp\/wp-json\/wp\/v2\/posts\/163614\/revisions\/163615"}],"wp:attachment":[{"href":"https:\/\/laredsocial-noticias.com\/wp\/wp-json\/wp\/v2\/media?parent=163614"}],"wp:term":[{"taxonomy":"category","embeddable":true,"href":"https:\/\/laredsocial-noticias.com\/wp\/wp-json\/wp\/v2\/categories?post=163614"},{"taxonomy":"post_tag","embeddable":true,"href":"https:\/\/laredsocial-noticias.com\/wp\/wp-json\/wp\/v2\/tags?post=163614"}],"curies":[{"name":"wp","href":"https:\/\/api.w.org\/{rel}","templated":true}]}}