{"id":163908,"date":"2022-03-21T19:00:00","date_gmt":"2022-03-22T01:00:00","guid":{"rendered":"https:\/\/laredsocial-noticias.com\/wp\/?p=163908"},"modified":"2022-03-21T18:11:08","modified_gmt":"2022-03-22T00:11:08","slug":"vendedores-ambulantes-toman-el-aifa-en-primer-dia-de-operaciones","status":"publish","type":"post","link":"https:\/\/laredsocial-noticias.com\/wp\/vendedores-ambulantes-toman-el-aifa-en-primer-dia-de-operaciones\/","title":{"rendered":"Vendedores ambulantes \u201ctoman\u201d el AIFA en primer d\u00eda de operaciones"},"content":{"rendered":"<p>En su primer d\u00eda de operaciones, el Aeropuerto Internacional Felipe \u00c1ngeles (AIFA), se llen\u00f3 de\u00a0vendedores ambulantes\u00a0que ofrec\u00edan \u2018recuerditos\u2018 con la imagen del presidente\u00a0Andr\u00e9s Manuel L\u00f3pez Obrador.<\/p>\n<p>En el marco de la inauguraci\u00f3n del AIFA,\u00a0decenas de vendedores informales\u00a0se plantaron dentro de las instalaciones y comenzaron a vender pines, llaveros, peluches, fotograf\u00edas y hasta documentales relacionados con la actual administraci\u00f3n del mandatario mexicano.<\/p>\n<p>Usuarios en\u00a0redes sociales\u00a0compartieron algunas fotograf\u00edas de los productos que eran ofrecidos, los cuales algunas llegaban hasta lo\u00a050 pesos mexicanos.<\/p>\n<p>Otros tantos manifestaron su molestia y su inconformidad pues se\u00f1alaban que el AIFA\u00a0apenas tiene 15 minutos de ser inaugurado\u00a0y ya est\u00e1 repleto de vendedores ambulantes hecho que \u201cno les sorprende\u201c.<\/p>\n<p>El nuevo aeropuerto de\u00a0Ciudad de\u00a0M\u00e9xico\u00a0que impulsa el gobierno del presidente Andr\u00e9s Manuel L\u00f3pez Obrador, inici\u00f3 operaciones este lunes horas antes de que sea formalmente inaugurado.<\/p>\n<blockquote class=\"wp-block-quote\"><p>\u201cEst\u00e1 al 100 (por ciento) el aeropuerto, completamente concluido. (\u2026) Es cuesti\u00f3n nada m\u00e1s de que las l\u00edneas a\u00e9reas vayan incrementando sus viajes\u201d, dijo L\u00f3pez Obrador durante su conferencia de prensa matutina, desde el nuevo aeropuerto.<\/p><\/blockquote>\n<p>Por su parte, el secretario de la Defensa Nacional,\u00a0Luis Crescencio Sandoval, afirm\u00f3 que en este primer d\u00eda habr\u00e1\u00a020 operaciones de las aerol\u00edneas que han confirmado su presencia en la terminal: las nacionales Aerom\u00e9xico, Volaris y Viva Aerob\u00fas, y la venezolana Conviasa, la \u00fanica \u00a0internacional hasta el momento, que ofrecer\u00e1 viajes a Caracas.<\/p>\n","protected":false},"excerpt":{"rendered":"<p>En su primer d\u00eda de operaciones, el Aeropuerto Internacional Felipe \u00c1ngeles (AIFA), se llen\u00f3 de\u00a0vendedores ambulantes\u00a0que ofrec\u00edan \u2018recuerditos\u2018 con la&#8230;<\/p>\n","protected":false},"author":1,"featured_media":0,"comment_status":"open","ping_status":"closed","sticky":false,"template":"","format":"standard","meta":{"footnotes":""},"categories":[2379,6026],"tags":[4959,77],"class_list":["post-163908","post","type-post","status-publish","format-standard","hentry","category-estados-2","category-portada","tag-featured","tag-principal"],"yoast_head":"<!-- This site is optimized with the Yoast SEO plugin v26.5 - https:\/\/yoast.com\/wordpress\/plugins\/seo\/ -->\n<title>Vendedores ambulantes \u201ctoman\u201d el AIFA en primer d\u00eda de operaciones - NOTICIAS<\/title>\n<meta name=\"robots\" content=\"index, follow, max-snippet:-1, max-image-preview:large, max-video-preview:-1\" \/>\n<link rel=\"canonical\" href=\"https:\/\/laredsocial-noticias.com\/wp\/vendedores-ambulantes-toman-el-aifa-en-primer-dia-de-operaciones\/\" \/>\n<meta property=\"og:locale\" content=\"es_ES\" \/>\n<meta property=\"og:type\" content=\"article\" \/>\n<meta property=\"og:title\" content=\"Vendedores ambulantes \u201ctoman\u201d el AIFA en primer d\u00eda de operaciones - NOTICIAS\" \/>\n<meta property=\"og:description\" content=\"En su primer d\u00eda de operaciones, el Aeropuerto Internacional Felipe \u00c1ngeles (AIFA), se llen\u00f3 de\u00a0vendedores ambulantes\u00a0que ofrec\u00edan \u2018recuerditos\u2018 con la...\" \/>\n<meta property=\"og:url\" content=\"https:\/\/laredsocial-noticias.com\/wp\/vendedores-ambulantes-toman-el-aifa-en-primer-dia-de-operaciones\/\" \/>\n<meta property=\"og:site_name\" content=\"NOTICIAS\" \/>\n<meta property=\"article:published_time\" content=\"2022-03-22T01:00:00+00:00\" \/>\n<meta property=\"og:image\" content=\"https:\/\/laredsocial-noticias.com\/wp\/wp-content\/uploads\/2022\/03\/vendedores-ambulantes-toman-el-aifa-en-primer-dia-de-operaciones.jpg\" \/>\n\t<meta property=\"og:image:width\" content=\"1280\" \/>\n\t<meta property=\"og:image:height\" content=\"720\" \/>\n\t<meta property=\"og:image:type\" content=\"image\/jpeg\" \/>\n<meta name=\"author\" content=\"Editor en Jefe\" \/>\n<meta name=\"twitter:card\" content=\"summary_large_image\" \/>\n<meta name=\"twitter:label1\" content=\"Escrito por\" \/>\n\t<meta name=\"twitter:data1\" content=\"Editor en Jefe\" \/>\n\t<meta name=\"twitter:label2\" content=\"Tiempo de lectura\" \/>\n\t<meta name=\"twitter:data2\" content=\"1 minuto\" \/>\n<!-- \/ Yoast SEO plugin. -->","yoast_head_json":{"title":"Vendedores ambulantes \u201ctoman\u201d el AIFA en primer d\u00eda de operaciones - NOTICIAS","robots":{"index":"index","follow":"follow","max-snippet":"max-snippet:-1","max-image-preview":"max-image-preview:large","max-video-preview":"max-video-preview:-1"},"canonical":"https:\/\/laredsocial-noticias.com\/wp\/vendedores-ambulantes-toman-el-aifa-en-primer-dia-de-operaciones\/","og_locale":"es_ES","og_type":"article","og_title":"Vendedores ambulantes \u201ctoman\u201d el AIFA en primer d\u00eda de operaciones - NOTICIAS","og_description":"En su primer d\u00eda de operaciones, el Aeropuerto Internacional Felipe \u00c1ngeles (AIFA), se llen\u00f3 de\u00a0vendedores ambulantes\u00a0que ofrec\u00edan \u2018recuerditos\u2018 con la...","og_url":"https:\/\/laredsocial-noticias.com\/wp\/vendedores-ambulantes-toman-el-aifa-en-primer-dia-de-operaciones\/","og_site_name":"NOTICIAS","article_published_time":"2022-03-22T01:00:00+00:00","og_image":[{"width":1280,"height":720,"url":"https:\/\/laredsocial-noticias.com\/wp\/wp-content\/uploads\/2022\/03\/vendedores-ambulantes-toman-el-aifa-en-primer-dia-de-operaciones.jpg","type":"image\/jpeg"}],"author":"Editor en Jefe","twitter_card":"summary_large_image","twitter_misc":{"Escrito por":"Editor en Jefe","Tiempo de lectura":"1 minuto"},"schema":{"@context":"https:\/\/schema.org","@graph":[{"@type":"WebPage","@id":"https:\/\/laredsocial-noticias.com\/wp\/vendedores-ambulantes-toman-el-aifa-en-primer-dia-de-operaciones\/","url":"https:\/\/laredsocial-noticias.com\/wp\/vendedores-ambulantes-toman-el-aifa-en-primer-dia-de-operaciones\/","name":"Vendedores ambulantes \u201ctoman\u201d el AIFA en primer d\u00eda de operaciones - NOTICIAS","isPartOf":{"@id":"https:\/\/laredsocial-noticias.com\/wp\/#website"},"datePublished":"2022-03-22T01:00:00+00:00","author":{"@id":"https:\/\/laredsocial-noticias.com\/wp\/#\/schema\/person\/0ce78643f2de7aae6f6ef10e8453a6e0"},"breadcrumb":{"@id":"https:\/\/laredsocial-noticias.com\/wp\/vendedores-ambulantes-toman-el-aifa-en-primer-dia-de-operaciones\/#breadcrumb"},"inLanguage":"es","potentialAction":[{"@type":"ReadAction","target":["https:\/\/laredsocial-noticias.com\/wp\/vendedores-ambulantes-toman-el-aifa-en-primer-dia-de-operaciones\/"]}]},{"@type":"BreadcrumbList","@id":"https:\/\/laredsocial-noticias.com\/wp\/vendedores-ambulantes-toman-el-aifa-en-primer-dia-de-operaciones\/#breadcrumb","itemListElement":[{"@type":"ListItem","position":1,"name":"Portada","item":"https:\/\/laredsocial-noticias.com\/wp\/"},{"@type":"ListItem","position":2,"name":"Vendedores ambulantes \u201ctoman\u201d el AIFA en primer d\u00eda de operaciones"}]},{"@type":"WebSite","@id":"https:\/\/laredsocial-noticias.com\/wp\/#website","url":"https:\/\/laredsocial-noticias.com\/wp\/","name":"NOTICIAS","description":"Lo que se ve y se dice en las redes sociales","potentialAction":[{"@type":"SearchAction","target":{"@type":"EntryPoint","urlTemplate":"https:\/\/laredsocial-noticias.com\/wp\/?s={search_term_string}"},"query-input":{"@type":"PropertyValueSpecification","valueRequired":true,"valueName":"search_term_string"}}],"inLanguage":"es"},{"@type":"Person","@id":"https:\/\/laredsocial-noticias.com\/wp\/#\/schema\/person\/0ce78643f2de7aae6f6ef10e8453a6e0","name":"Editor en Jefe","url":"https:\/\/laredsocial-noticias.com\/wp\/author\/jorgeochoa\/"}]}},"_links":{"self":[{"href":"https:\/\/laredsocial-noticias.com\/wp\/wp-json\/wp\/v2\/posts\/163908","targetHints":{"allow":["GET"]}}],"collection":[{"href":"https:\/\/laredsocial-noticias.com\/wp\/wp-json\/wp\/v2\/posts"}],"about":[{"href":"https:\/\/laredsocial-noticias.com\/wp\/wp-json\/wp\/v2\/types\/post"}],"author":[{"embeddable":true,"href":"https:\/\/laredsocial-noticias.com\/wp\/wp-json\/wp\/v2\/users\/1"}],"replies":[{"embeddable":true,"href":"https:\/\/laredsocial-noticias.com\/wp\/wp-json\/wp\/v2\/comments?post=163908"}],"version-history":[{"count":1,"href":"https:\/\/laredsocial-noticias.com\/wp\/wp-json\/wp\/v2\/posts\/163908\/revisions"}],"predecessor-version":[{"id":163909,"href":"https:\/\/laredsocial-noticias.com\/wp\/wp-json\/wp\/v2\/posts\/163908\/revisions\/163909"}],"wp:attachment":[{"href":"https:\/\/laredsocial-noticias.com\/wp\/wp-json\/wp\/v2\/media?parent=163908"}],"wp:term":[{"taxonomy":"category","embeddable":true,"href":"https:\/\/laredsocial-noticias.com\/wp\/wp-json\/wp\/v2\/categories?post=163908"},{"taxonomy":"post_tag","embeddable":true,"href":"https:\/\/laredsocial-noticias.com\/wp\/wp-json\/wp\/v2\/tags?post=163908"}],"curies":[{"name":"wp","href":"https:\/\/api.w.org\/{rel}","templated":true}]}}