{"id":1642,"date":"2015-07-22T23:29:59","date_gmt":"2015-07-22T23:29:59","guid":{"rendered":"http:\/\/laredsocial-noticias.com\/wp\/?p=1642"},"modified":"2015-07-22T23:30:26","modified_gmt":"2015-07-22T23:30:26","slug":"%ef%bb%bf","status":"publish","type":"post","link":"https:\/\/laredsocial-noticias.com\/wp\/%ef%bb%bf\/","title":{"rendered":"\ufeffDESTROZADA IMAGEN DEL EJ\u00c9RCITO POR INTERVENIR EN SEGURIDAD\ufeff"},"content":{"rendered":"<p><strong>SIC Media.- <\/strong>Habitantes de la comunidad de Santa Mar\u00eda Ostula, en Michoac\u00e1n, rechazaron la versi\u00f3n del Gobierno sobre lo que pas\u00f3 el domingo pasado en el poblado, esto al afirmar que los militares s\u00ed dispararon, lo que provoc\u00f3 la muerte de tres personas, dos de ellas menores de edad.<\/p>\n<p>En conferencia de prensa, el jefe de tenencia de la tierra de la comunidad nahua de Ostula, Agust\u00edn Vera, dijo que cerca de las 17 horas lleg\u00f3 un grupo de militares, polic\u00edas estatales y polic\u00edas federales escoltado por un helic\u00f3ptero.<\/p>\n<p>Familiares y amigas sepultaron en el\u00a0 pante\u00f3n de la comunidad n\u00e1huatl de La Ticla. municipio ind\u00edgena de Aquila, Michoac\u00e1n, al ni\u00f1o Idelberlo Reyes, de 12 a\u00f1os de edad, quien muri\u00f3 de un balazo en la cara, el pasado domingo, en un bloqueo carretero. Habitantes y familiares del ni\u00f1o reafirmaron que ese d\u00eda miembros del Ej\u00e9rcito dispararon contra la poblaci\u00f3n que se hallaba en inmediaciones del bloqueo, en Ixtapilla.<\/p>\n<p>Morelia.- Seme\u00ed Verd\u00eda, el l\u00edder de las autodefensas de Aquila detenido el domingo por la Marina, fue recluido en la prisi\u00f3n federal de Tepic, Nayarit, para seguir desde ah\u00ed su proceso penal Ignacio Mendoza, abogado defensor del detenido, confirm\u00f3 el traslado y dijo que ya se est\u00e1n analizando las acciones penales a seguir.\u00a0 HREF<\/p>\n<p>Jos\u00e9 Manuel M\u00edreles, fundador de las autodefensas de Tepalcatepec, recibi\u00f3 un nuevo auto de formal prisi\u00f3n por el delito deportaci\u00f3n de armas de uso exclusivo del Ej\u00e9rcito. En conferencia de prensa, los abogados del doctor de profesi\u00f3n, Tal\u00eda V\u00e1zquez y Salvador Molina, revelaron que el segundo tribunal unitario del d\u00e9cimotercer circuito con sede en Morelia dict\u00f3 la nueva sentencia, por lo que M\u00edreles permanecer\u00e1 recluido en el penal federal de Hermosillo, Sonora.<\/p>\n<p>El coordinador de los senadores del PAN, Femando Herrera, consider\u00f3 \u201clamentable que se sigan presentando en el pa\u00eds hechos que involucran a las fuerzas armadas, como los ocurridos en Calera, Zacatecas, y Ostula, Michoac\u00e1n. Que se haya vuelto una costumbre ver este tipo de actos, que no deben ser el d\u00eda a d\u00eda, sino situaciones excepcionales\u201d.<\/p>\n<p>&nbsp;<\/p>\n","protected":false},"excerpt":{"rendered":"<p>SIC Media.- Habitantes de la comunidad de Santa Mar\u00eda Ostula, en Michoac\u00e1n, rechazaron la versi\u00f3n del Gobierno sobre lo que&#8230;<\/p>\n","protected":false},"author":1,"featured_media":0,"comment_status":"closed","ping_status":"closed","sticky":false,"template":"","format":"gallery","meta":{"footnotes":""},"categories":[1],"tags":[],"class_list":["post-1642","post","type-post","status-publish","format-gallery","hentry","category-uncategorized","post_format-post-format-gallery"],"yoast_head":"<!-- This site is optimized with the Yoast SEO plugin v26.5 - https:\/\/yoast.com\/wordpress\/plugins\/seo\/ -->\n<title>\ufeffDESTROZADA IMAGEN DEL EJ\u00c9RCITO POR INTERVENIR EN SEGURIDAD\ufeff - NOTICIAS<\/title>\n<meta name=\"robots\" content=\"index, follow, max-snippet:-1, max-image-preview:large, max-video-preview:-1\" \/>\n<link rel=\"canonical\" href=\"https:\/\/laredsocial-noticias.com\/wp\/\ufeff\/\" \/>\n<meta property=\"og:locale\" content=\"es_ES\" \/>\n<meta property=\"og:type\" content=\"article\" \/>\n<meta property=\"og:title\" content=\"\ufeffDESTROZADA IMAGEN DEL EJ\u00c9RCITO POR INTERVENIR EN SEGURIDAD\ufeff - NOTICIAS\" \/>\n<meta property=\"og:description\" content=\"SIC Media.- Habitantes de la comunidad de Santa Mar\u00eda Ostula, en Michoac\u00e1n, rechazaron la versi\u00f3n del Gobierno sobre lo que...\" \/>\n<meta property=\"og:url\" content=\"https:\/\/laredsocial-noticias.com\/wp\/\ufeff\/\" \/>\n<meta property=\"og:site_name\" content=\"NOTICIAS\" \/>\n<meta property=\"article:published_time\" content=\"2015-07-22T23:29:59+00:00\" \/>\n<meta property=\"article:modified_time\" content=\"2015-07-22T23:30:26+00:00\" \/>\n<meta name=\"author\" content=\"Editor en Jefe\" \/>\n<meta name=\"twitter:card\" content=\"summary_large_image\" \/>\n<meta name=\"twitter:label1\" content=\"Escrito por\" \/>\n\t<meta name=\"twitter:data1\" content=\"Editor en Jefe\" \/>\n\t<meta name=\"twitter:label2\" content=\"Tiempo de lectura\" \/>\n\t<meta name=\"twitter:data2\" content=\"2 minutos\" \/>\n<!-- \/ Yoast SEO plugin. -->","yoast_head_json":{"title":"\ufeffDESTROZADA IMAGEN DEL EJ\u00c9RCITO POR INTERVENIR EN SEGURIDAD\ufeff - NOTICIAS","robots":{"index":"index","follow":"follow","max-snippet":"max-snippet:-1","max-image-preview":"max-image-preview:large","max-video-preview":"max-video-preview:-1"},"canonical":"https:\/\/laredsocial-noticias.com\/wp\/\ufeff\/","og_locale":"es_ES","og_type":"article","og_title":"\ufeffDESTROZADA IMAGEN DEL EJ\u00c9RCITO POR INTERVENIR EN SEGURIDAD\ufeff - NOTICIAS","og_description":"SIC Media.- Habitantes de la comunidad de Santa Mar\u00eda Ostula, en Michoac\u00e1n, rechazaron la versi\u00f3n del Gobierno sobre lo que...","og_url":"https:\/\/laredsocial-noticias.com\/wp\/\ufeff\/","og_site_name":"NOTICIAS","article_published_time":"2015-07-22T23:29:59+00:00","article_modified_time":"2015-07-22T23:30:26+00:00","author":"Editor en Jefe","twitter_card":"summary_large_image","twitter_misc":{"Escrito por":"Editor en Jefe","Tiempo de lectura":"2 minutos"},"schema":{"@context":"https:\/\/schema.org","@graph":[{"@type":"WebPage","@id":"https:\/\/laredsocial-noticias.com\/wp\/%ef%bb%bf\/","url":"https:\/\/laredsocial-noticias.com\/wp\/%ef%bb%bf\/","name":"\ufeffDESTROZADA IMAGEN DEL EJ\u00c9RCITO POR INTERVENIR EN SEGURIDAD\ufeff - NOTICIAS","isPartOf":{"@id":"https:\/\/laredsocial-noticias.com\/wp\/#website"},"datePublished":"2015-07-22T23:29:59+00:00","dateModified":"2015-07-22T23:30:26+00:00","author":{"@id":"https:\/\/laredsocial-noticias.com\/wp\/#\/schema\/person\/0ce78643f2de7aae6f6ef10e8453a6e0"},"breadcrumb":{"@id":"https:\/\/laredsocial-noticias.com\/wp\/%ef%bb%bf\/#breadcrumb"},"inLanguage":"es","potentialAction":[{"@type":"ReadAction","target":["https:\/\/laredsocial-noticias.com\/wp\/%ef%bb%bf\/"]}]},{"@type":"BreadcrumbList","@id":"https:\/\/laredsocial-noticias.com\/wp\/%ef%bb%bf\/#breadcrumb","itemListElement":[{"@type":"ListItem","position":1,"name":"Portada","item":"https:\/\/laredsocial-noticias.com\/wp\/"},{"@type":"ListItem","position":2,"name":"\ufeffDESTROZADA IMAGEN DEL EJ\u00c9RCITO POR INTERVENIR EN SEGURIDAD\ufeff"}]},{"@type":"WebSite","@id":"https:\/\/laredsocial-noticias.com\/wp\/#website","url":"https:\/\/laredsocial-noticias.com\/wp\/","name":"NOTICIAS","description":"Lo que se ve y se dice en las redes sociales","potentialAction":[{"@type":"SearchAction","target":{"@type":"EntryPoint","urlTemplate":"https:\/\/laredsocial-noticias.com\/wp\/?s={search_term_string}"},"query-input":{"@type":"PropertyValueSpecification","valueRequired":true,"valueName":"search_term_string"}}],"inLanguage":"es"},{"@type":"Person","@id":"https:\/\/laredsocial-noticias.com\/wp\/#\/schema\/person\/0ce78643f2de7aae6f6ef10e8453a6e0","name":"Editor en Jefe","url":"https:\/\/laredsocial-noticias.com\/wp\/author\/jorgeochoa\/"}]}},"_links":{"self":[{"href":"https:\/\/laredsocial-noticias.com\/wp\/wp-json\/wp\/v2\/posts\/1642","targetHints":{"allow":["GET"]}}],"collection":[{"href":"https:\/\/laredsocial-noticias.com\/wp\/wp-json\/wp\/v2\/posts"}],"about":[{"href":"https:\/\/laredsocial-noticias.com\/wp\/wp-json\/wp\/v2\/types\/post"}],"author":[{"embeddable":true,"href":"https:\/\/laredsocial-noticias.com\/wp\/wp-json\/wp\/v2\/users\/1"}],"replies":[{"embeddable":true,"href":"https:\/\/laredsocial-noticias.com\/wp\/wp-json\/wp\/v2\/comments?post=1642"}],"version-history":[{"count":2,"href":"https:\/\/laredsocial-noticias.com\/wp\/wp-json\/wp\/v2\/posts\/1642\/revisions"}],"predecessor-version":[{"id":1644,"href":"https:\/\/laredsocial-noticias.com\/wp\/wp-json\/wp\/v2\/posts\/1642\/revisions\/1644"}],"wp:attachment":[{"href":"https:\/\/laredsocial-noticias.com\/wp\/wp-json\/wp\/v2\/media?parent=1642"}],"wp:term":[{"taxonomy":"category","embeddable":true,"href":"https:\/\/laredsocial-noticias.com\/wp\/wp-json\/wp\/v2\/categories?post=1642"},{"taxonomy":"post_tag","embeddable":true,"href":"https:\/\/laredsocial-noticias.com\/wp\/wp-json\/wp\/v2\/tags?post=1642"}],"curies":[{"name":"wp","href":"https:\/\/api.w.org\/{rel}","templated":true}]}}