{"id":165132,"date":"2022-04-05T17:30:15","date_gmt":"2022-04-05T22:30:15","guid":{"rendered":"https:\/\/laredsocial-noticias.com\/wp\/?p=165132"},"modified":"2022-04-05T16:14:01","modified_gmt":"2022-04-05T21:14:01","slug":"adolfo-cerqueda-se-aferra-a-lujoso-e-irregular-arrendamiento-de-patrullas","status":"publish","type":"post","link":"https:\/\/laredsocial-noticias.com\/wp\/adolfo-cerqueda-se-aferra-a-lujoso-e-irregular-arrendamiento-de-patrullas\/","title":{"rendered":"Adolfo Cerqueda se aferra a lujoso e irregular arrendamiento de patrullas"},"content":{"rendered":"<p>A pesar del enojo ciudadano tras hacerse p\u00fablica la millonaria licitaci\u00f3n de patrullas en el municipio de Nezahualc\u00f3yotl, el presidente municipal Adolfo Cerqueda confirm\u00f3 su intenci\u00f3n de arrendarlas a pesar de la evidencia de un\u00a0favorecimiento para dos empresas fachada\u00a0en beneficio de Jet Van, de Cuauht\u00e9moc Vel\u00e1zquez, empresa inhabilitada por la Secretaria de la Funci\u00f3n P\u00fablica por m\u00faltiples irregularidades.<\/p>\n<p>\u201c<em>Lo que ocurra hacia afuera lo debemos tomar como una retroalimentaci\u00f3n\u2026 y as\u00ed sigan los ataques y mala informaci\u00f3n nos permitir\u00e1 hacer los ajustes necesarios para demostrar que todo lo que estamos haciendo es a favor de la seguridad de la gente<\/em>\u201d, asever\u00f3 Cerqueda Rebollo, quien gobierna\u00a0al segundo municipio con m\u00e1s pobreza\u00a0en los \u00faltimos 5 a\u00f1os, seg\u00fan informes del Consejo Nacional de Evaluaci\u00f3n de la Pol\u00edtica de Desarrollo Social (Coneval).<\/p>\n<p>Vecinos que pidieron el anonimato criticaron que se destinen\u00a0m\u00e1s de 9 millones de pesos mensuales\u00a0a patrullas cuando las necesidades sociales y de infraestructura uno de los municipios m\u00e1s poblados de M\u00e9xico son urgentes para elevar la calidad de vida e impulsar el comercio local.<\/p>\n<p>\u201c<em>El presidente municipal deber\u00eda de gobernar para el pueblo y no servirse de la cuchara grande en un negocio que solo beneficiar\u00e1 a sus proveedores y funcionarios involucrados en esta licitaci\u00f3n que huele a corrupci\u00f3n<\/em>\u201d, afirm\u00f3 una pobladora que confirm\u00f3 la falta de servicios p\u00fablicos b\u00e1sicos en su colonia.<\/p>\n<p>Otro vecino pidi\u00f3 que la Funci\u00f3n P\u00fablica y las autoridades del Estado de M\u00e9xico\u00a0investiguen no s\u00f3lo al alcalde\u00a0sino a su director de Administraci\u00f3n, Jes\u00fas de la Rosa Garc\u00eda, pues \u201c<em>lejos de ver por las problem\u00e1ticas de Nezahualc\u00f3yotl prefieren gastarse nuestro presupuesto en coches de lujo<\/em>\u201d.<\/p>\n<p>Esto tras la informaci\u00f3n del Coneval sobre que en los \u00faltimos 5 a\u00f1os Nezahualc\u00f3yotl fue el segundo municipio que registr\u00f3 mayor incremento en el n\u00famero de personas en situaci\u00f3n de pobreza, tras pasar de 393 mil personas a 523 mil habitantes, por lo que la licitaci\u00f3n es vista por los residentes como un\u00a0jugoso negocio que se quiere mantener en lo oscurito\u00a0pues no se ha presentado ante los \u00f3rganos regulatorios correspondientes.<\/p>\n<p>Tras ser inhabilitada por incumplir diversos contratos con dependencias federales, se descubri\u00f3 que el apoderado legal de Forza Arrendadora Automotriz y Cars &amp; Cars es\u00a0C\u00e9sar Gerardo Matamoros Vargas, quien tambi\u00e9n lo es de la empresa sancionada Jet Van, por lo que se evidencio una simulaci\u00f3n en dicha licitaci\u00f3n, misma que no justifica la erogaci\u00f3n de m\u00e1s de 300 millones de pesos en renta de veh\u00edculos que se pretende en dicho convenio.<\/p>\n<p>Aunque Adolfo Cerqueda dijo en conferencia de prensa que todo lo referente a este contrato estar\u00e1 a disposici\u00f3n de la ciudadan\u00eda, hasta ahorita se ha criticado\u00a0su falta de transparencia\u00a0pues no se ha presentado a revisi\u00f3n a ninguno de los \u00f3rganos de transparencia y rendici\u00f3n de cuentas, y se intent\u00f3 aprobar v\u00eda fast-track en el cabildo municipal, lo que dispar\u00f3 el descontento social.<\/p>\n","protected":false},"excerpt":{"rendered":"<p>A pesar del enojo ciudadano tras hacerse p\u00fablica la millonaria licitaci\u00f3n de patrullas en el municipio de Nezahualc\u00f3yotl, el presidente&#8230;<\/p>\n","protected":false},"author":1,"featured_media":0,"comment_status":"open","ping_status":"closed","sticky":false,"template":"","format":"standard","meta":{"footnotes":""},"categories":[78,6026],"tags":[4959,77],"class_list":["post-165132","post","type-post","status-publish","format-standard","hentry","category-nacional","category-portada","tag-featured","tag-principal"],"yoast_head":"<!-- This site is optimized with the Yoast SEO plugin v26.5 - https:\/\/yoast.com\/wordpress\/plugins\/seo\/ -->\n<title>Adolfo Cerqueda se aferra a lujoso e irregular arrendamiento de patrullas - NOTICIAS<\/title>\n<meta name=\"robots\" content=\"index, follow, max-snippet:-1, max-image-preview:large, max-video-preview:-1\" \/>\n<link rel=\"canonical\" href=\"https:\/\/laredsocial-noticias.com\/wp\/adolfo-cerqueda-se-aferra-a-lujoso-e-irregular-arrendamiento-de-patrullas\/\" \/>\n<meta property=\"og:locale\" content=\"es_ES\" \/>\n<meta property=\"og:type\" content=\"article\" \/>\n<meta property=\"og:title\" content=\"Adolfo Cerqueda se aferra a lujoso e irregular arrendamiento de patrullas - NOTICIAS\" \/>\n<meta property=\"og:description\" content=\"A pesar del enojo ciudadano tras hacerse p\u00fablica la millonaria licitaci\u00f3n de patrullas en el municipio de Nezahualc\u00f3yotl, el presidente...\" \/>\n<meta property=\"og:url\" content=\"https:\/\/laredsocial-noticias.com\/wp\/adolfo-cerqueda-se-aferra-a-lujoso-e-irregular-arrendamiento-de-patrullas\/\" \/>\n<meta property=\"og:site_name\" content=\"NOTICIAS\" \/>\n<meta property=\"article:published_time\" content=\"2022-04-05T22:30:15+00:00\" \/>\n<meta property=\"og:image\" content=\"https:\/\/laredsocial-noticias.com\/wp\/wp-content\/uploads\/2022\/04\/patrullas-Nezahualco\u0301yotl.jpg\" \/>\n\t<meta property=\"og:image:width\" content=\"1280\" \/>\n\t<meta property=\"og:image:height\" content=\"720\" \/>\n\t<meta property=\"og:image:type\" content=\"image\/jpeg\" \/>\n<meta name=\"author\" content=\"Editor en Jefe\" \/>\n<meta name=\"twitter:card\" content=\"summary_large_image\" \/>\n<meta name=\"twitter:label1\" content=\"Escrito por\" \/>\n\t<meta name=\"twitter:data1\" content=\"Editor en Jefe\" \/>\n\t<meta name=\"twitter:label2\" content=\"Tiempo de lectura\" \/>\n\t<meta name=\"twitter:data2\" content=\"3 minutos\" \/>\n<!-- \/ Yoast SEO plugin. -->","yoast_head_json":{"title":"Adolfo Cerqueda se aferra a lujoso e irregular arrendamiento de patrullas - NOTICIAS","robots":{"index":"index","follow":"follow","max-snippet":"max-snippet:-1","max-image-preview":"max-image-preview:large","max-video-preview":"max-video-preview:-1"},"canonical":"https:\/\/laredsocial-noticias.com\/wp\/adolfo-cerqueda-se-aferra-a-lujoso-e-irregular-arrendamiento-de-patrullas\/","og_locale":"es_ES","og_type":"article","og_title":"Adolfo Cerqueda se aferra a lujoso e irregular arrendamiento de patrullas - NOTICIAS","og_description":"A pesar del enojo ciudadano tras hacerse p\u00fablica la millonaria licitaci\u00f3n de patrullas en el municipio de Nezahualc\u00f3yotl, el presidente...","og_url":"https:\/\/laredsocial-noticias.com\/wp\/adolfo-cerqueda-se-aferra-a-lujoso-e-irregular-arrendamiento-de-patrullas\/","og_site_name":"NOTICIAS","article_published_time":"2022-04-05T22:30:15+00:00","og_image":[{"width":1280,"height":720,"url":"https:\/\/laredsocial-noticias.com\/wp\/wp-content\/uploads\/2022\/04\/patrullas-Nezahualco\u0301yotl.jpg","type":"image\/jpeg"}],"author":"Editor en Jefe","twitter_card":"summary_large_image","twitter_misc":{"Escrito por":"Editor en Jefe","Tiempo de lectura":"3 minutos"},"schema":{"@context":"https:\/\/schema.org","@graph":[{"@type":"WebPage","@id":"https:\/\/laredsocial-noticias.com\/wp\/adolfo-cerqueda-se-aferra-a-lujoso-e-irregular-arrendamiento-de-patrullas\/","url":"https:\/\/laredsocial-noticias.com\/wp\/adolfo-cerqueda-se-aferra-a-lujoso-e-irregular-arrendamiento-de-patrullas\/","name":"Adolfo Cerqueda se aferra a lujoso e irregular arrendamiento de patrullas - NOTICIAS","isPartOf":{"@id":"https:\/\/laredsocial-noticias.com\/wp\/#website"},"datePublished":"2022-04-05T22:30:15+00:00","author":{"@id":"https:\/\/laredsocial-noticias.com\/wp\/#\/schema\/person\/0ce78643f2de7aae6f6ef10e8453a6e0"},"breadcrumb":{"@id":"https:\/\/laredsocial-noticias.com\/wp\/adolfo-cerqueda-se-aferra-a-lujoso-e-irregular-arrendamiento-de-patrullas\/#breadcrumb"},"inLanguage":"es","potentialAction":[{"@type":"ReadAction","target":["https:\/\/laredsocial-noticias.com\/wp\/adolfo-cerqueda-se-aferra-a-lujoso-e-irregular-arrendamiento-de-patrullas\/"]}]},{"@type":"BreadcrumbList","@id":"https:\/\/laredsocial-noticias.com\/wp\/adolfo-cerqueda-se-aferra-a-lujoso-e-irregular-arrendamiento-de-patrullas\/#breadcrumb","itemListElement":[{"@type":"ListItem","position":1,"name":"Portada","item":"https:\/\/laredsocial-noticias.com\/wp\/"},{"@type":"ListItem","position":2,"name":"Adolfo Cerqueda se aferra a lujoso e irregular arrendamiento de patrullas"}]},{"@type":"WebSite","@id":"https:\/\/laredsocial-noticias.com\/wp\/#website","url":"https:\/\/laredsocial-noticias.com\/wp\/","name":"NOTICIAS","description":"Lo que se ve y se dice en las redes sociales","potentialAction":[{"@type":"SearchAction","target":{"@type":"EntryPoint","urlTemplate":"https:\/\/laredsocial-noticias.com\/wp\/?s={search_term_string}"},"query-input":{"@type":"PropertyValueSpecification","valueRequired":true,"valueName":"search_term_string"}}],"inLanguage":"es"},{"@type":"Person","@id":"https:\/\/laredsocial-noticias.com\/wp\/#\/schema\/person\/0ce78643f2de7aae6f6ef10e8453a6e0","name":"Editor en Jefe","url":"https:\/\/laredsocial-noticias.com\/wp\/author\/jorgeochoa\/"}]}},"_links":{"self":[{"href":"https:\/\/laredsocial-noticias.com\/wp\/wp-json\/wp\/v2\/posts\/165132","targetHints":{"allow":["GET"]}}],"collection":[{"href":"https:\/\/laredsocial-noticias.com\/wp\/wp-json\/wp\/v2\/posts"}],"about":[{"href":"https:\/\/laredsocial-noticias.com\/wp\/wp-json\/wp\/v2\/types\/post"}],"author":[{"embeddable":true,"href":"https:\/\/laredsocial-noticias.com\/wp\/wp-json\/wp\/v2\/users\/1"}],"replies":[{"embeddable":true,"href":"https:\/\/laredsocial-noticias.com\/wp\/wp-json\/wp\/v2\/comments?post=165132"}],"version-history":[{"count":1,"href":"https:\/\/laredsocial-noticias.com\/wp\/wp-json\/wp\/v2\/posts\/165132\/revisions"}],"predecessor-version":[{"id":165133,"href":"https:\/\/laredsocial-noticias.com\/wp\/wp-json\/wp\/v2\/posts\/165132\/revisions\/165133"}],"wp:attachment":[{"href":"https:\/\/laredsocial-noticias.com\/wp\/wp-json\/wp\/v2\/media?parent=165132"}],"wp:term":[{"taxonomy":"category","embeddable":true,"href":"https:\/\/laredsocial-noticias.com\/wp\/wp-json\/wp\/v2\/categories?post=165132"},{"taxonomy":"post_tag","embeddable":true,"href":"https:\/\/laredsocial-noticias.com\/wp\/wp-json\/wp\/v2\/tags?post=165132"}],"curies":[{"name":"wp","href":"https:\/\/api.w.org\/{rel}","templated":true}]}}