{"id":165388,"date":"2022-04-08T10:30:38","date_gmt":"2022-04-08T15:30:38","guid":{"rendered":"https:\/\/laredsocial-noticias.com\/wp\/?p=165388"},"modified":"2022-04-08T10:54:08","modified_gmt":"2022-04-08T15:54:08","slug":"amlo-esta-contento-por-resolucion-historica-y-patriota-de-la-corte-sobre-ley-electrica","status":"publish","type":"post","link":"https:\/\/laredsocial-noticias.com\/wp\/amlo-esta-contento-por-resolucion-historica-y-patriota-de-la-corte-sobre-ley-electrica\/","title":{"rendered":"AMLO est\u00e1 contento por resoluci\u00f3n \u201chist\u00f3rica\u201d y \u201cpatriota\u201d de la Corte sobre Ley El\u00e9ctrica"},"content":{"rendered":"<p>El presidente,\u00a0Andr\u00e9s Manuel L\u00f3pez Obrador,\u00a0dijo estar contento por la resoluci\u00f3n de la Suprema Corte de Justicia de la Naci\u00f3n (SCJN) para declarar v\u00e1lida la Ley El\u00e9ctrica, porque fue \u201cuna decisi\u00f3n hist\u00f3rica, patriota, en beneficio del pueblo de M\u00e9xico.\u201d<\/p>\n<blockquote class=\"wp-block-quote\"><p>\u201cSe repar\u00f3 el da\u00f1o ayer, se protegi\u00f3 a la gente para que en el futuro no haya abusos de aumentos en las tarifas de la luz; por eso estoy muy contento\u201d, dijo L\u00f3pez Obrador.<\/p><\/blockquote>\n<p>Durante su conferencia matutina,\u00a0el mandatario federal celebr\u00f3 que tras la resoluci\u00f3n de la Corte sobre la Ley El\u00e9ctrica,\u00a0ahora las hidroel\u00e9ctricas van a poder generar energ\u00eda \u201ccon todas sus turbinas y es una infraestructura de la naci\u00f3n\u201d.<\/p>\n<p>En\u00a0Palacio Nacional,\u00a0insisti\u00f3 que con la decisi\u00f3n de los ministros\u00a0\u201cavanzamos mucho, mucho, estoy muy contento, la resoluci\u00f3n en la Corte demuestra que hay un aut\u00e9ntico Estado de Derecho\u201d.<\/p>\n<p>Asegur\u00f3 que con la decisi\u00f3n de la SCJN sobre la constitucionalidad de la iniciativa de la reforma el\u00e9ctrica se rescatar\u00e1 a la CFE y se garantizar\u00e1 no aumentar el precio de la luz.<\/p>\n<blockquote class=\"wp-block-quote\"><p>\u201cCon lo que se logr\u00f3 ayer se nos alivian\u00f3 la carga, podemos rescatar a la CFE y mantener el compromiso de no aumentar el precio de la luz, fue por eso un triunfo\u201d, sostuvo.<\/p><\/blockquote>\n","protected":false},"excerpt":{"rendered":"<p>El presidente,\u00a0Andr\u00e9s Manuel L\u00f3pez Obrador,\u00a0dijo estar contento por la resoluci\u00f3n de la Suprema Corte de Justicia de la Naci\u00f3n (SCJN)&#8230;<\/p>\n","protected":false},"author":1,"featured_media":0,"comment_status":"open","ping_status":"closed","sticky":false,"template":"","format":"standard","meta":{"footnotes":""},"categories":[2801,6026],"tags":[4959,77],"class_list":["post-165388","post","type-post","status-publish","format-standard","hentry","category-politica","category-portada","tag-featured","tag-principal"],"yoast_head":"<!-- This site is optimized with the Yoast SEO plugin v26.5 - https:\/\/yoast.com\/wordpress\/plugins\/seo\/ -->\n<title>AMLO est\u00e1 contento por resoluci\u00f3n \u201chist\u00f3rica\u201d y \u201cpatriota\u201d de la Corte sobre Ley El\u00e9ctrica - NOTICIAS<\/title>\n<meta name=\"robots\" content=\"index, follow, max-snippet:-1, max-image-preview:large, max-video-preview:-1\" \/>\n<link rel=\"canonical\" href=\"https:\/\/laredsocial-noticias.com\/wp\/amlo-esta-contento-por-resolucion-historica-y-patriota-de-la-corte-sobre-ley-electrica\/\" \/>\n<meta property=\"og:locale\" content=\"es_ES\" \/>\n<meta property=\"og:type\" content=\"article\" \/>\n<meta property=\"og:title\" content=\"AMLO est\u00e1 contento por resoluci\u00f3n \u201chist\u00f3rica\u201d y \u201cpatriota\u201d de la Corte sobre Ley El\u00e9ctrica - NOTICIAS\" \/>\n<meta property=\"og:description\" content=\"El presidente,\u00a0Andr\u00e9s Manuel L\u00f3pez Obrador,\u00a0dijo estar contento por la resoluci\u00f3n de la Suprema Corte de Justicia de la Naci\u00f3n (SCJN)...\" \/>\n<meta property=\"og:url\" content=\"https:\/\/laredsocial-noticias.com\/wp\/amlo-esta-contento-por-resolucion-historica-y-patriota-de-la-corte-sobre-ley-electrica\/\" \/>\n<meta property=\"og:site_name\" content=\"NOTICIAS\" \/>\n<meta property=\"article:published_time\" content=\"2022-04-08T15:30:38+00:00\" \/>\n<meta property=\"article:modified_time\" content=\"2022-04-08T15:54:08+00:00\" \/>\n<meta name=\"author\" content=\"Editor en Jefe\" \/>\n<meta name=\"twitter:card\" content=\"summary_large_image\" \/>\n<meta name=\"twitter:label1\" content=\"Escrito por\" \/>\n\t<meta name=\"twitter:data1\" content=\"Editor en Jefe\" \/>\n\t<meta name=\"twitter:label2\" content=\"Tiempo de lectura\" \/>\n\t<meta name=\"twitter:data2\" content=\"1 minuto\" \/>\n<!-- \/ Yoast SEO plugin. -->","yoast_head_json":{"title":"AMLO est\u00e1 contento por resoluci\u00f3n \u201chist\u00f3rica\u201d y \u201cpatriota\u201d de la Corte sobre Ley El\u00e9ctrica - NOTICIAS","robots":{"index":"index","follow":"follow","max-snippet":"max-snippet:-1","max-image-preview":"max-image-preview:large","max-video-preview":"max-video-preview:-1"},"canonical":"https:\/\/laredsocial-noticias.com\/wp\/amlo-esta-contento-por-resolucion-historica-y-patriota-de-la-corte-sobre-ley-electrica\/","og_locale":"es_ES","og_type":"article","og_title":"AMLO est\u00e1 contento por resoluci\u00f3n \u201chist\u00f3rica\u201d y \u201cpatriota\u201d de la Corte sobre Ley El\u00e9ctrica - NOTICIAS","og_description":"El presidente,\u00a0Andr\u00e9s Manuel L\u00f3pez Obrador,\u00a0dijo estar contento por la resoluci\u00f3n de la Suprema Corte de Justicia de la Naci\u00f3n (SCJN)...","og_url":"https:\/\/laredsocial-noticias.com\/wp\/amlo-esta-contento-por-resolucion-historica-y-patriota-de-la-corte-sobre-ley-electrica\/","og_site_name":"NOTICIAS","article_published_time":"2022-04-08T15:30:38+00:00","article_modified_time":"2022-04-08T15:54:08+00:00","author":"Editor en Jefe","twitter_card":"summary_large_image","twitter_misc":{"Escrito por":"Editor en Jefe","Tiempo de lectura":"1 minuto"},"schema":{"@context":"https:\/\/schema.org","@graph":[{"@type":"WebPage","@id":"https:\/\/laredsocial-noticias.com\/wp\/amlo-esta-contento-por-resolucion-historica-y-patriota-de-la-corte-sobre-ley-electrica\/","url":"https:\/\/laredsocial-noticias.com\/wp\/amlo-esta-contento-por-resolucion-historica-y-patriota-de-la-corte-sobre-ley-electrica\/","name":"AMLO est\u00e1 contento por resoluci\u00f3n \u201chist\u00f3rica\u201d y \u201cpatriota\u201d de la Corte sobre Ley El\u00e9ctrica - NOTICIAS","isPartOf":{"@id":"https:\/\/laredsocial-noticias.com\/wp\/#website"},"datePublished":"2022-04-08T15:30:38+00:00","dateModified":"2022-04-08T15:54:08+00:00","author":{"@id":"https:\/\/laredsocial-noticias.com\/wp\/#\/schema\/person\/0ce78643f2de7aae6f6ef10e8453a6e0"},"breadcrumb":{"@id":"https:\/\/laredsocial-noticias.com\/wp\/amlo-esta-contento-por-resolucion-historica-y-patriota-de-la-corte-sobre-ley-electrica\/#breadcrumb"},"inLanguage":"es","potentialAction":[{"@type":"ReadAction","target":["https:\/\/laredsocial-noticias.com\/wp\/amlo-esta-contento-por-resolucion-historica-y-patriota-de-la-corte-sobre-ley-electrica\/"]}]},{"@type":"BreadcrumbList","@id":"https:\/\/laredsocial-noticias.com\/wp\/amlo-esta-contento-por-resolucion-historica-y-patriota-de-la-corte-sobre-ley-electrica\/#breadcrumb","itemListElement":[{"@type":"ListItem","position":1,"name":"Portada","item":"https:\/\/laredsocial-noticias.com\/wp\/"},{"@type":"ListItem","position":2,"name":"AMLO est\u00e1 contento por resoluci\u00f3n \u201chist\u00f3rica\u201d y \u201cpatriota\u201d de la Corte sobre Ley El\u00e9ctrica"}]},{"@type":"WebSite","@id":"https:\/\/laredsocial-noticias.com\/wp\/#website","url":"https:\/\/laredsocial-noticias.com\/wp\/","name":"NOTICIAS","description":"Lo que se ve y se dice en las redes sociales","potentialAction":[{"@type":"SearchAction","target":{"@type":"EntryPoint","urlTemplate":"https:\/\/laredsocial-noticias.com\/wp\/?s={search_term_string}"},"query-input":{"@type":"PropertyValueSpecification","valueRequired":true,"valueName":"search_term_string"}}],"inLanguage":"es"},{"@type":"Person","@id":"https:\/\/laredsocial-noticias.com\/wp\/#\/schema\/person\/0ce78643f2de7aae6f6ef10e8453a6e0","name":"Editor en Jefe","url":"https:\/\/laredsocial-noticias.com\/wp\/author\/jorgeochoa\/"}]}},"_links":{"self":[{"href":"https:\/\/laredsocial-noticias.com\/wp\/wp-json\/wp\/v2\/posts\/165388","targetHints":{"allow":["GET"]}}],"collection":[{"href":"https:\/\/laredsocial-noticias.com\/wp\/wp-json\/wp\/v2\/posts"}],"about":[{"href":"https:\/\/laredsocial-noticias.com\/wp\/wp-json\/wp\/v2\/types\/post"}],"author":[{"embeddable":true,"href":"https:\/\/laredsocial-noticias.com\/wp\/wp-json\/wp\/v2\/users\/1"}],"replies":[{"embeddable":true,"href":"https:\/\/laredsocial-noticias.com\/wp\/wp-json\/wp\/v2\/comments?post=165388"}],"version-history":[{"count":1,"href":"https:\/\/laredsocial-noticias.com\/wp\/wp-json\/wp\/v2\/posts\/165388\/revisions"}],"predecessor-version":[{"id":165389,"href":"https:\/\/laredsocial-noticias.com\/wp\/wp-json\/wp\/v2\/posts\/165388\/revisions\/165389"}],"wp:attachment":[{"href":"https:\/\/laredsocial-noticias.com\/wp\/wp-json\/wp\/v2\/media?parent=165388"}],"wp:term":[{"taxonomy":"category","embeddable":true,"href":"https:\/\/laredsocial-noticias.com\/wp\/wp-json\/wp\/v2\/categories?post=165388"},{"taxonomy":"post_tag","embeddable":true,"href":"https:\/\/laredsocial-noticias.com\/wp\/wp-json\/wp\/v2\/tags?post=165388"}],"curies":[{"name":"wp","href":"https:\/\/api.w.org\/{rel}","templated":true}]}}