{"id":165400,"date":"2022-04-08T12:30:47","date_gmt":"2022-04-08T17:30:47","guid":{"rendered":"https:\/\/laredsocial-noticias.com\/wp\/?p=165400"},"modified":"2022-04-08T11:01:24","modified_gmt":"2022-04-08T16:01:24","slug":"cae-el-tercer-ladron-que-participo-en-asalto-a-combi-en-la-mexico-puebla","status":"publish","type":"post","link":"https:\/\/laredsocial-noticias.com\/wp\/cae-el-tercer-ladron-que-participo-en-asalto-a-combi-en-la-mexico-puebla\/","title":{"rendered":"Cae el tercer ladr\u00f3n que particip\u00f3 en asalto a combi en la M\u00e9xico-Puebla"},"content":{"rendered":"<p>La Fiscal\u00eda General de Justicia del Estado de M\u00e9xico (FGJEM) confirm\u00f3 la detenci\u00f3n de Cristopher \u201cN\u201d, uno de los tres ladrones que participaron en un\u00a0violento asalto a los pasajeros de una combi de transporte p\u00fablico sobre la carretera\u00a0M\u00e9xico-Puebla, donde un usuario de 18 a\u00f1os de edad perdi\u00f3 la vida.<\/p>\n<p>De acuerdo con la informaci\u00f3n, el detenido fue identificado tras la difusi\u00f3n del video de los hechos ocurridos la noche del 19 de marzo, a la altura del municipio de Los Reyes La Paz, en el Estado de M\u00e9xico.<\/p>\n<p>La fiscal\u00eda estatal detall\u00f3 que Cristopher \u201cN\u201d fue detenido en el municipio de Nezahualc\u00f3yotl, tras cumplimentar la orden de aprehensi\u00f3n en su contra por su presunta participaci\u00f3n en el delito de robo con agravante de causar la muerte. Esto, luego de que Gabriel, uno de los pasajeros que viajaban en la combi, perdi\u00f3 la vida tras recibir un disparo de arma de fuego al oponerse al asalto.<\/p>\n<h2 id=\"h-los-hechos\">Los hechos<\/h2>\n<p>Este asalto fue captado por c\u00e1maras de seguridad instaladas al interior de la unidad que circulaba sobre la M\u00e9xico-Puebla, y en el video se observa la cabina de pasajeros completamente llena de personas a bordo, entre ellas tres sujetos que se hac\u00edan pasar por pasajeros, entre ellos, Cristopher.<\/p>\n<p>De manera coordinada, los tres hombres se levantan de sus asientos y unos de ellos saca un arma de fuego, mientras los otros comienzan a gritar y amenazar a los usuarios para despojarlos de sus pertenencias.<\/p>\n<p>Entre gritos y empujones, un usuario de 18 a\u00f1os, identificado como Gabriel, comienza a forcejear con Cristopher a fin de oponerse al asalto, lo que provoc\u00f3 que su complice le disparara en la mejilla.<\/p>\n<p>Dicha situaci\u00f3n alter\u00f3 a los delincuentes y a las personas a bordo, por lo que los ladrones piden al chofer detener la unidad para bajar, sin embargo, el operador de la combi hace caso omiso y acelera su marcha. Ante tal desesperaci\u00f3n, los tres delincuentes se avientan desde la unidad en movimiento.<\/p>\n<p>Tras aventarse de la unidad, uno de los delincuentes perdi\u00f3 la vida al caer, mientras que otro result\u00f3 gravemente lesionado, por lo que pudo ser detenido.<\/p>\n<p>En tanto, Cristopher fue el \u00fanico que logr\u00f3 darse a la fuga, sin embargo, 12 d\u00edas despu\u00e9s de que ocurrieran los hechos fue detenido.<\/p>\n","protected":false},"excerpt":{"rendered":"<p>La Fiscal\u00eda General de Justicia del Estado de M\u00e9xico (FGJEM) confirm\u00f3 la detenci\u00f3n de Cristopher \u201cN\u201d, uno de los tres&#8230;<\/p>\n","protected":false},"author":1,"featured_media":0,"comment_status":"open","ping_status":"closed","sticky":false,"template":"","format":"standard","meta":{"footnotes":""},"categories":[2379,78,6026],"tags":[4959,77],"class_list":["post-165400","post","type-post","status-publish","format-standard","hentry","category-estados-2","category-nacional","category-portada","tag-featured","tag-principal"],"yoast_head":"<!-- This site is optimized with the Yoast SEO plugin v26.5 - https:\/\/yoast.com\/wordpress\/plugins\/seo\/ -->\n<title>Cae el tercer ladr\u00f3n que particip\u00f3 en asalto a combi en la M\u00e9xico-Puebla - NOTICIAS<\/title>\n<meta name=\"robots\" content=\"index, follow, max-snippet:-1, max-image-preview:large, max-video-preview:-1\" \/>\n<link rel=\"canonical\" href=\"https:\/\/laredsocial-noticias.com\/wp\/cae-el-tercer-ladron-que-participo-en-asalto-a-combi-en-la-mexico-puebla\/\" \/>\n<meta property=\"og:locale\" content=\"es_ES\" \/>\n<meta property=\"og:type\" content=\"article\" \/>\n<meta property=\"og:title\" content=\"Cae el tercer ladr\u00f3n que particip\u00f3 en asalto a combi en la M\u00e9xico-Puebla - NOTICIAS\" \/>\n<meta property=\"og:description\" content=\"La Fiscal\u00eda General de Justicia del Estado de M\u00e9xico (FGJEM) confirm\u00f3 la detenci\u00f3n de Cristopher \u201cN\u201d, uno de los tres...\" \/>\n<meta property=\"og:url\" content=\"https:\/\/laredsocial-noticias.com\/wp\/cae-el-tercer-ladron-que-participo-en-asalto-a-combi-en-la-mexico-puebla\/\" \/>\n<meta property=\"og:site_name\" content=\"NOTICIAS\" \/>\n<meta property=\"article:published_time\" content=\"2022-04-08T17:30:47+00:00\" \/>\n<meta property=\"og:image\" content=\"https:\/\/laredsocial-noticias.com\/wp\/wp-content\/uploads\/2022\/04\/asalto-Mexico-Puebla.jpg\" \/>\n\t<meta property=\"og:image:width\" content=\"1280\" \/>\n\t<meta property=\"og:image:height\" content=\"720\" \/>\n\t<meta property=\"og:image:type\" content=\"image\/jpeg\" \/>\n<meta name=\"author\" content=\"Editor en Jefe\" \/>\n<meta name=\"twitter:card\" content=\"summary_large_image\" \/>\n<meta name=\"twitter:label1\" content=\"Escrito por\" \/>\n\t<meta name=\"twitter:data1\" content=\"Editor en Jefe\" \/>\n\t<meta name=\"twitter:label2\" content=\"Tiempo de lectura\" \/>\n\t<meta name=\"twitter:data2\" content=\"2 minutos\" \/>\n<!-- \/ Yoast SEO plugin. -->","yoast_head_json":{"title":"Cae el tercer ladr\u00f3n que particip\u00f3 en asalto a combi en la M\u00e9xico-Puebla - NOTICIAS","robots":{"index":"index","follow":"follow","max-snippet":"max-snippet:-1","max-image-preview":"max-image-preview:large","max-video-preview":"max-video-preview:-1"},"canonical":"https:\/\/laredsocial-noticias.com\/wp\/cae-el-tercer-ladron-que-participo-en-asalto-a-combi-en-la-mexico-puebla\/","og_locale":"es_ES","og_type":"article","og_title":"Cae el tercer ladr\u00f3n que particip\u00f3 en asalto a combi en la M\u00e9xico-Puebla - NOTICIAS","og_description":"La Fiscal\u00eda General de Justicia del Estado de M\u00e9xico (FGJEM) confirm\u00f3 la detenci\u00f3n de Cristopher \u201cN\u201d, uno de los tres...","og_url":"https:\/\/laredsocial-noticias.com\/wp\/cae-el-tercer-ladron-que-participo-en-asalto-a-combi-en-la-mexico-puebla\/","og_site_name":"NOTICIAS","article_published_time":"2022-04-08T17:30:47+00:00","og_image":[{"width":1280,"height":720,"url":"https:\/\/laredsocial-noticias.com\/wp\/wp-content\/uploads\/2022\/04\/asalto-Mexico-Puebla.jpg","type":"image\/jpeg"}],"author":"Editor en Jefe","twitter_card":"summary_large_image","twitter_misc":{"Escrito por":"Editor en Jefe","Tiempo de lectura":"2 minutos"},"schema":{"@context":"https:\/\/schema.org","@graph":[{"@type":"WebPage","@id":"https:\/\/laredsocial-noticias.com\/wp\/cae-el-tercer-ladron-que-participo-en-asalto-a-combi-en-la-mexico-puebla\/","url":"https:\/\/laredsocial-noticias.com\/wp\/cae-el-tercer-ladron-que-participo-en-asalto-a-combi-en-la-mexico-puebla\/","name":"Cae el tercer ladr\u00f3n que particip\u00f3 en asalto a combi en la M\u00e9xico-Puebla - NOTICIAS","isPartOf":{"@id":"https:\/\/laredsocial-noticias.com\/wp\/#website"},"datePublished":"2022-04-08T17:30:47+00:00","author":{"@id":"https:\/\/laredsocial-noticias.com\/wp\/#\/schema\/person\/0ce78643f2de7aae6f6ef10e8453a6e0"},"breadcrumb":{"@id":"https:\/\/laredsocial-noticias.com\/wp\/cae-el-tercer-ladron-que-participo-en-asalto-a-combi-en-la-mexico-puebla\/#breadcrumb"},"inLanguage":"es","potentialAction":[{"@type":"ReadAction","target":["https:\/\/laredsocial-noticias.com\/wp\/cae-el-tercer-ladron-que-participo-en-asalto-a-combi-en-la-mexico-puebla\/"]}]},{"@type":"BreadcrumbList","@id":"https:\/\/laredsocial-noticias.com\/wp\/cae-el-tercer-ladron-que-participo-en-asalto-a-combi-en-la-mexico-puebla\/#breadcrumb","itemListElement":[{"@type":"ListItem","position":1,"name":"Portada","item":"https:\/\/laredsocial-noticias.com\/wp\/"},{"@type":"ListItem","position":2,"name":"Cae el tercer ladr\u00f3n que particip\u00f3 en asalto a combi en la M\u00e9xico-Puebla"}]},{"@type":"WebSite","@id":"https:\/\/laredsocial-noticias.com\/wp\/#website","url":"https:\/\/laredsocial-noticias.com\/wp\/","name":"NOTICIAS","description":"Lo que se ve y se dice en las redes sociales","potentialAction":[{"@type":"SearchAction","target":{"@type":"EntryPoint","urlTemplate":"https:\/\/laredsocial-noticias.com\/wp\/?s={search_term_string}"},"query-input":{"@type":"PropertyValueSpecification","valueRequired":true,"valueName":"search_term_string"}}],"inLanguage":"es"},{"@type":"Person","@id":"https:\/\/laredsocial-noticias.com\/wp\/#\/schema\/person\/0ce78643f2de7aae6f6ef10e8453a6e0","name":"Editor en Jefe","url":"https:\/\/laredsocial-noticias.com\/wp\/author\/jorgeochoa\/"}]}},"_links":{"self":[{"href":"https:\/\/laredsocial-noticias.com\/wp\/wp-json\/wp\/v2\/posts\/165400","targetHints":{"allow":["GET"]}}],"collection":[{"href":"https:\/\/laredsocial-noticias.com\/wp\/wp-json\/wp\/v2\/posts"}],"about":[{"href":"https:\/\/laredsocial-noticias.com\/wp\/wp-json\/wp\/v2\/types\/post"}],"author":[{"embeddable":true,"href":"https:\/\/laredsocial-noticias.com\/wp\/wp-json\/wp\/v2\/users\/1"}],"replies":[{"embeddable":true,"href":"https:\/\/laredsocial-noticias.com\/wp\/wp-json\/wp\/v2\/comments?post=165400"}],"version-history":[{"count":1,"href":"https:\/\/laredsocial-noticias.com\/wp\/wp-json\/wp\/v2\/posts\/165400\/revisions"}],"predecessor-version":[{"id":165401,"href":"https:\/\/laredsocial-noticias.com\/wp\/wp-json\/wp\/v2\/posts\/165400\/revisions\/165401"}],"wp:attachment":[{"href":"https:\/\/laredsocial-noticias.com\/wp\/wp-json\/wp\/v2\/media?parent=165400"}],"wp:term":[{"taxonomy":"category","embeddable":true,"href":"https:\/\/laredsocial-noticias.com\/wp\/wp-json\/wp\/v2\/categories?post=165400"},{"taxonomy":"post_tag","embeddable":true,"href":"https:\/\/laredsocial-noticias.com\/wp\/wp-json\/wp\/v2\/tags?post=165400"}],"curies":[{"name":"wp","href":"https:\/\/api.w.org\/{rel}","templated":true}]}}