{"id":165441,"date":"2022-04-08T18:00:58","date_gmt":"2022-04-08T23:00:58","guid":{"rendered":"https:\/\/laredsocial-noticias.com\/wp\/?p=165441"},"modified":"2022-04-08T15:47:17","modified_gmt":"2022-04-08T20:47:17","slug":"permanecen-10-personas-hospitalizadas-por-accidente-en-reforma-semovi","status":"publish","type":"post","link":"https:\/\/laredsocial-noticias.com\/wp\/permanecen-10-personas-hospitalizadas-por-accidente-en-reforma-semovi\/","title":{"rendered":"Permanecen 10 personas hospitalizadas por accidente en Reforma: Semovi"},"content":{"rendered":"<p>Luego del choque entre un cami\u00f3n de pasajeros y una unidad del Metrob\u00fas en Paseo de la Reforma, registrado el jueves, a\u00fan permanecen 10 personas hospitalizadas, inform\u00f3 el secretario de Movilidad capitalino,\u00a0Andr\u00e9s Lajous.<\/p>\n<p>En conferencia de prensa, el funcionario detall\u00f3 que se dieron 88 atenciones m\u00e9dicas prehospitalarias, 78 de las cuales fueron ingresadas de manera preventiva a diferentes hospitales.<\/p>\n<p>De las 10 personas que permanecen hospitalizadas, dijo que en todos los casos son observaci\u00f3n.<\/p>\n<p>\u201cPidieron los m\u00e9dicos que se mantuvieran en observaci\u00f3n, no es que tengan una lesi\u00f3n aparente grave y algunas personas que requieran alguna intervenci\u00f3n m\u00e9dica tambi\u00e9n se mantienen hospitalizadas, pero en ning\u00fan caso est\u00e1 en riesgo la vida de las personas\u201d, asegur\u00f3.<\/p>\n<p>Precis\u00f3 que cinco de los pacientes se encuentran en el hospital de San \u00c1ngel Inn, dos en la Cruz Roja, uno en DIOMED, uno m\u00e1s en \u00c1lvaro Obreg\u00f3n y uno en Mocel.<\/p>\n<p>El secretario se\u00f1al\u00f3 que los gastos m\u00e9dicos corren a cargo de la aseguradora AFIRME.<\/p>\n<p>\u201cDesde el d\u00eda de ayer, estuvo presente en el lugar del accidente el director General del Metrob\u00fas, y la directora general del ORT se fueron a los dos hospitales principales que fueron Cruz Roja y DOMED, ah\u00ed atendieron a los pacientes y a sus familiares donde se les dio certidumbre de que la aseguradora AFIRME cubrir\u00eda todos los gastos y as\u00ed se ha hecho, ninguna persona han tenido que desembolsar gastos directamente\u201d, dijo.<\/p>\n<p>Por otro lado, expuso que a partir de este viernes comenz\u00f3 la suspensi\u00f3n del corredor de transporte\u00a0ATROLSA, el cual estar\u00e1 fuera de servicio durante 30 d\u00edas en su ramal\u00a0Chapultepec\u2013Palmas.<\/p>\n<p>Con el fin de no afectar la movilidad de los ciudadanos se destinar\u00e1n18 unidades de RTP al servicio de la ciudadan\u00eda y tendr\u00e1 el mismo costo 7 pesos.<\/p>\n","protected":false},"excerpt":{"rendered":"<p>Luego del choque entre un cami\u00f3n de pasajeros y una unidad del Metrob\u00fas en Paseo de la Reforma, registrado el&#8230;<\/p>\n","protected":false},"author":1,"featured_media":0,"comment_status":"open","ping_status":"closed","sticky":false,"template":"","format":"standard","meta":{"footnotes":""},"categories":[91,6026],"tags":[261,1469,4959,77],"class_list":["post-165441","post","type-post","status-publish","format-standard","hentry","category-cdmx","category-portada","tag-cdmx","tag-ciudad-de-mexico","tag-featured","tag-principal"],"yoast_head":"<!-- This site is optimized with the Yoast SEO plugin v26.5 - https:\/\/yoast.com\/wordpress\/plugins\/seo\/ -->\n<title>Permanecen 10 personas hospitalizadas por accidente en Reforma: Semovi - NOTICIAS<\/title>\n<meta name=\"robots\" content=\"index, follow, max-snippet:-1, max-image-preview:large, max-video-preview:-1\" \/>\n<link rel=\"canonical\" href=\"https:\/\/laredsocial-noticias.com\/wp\/permanecen-10-personas-hospitalizadas-por-accidente-en-reforma-semovi\/\" \/>\n<meta property=\"og:locale\" content=\"es_ES\" \/>\n<meta property=\"og:type\" content=\"article\" \/>\n<meta property=\"og:title\" content=\"Permanecen 10 personas hospitalizadas por accidente en Reforma: Semovi - NOTICIAS\" \/>\n<meta property=\"og:description\" content=\"Luego del choque entre un cami\u00f3n de pasajeros y una unidad del Metrob\u00fas en Paseo de la Reforma, registrado el...\" \/>\n<meta property=\"og:url\" content=\"https:\/\/laredsocial-noticias.com\/wp\/permanecen-10-personas-hospitalizadas-por-accidente-en-reforma-semovi\/\" \/>\n<meta property=\"og:site_name\" content=\"NOTICIAS\" \/>\n<meta property=\"article:published_time\" content=\"2022-04-08T23:00:58+00:00\" \/>\n<meta property=\"og:image\" content=\"https:\/\/laredsocial-noticias.com\/wp\/wp-content\/uploads\/2022\/04\/accidente-Reforma.jpg\" \/>\n\t<meta property=\"og:image:width\" content=\"1280\" \/>\n\t<meta property=\"og:image:height\" content=\"720\" \/>\n\t<meta property=\"og:image:type\" content=\"image\/jpeg\" \/>\n<meta name=\"author\" content=\"Editor en Jefe\" \/>\n<meta name=\"twitter:card\" content=\"summary_large_image\" \/>\n<meta name=\"twitter:label1\" content=\"Escrito por\" \/>\n\t<meta name=\"twitter:data1\" content=\"Editor en Jefe\" \/>\n\t<meta name=\"twitter:label2\" content=\"Tiempo de lectura\" \/>\n\t<meta name=\"twitter:data2\" content=\"2 minutos\" \/>\n<!-- \/ Yoast SEO plugin. -->","yoast_head_json":{"title":"Permanecen 10 personas hospitalizadas por accidente en Reforma: Semovi - NOTICIAS","robots":{"index":"index","follow":"follow","max-snippet":"max-snippet:-1","max-image-preview":"max-image-preview:large","max-video-preview":"max-video-preview:-1"},"canonical":"https:\/\/laredsocial-noticias.com\/wp\/permanecen-10-personas-hospitalizadas-por-accidente-en-reforma-semovi\/","og_locale":"es_ES","og_type":"article","og_title":"Permanecen 10 personas hospitalizadas por accidente en Reforma: Semovi - NOTICIAS","og_description":"Luego del choque entre un cami\u00f3n de pasajeros y una unidad del Metrob\u00fas en Paseo de la Reforma, registrado el...","og_url":"https:\/\/laredsocial-noticias.com\/wp\/permanecen-10-personas-hospitalizadas-por-accidente-en-reforma-semovi\/","og_site_name":"NOTICIAS","article_published_time":"2022-04-08T23:00:58+00:00","og_image":[{"width":1280,"height":720,"url":"https:\/\/laredsocial-noticias.com\/wp\/wp-content\/uploads\/2022\/04\/accidente-Reforma.jpg","type":"image\/jpeg"}],"author":"Editor en Jefe","twitter_card":"summary_large_image","twitter_misc":{"Escrito por":"Editor en Jefe","Tiempo de lectura":"2 minutos"},"schema":{"@context":"https:\/\/schema.org","@graph":[{"@type":"WebPage","@id":"https:\/\/laredsocial-noticias.com\/wp\/permanecen-10-personas-hospitalizadas-por-accidente-en-reforma-semovi\/","url":"https:\/\/laredsocial-noticias.com\/wp\/permanecen-10-personas-hospitalizadas-por-accidente-en-reforma-semovi\/","name":"Permanecen 10 personas hospitalizadas por accidente en Reforma: Semovi - NOTICIAS","isPartOf":{"@id":"https:\/\/laredsocial-noticias.com\/wp\/#website"},"datePublished":"2022-04-08T23:00:58+00:00","author":{"@id":"https:\/\/laredsocial-noticias.com\/wp\/#\/schema\/person\/0ce78643f2de7aae6f6ef10e8453a6e0"},"breadcrumb":{"@id":"https:\/\/laredsocial-noticias.com\/wp\/permanecen-10-personas-hospitalizadas-por-accidente-en-reforma-semovi\/#breadcrumb"},"inLanguage":"es","potentialAction":[{"@type":"ReadAction","target":["https:\/\/laredsocial-noticias.com\/wp\/permanecen-10-personas-hospitalizadas-por-accidente-en-reforma-semovi\/"]}]},{"@type":"BreadcrumbList","@id":"https:\/\/laredsocial-noticias.com\/wp\/permanecen-10-personas-hospitalizadas-por-accidente-en-reforma-semovi\/#breadcrumb","itemListElement":[{"@type":"ListItem","position":1,"name":"Portada","item":"https:\/\/laredsocial-noticias.com\/wp\/"},{"@type":"ListItem","position":2,"name":"Permanecen 10 personas hospitalizadas por accidente en Reforma: Semovi"}]},{"@type":"WebSite","@id":"https:\/\/laredsocial-noticias.com\/wp\/#website","url":"https:\/\/laredsocial-noticias.com\/wp\/","name":"NOTICIAS","description":"Lo que se ve y se dice en las redes sociales","potentialAction":[{"@type":"SearchAction","target":{"@type":"EntryPoint","urlTemplate":"https:\/\/laredsocial-noticias.com\/wp\/?s={search_term_string}"},"query-input":{"@type":"PropertyValueSpecification","valueRequired":true,"valueName":"search_term_string"}}],"inLanguage":"es"},{"@type":"Person","@id":"https:\/\/laredsocial-noticias.com\/wp\/#\/schema\/person\/0ce78643f2de7aae6f6ef10e8453a6e0","name":"Editor en Jefe","url":"https:\/\/laredsocial-noticias.com\/wp\/author\/jorgeochoa\/"}]}},"_links":{"self":[{"href":"https:\/\/laredsocial-noticias.com\/wp\/wp-json\/wp\/v2\/posts\/165441","targetHints":{"allow":["GET"]}}],"collection":[{"href":"https:\/\/laredsocial-noticias.com\/wp\/wp-json\/wp\/v2\/posts"}],"about":[{"href":"https:\/\/laredsocial-noticias.com\/wp\/wp-json\/wp\/v2\/types\/post"}],"author":[{"embeddable":true,"href":"https:\/\/laredsocial-noticias.com\/wp\/wp-json\/wp\/v2\/users\/1"}],"replies":[{"embeddable":true,"href":"https:\/\/laredsocial-noticias.com\/wp\/wp-json\/wp\/v2\/comments?post=165441"}],"version-history":[{"count":1,"href":"https:\/\/laredsocial-noticias.com\/wp\/wp-json\/wp\/v2\/posts\/165441\/revisions"}],"predecessor-version":[{"id":165442,"href":"https:\/\/laredsocial-noticias.com\/wp\/wp-json\/wp\/v2\/posts\/165441\/revisions\/165442"}],"wp:attachment":[{"href":"https:\/\/laredsocial-noticias.com\/wp\/wp-json\/wp\/v2\/media?parent=165441"}],"wp:term":[{"taxonomy":"category","embeddable":true,"href":"https:\/\/laredsocial-noticias.com\/wp\/wp-json\/wp\/v2\/categories?post=165441"},{"taxonomy":"post_tag","embeddable":true,"href":"https:\/\/laredsocial-noticias.com\/wp\/wp-json\/wp\/v2\/tags?post=165441"}],"curies":[{"name":"wp","href":"https:\/\/api.w.org\/{rel}","templated":true}]}}