{"id":165494,"date":"2022-04-10T15:00:52","date_gmt":"2022-04-10T20:00:52","guid":{"rendered":"https:\/\/laredsocial-noticias.com\/wp\/?p=165494"},"modified":"2022-04-10T14:59:20","modified_gmt":"2022-04-10T19:59:20","slug":"viva-zapata-asi-voto-amlo-en-la-revocacion-de-mandato","status":"publish","type":"post","link":"https:\/\/laredsocial-noticias.com\/wp\/viva-zapata-asi-voto-amlo-en-la-revocacion-de-mandato\/","title":{"rendered":"\u201c\u00a1Viva Zapata!\u201d, as\u00ed vot\u00f3 AMLO en la Revocaci\u00f3n de Mandato"},"content":{"rendered":"<p>Tal y como lo adelant\u00f3, el presidente Andr\u00e9s Manuel L\u00f3pez Obrador escribi\u00f3 en su boleta \u201c\u00a1Viva Zapata!\u201d, lo que representa un voto nulo.<\/p>\n<p>Al participar en la consulta popular de Revocaci\u00f3n de Mandato, el mandatario mostr\u00f3 su boleta de la consulta previo a introducirla a la urna.<\/p>\n<p>El pasado martes, durante su conferencia matutina L\u00f3pez Obrador hab\u00eda informado que no votar\u00eda para que se le revoque el mandato, pero en su lugar pondr\u00eda la frase \u201c\u00a1Viva Emiliano Zapata!\u201d.<\/p>\n<p>Esto debido a que este domingo se cumplen 105 a\u00f1os del asesinato del general Zapata, por lo que aprovech\u00f3 para recordarlo en sus rede sociales.<\/p>\n<p>El titular del Ejecutivo acudi\u00f3 a votar acompa\u00f1ado de su esposa Beatriz Guti\u00e9rrez M\u00fcller.<\/p>\n<p>Al salir de votar, el presidente indic\u00f3 que \u201cel pueblo es el que manda, que el pueblo pone y el pueblo quita\u201d.<\/p>\n","protected":false},"excerpt":{"rendered":"<p>Tal y como lo adelant\u00f3, el presidente Andr\u00e9s Manuel L\u00f3pez Obrador escribi\u00f3 en su boleta \u201c\u00a1Viva Zapata!\u201d, lo que representa&#8230;<\/p>\n","protected":false},"author":1,"featured_media":0,"comment_status":"open","ping_status":"closed","sticky":false,"template":"","format":"standard","meta":{"footnotes":""},"categories":[2801,6026],"tags":[4959,77],"class_list":["post-165494","post","type-post","status-publish","format-standard","hentry","category-politica","category-portada","tag-featured","tag-principal"],"yoast_head":"<!-- This site is optimized with the Yoast SEO plugin v26.5 - https:\/\/yoast.com\/wordpress\/plugins\/seo\/ -->\n<title>\u201c\u00a1Viva Zapata!\u201d, as\u00ed vot\u00f3 AMLO en la Revocaci\u00f3n de Mandato - NOTICIAS<\/title>\n<meta name=\"robots\" content=\"index, follow, max-snippet:-1, max-image-preview:large, max-video-preview:-1\" \/>\n<link rel=\"canonical\" href=\"https:\/\/laredsocial-noticias.com\/wp\/viva-zapata-asi-voto-amlo-en-la-revocacion-de-mandato\/\" \/>\n<meta property=\"og:locale\" content=\"es_ES\" \/>\n<meta property=\"og:type\" content=\"article\" \/>\n<meta property=\"og:title\" content=\"\u201c\u00a1Viva Zapata!\u201d, as\u00ed vot\u00f3 AMLO en la Revocaci\u00f3n de Mandato - NOTICIAS\" \/>\n<meta property=\"og:description\" content=\"Tal y como lo adelant\u00f3, el presidente Andr\u00e9s Manuel L\u00f3pez Obrador escribi\u00f3 en su boleta \u201c\u00a1Viva Zapata!\u201d, lo que representa...\" \/>\n<meta property=\"og:url\" content=\"https:\/\/laredsocial-noticias.com\/wp\/viva-zapata-asi-voto-amlo-en-la-revocacion-de-mandato\/\" \/>\n<meta property=\"og:site_name\" content=\"NOTICIAS\" \/>\n<meta property=\"article:published_time\" content=\"2022-04-10T20:00:52+00:00\" \/>\n<meta property=\"og:image\" content=\"https:\/\/laredsocial-noticias.com\/wp\/wp-content\/uploads\/2022\/04\/Viva-Zapata.jpg\" \/>\n\t<meta property=\"og:image:width\" content=\"1280\" \/>\n\t<meta property=\"og:image:height\" content=\"720\" \/>\n\t<meta property=\"og:image:type\" content=\"image\/jpeg\" \/>\n<meta name=\"author\" content=\"Editor en Jefe\" \/>\n<meta name=\"twitter:card\" content=\"summary_large_image\" \/>\n<meta name=\"twitter:label1\" content=\"Escrito por\" \/>\n\t<meta name=\"twitter:data1\" content=\"Editor en Jefe\" \/>\n\t<meta name=\"twitter:label2\" content=\"Tiempo de lectura\" \/>\n\t<meta name=\"twitter:data2\" content=\"1 minuto\" \/>\n<!-- \/ Yoast SEO plugin. -->","yoast_head_json":{"title":"\u201c\u00a1Viva Zapata!\u201d, as\u00ed vot\u00f3 AMLO en la Revocaci\u00f3n de Mandato - NOTICIAS","robots":{"index":"index","follow":"follow","max-snippet":"max-snippet:-1","max-image-preview":"max-image-preview:large","max-video-preview":"max-video-preview:-1"},"canonical":"https:\/\/laredsocial-noticias.com\/wp\/viva-zapata-asi-voto-amlo-en-la-revocacion-de-mandato\/","og_locale":"es_ES","og_type":"article","og_title":"\u201c\u00a1Viva Zapata!\u201d, as\u00ed vot\u00f3 AMLO en la Revocaci\u00f3n de Mandato - NOTICIAS","og_description":"Tal y como lo adelant\u00f3, el presidente Andr\u00e9s Manuel L\u00f3pez Obrador escribi\u00f3 en su boleta \u201c\u00a1Viva Zapata!\u201d, lo que representa...","og_url":"https:\/\/laredsocial-noticias.com\/wp\/viva-zapata-asi-voto-amlo-en-la-revocacion-de-mandato\/","og_site_name":"NOTICIAS","article_published_time":"2022-04-10T20:00:52+00:00","og_image":[{"width":1280,"height":720,"url":"https:\/\/laredsocial-noticias.com\/wp\/wp-content\/uploads\/2022\/04\/Viva-Zapata.jpg","type":"image\/jpeg"}],"author":"Editor en Jefe","twitter_card":"summary_large_image","twitter_misc":{"Escrito por":"Editor en Jefe","Tiempo de lectura":"1 minuto"},"schema":{"@context":"https:\/\/schema.org","@graph":[{"@type":"WebPage","@id":"https:\/\/laredsocial-noticias.com\/wp\/viva-zapata-asi-voto-amlo-en-la-revocacion-de-mandato\/","url":"https:\/\/laredsocial-noticias.com\/wp\/viva-zapata-asi-voto-amlo-en-la-revocacion-de-mandato\/","name":"\u201c\u00a1Viva Zapata!\u201d, as\u00ed vot\u00f3 AMLO en la Revocaci\u00f3n de Mandato - NOTICIAS","isPartOf":{"@id":"https:\/\/laredsocial-noticias.com\/wp\/#website"},"datePublished":"2022-04-10T20:00:52+00:00","author":{"@id":"https:\/\/laredsocial-noticias.com\/wp\/#\/schema\/person\/0ce78643f2de7aae6f6ef10e8453a6e0"},"breadcrumb":{"@id":"https:\/\/laredsocial-noticias.com\/wp\/viva-zapata-asi-voto-amlo-en-la-revocacion-de-mandato\/#breadcrumb"},"inLanguage":"es","potentialAction":[{"@type":"ReadAction","target":["https:\/\/laredsocial-noticias.com\/wp\/viva-zapata-asi-voto-amlo-en-la-revocacion-de-mandato\/"]}]},{"@type":"BreadcrumbList","@id":"https:\/\/laredsocial-noticias.com\/wp\/viva-zapata-asi-voto-amlo-en-la-revocacion-de-mandato\/#breadcrumb","itemListElement":[{"@type":"ListItem","position":1,"name":"Portada","item":"https:\/\/laredsocial-noticias.com\/wp\/"},{"@type":"ListItem","position":2,"name":"\u201c\u00a1Viva Zapata!\u201d, as\u00ed vot\u00f3 AMLO en la Revocaci\u00f3n de Mandato"}]},{"@type":"WebSite","@id":"https:\/\/laredsocial-noticias.com\/wp\/#website","url":"https:\/\/laredsocial-noticias.com\/wp\/","name":"NOTICIAS","description":"Lo que se ve y se dice en las redes sociales","potentialAction":[{"@type":"SearchAction","target":{"@type":"EntryPoint","urlTemplate":"https:\/\/laredsocial-noticias.com\/wp\/?s={search_term_string}"},"query-input":{"@type":"PropertyValueSpecification","valueRequired":true,"valueName":"search_term_string"}}],"inLanguage":"es"},{"@type":"Person","@id":"https:\/\/laredsocial-noticias.com\/wp\/#\/schema\/person\/0ce78643f2de7aae6f6ef10e8453a6e0","name":"Editor en Jefe","url":"https:\/\/laredsocial-noticias.com\/wp\/author\/jorgeochoa\/"}]}},"_links":{"self":[{"href":"https:\/\/laredsocial-noticias.com\/wp\/wp-json\/wp\/v2\/posts\/165494","targetHints":{"allow":["GET"]}}],"collection":[{"href":"https:\/\/laredsocial-noticias.com\/wp\/wp-json\/wp\/v2\/posts"}],"about":[{"href":"https:\/\/laredsocial-noticias.com\/wp\/wp-json\/wp\/v2\/types\/post"}],"author":[{"embeddable":true,"href":"https:\/\/laredsocial-noticias.com\/wp\/wp-json\/wp\/v2\/users\/1"}],"replies":[{"embeddable":true,"href":"https:\/\/laredsocial-noticias.com\/wp\/wp-json\/wp\/v2\/comments?post=165494"}],"version-history":[{"count":1,"href":"https:\/\/laredsocial-noticias.com\/wp\/wp-json\/wp\/v2\/posts\/165494\/revisions"}],"predecessor-version":[{"id":165495,"href":"https:\/\/laredsocial-noticias.com\/wp\/wp-json\/wp\/v2\/posts\/165494\/revisions\/165495"}],"wp:attachment":[{"href":"https:\/\/laredsocial-noticias.com\/wp\/wp-json\/wp\/v2\/media?parent=165494"}],"wp:term":[{"taxonomy":"category","embeddable":true,"href":"https:\/\/laredsocial-noticias.com\/wp\/wp-json\/wp\/v2\/categories?post=165494"},{"taxonomy":"post_tag","embeddable":true,"href":"https:\/\/laredsocial-noticias.com\/wp\/wp-json\/wp\/v2\/tags?post=165494"}],"curies":[{"name":"wp","href":"https:\/\/api.w.org\/{rel}","templated":true}]}}