{"id":166368,"date":"2022-04-22T20:03:34","date_gmt":"2022-04-23T01:03:34","guid":{"rendered":"https:\/\/laredsocial-noticias.com\/wp\/?p=166368"},"modified":"2022-04-22T20:04:25","modified_gmt":"2022-04-23T01:04:25","slug":"mexico-acumula-27-muertes-por-covid-19-y-mil-77-contagios-en-24-horas","status":"publish","type":"post","link":"https:\/\/laredsocial-noticias.com\/wp\/mexico-acumula-27-muertes-por-covid-19-y-mil-77-contagios-en-24-horas\/","title":{"rendered":"M\u00e9xico acumula 27 muertes por covid-19 y mil 77 contagios en 24 horas"},"content":{"rendered":"<p>La Secretar\u00eda de Salud inform\u00f3 que en M\u00e9xico se reportaron en las \u00faltimas 24 horas un total de\u00a0mil 77 nuevos contagios de Covid-19,\u00a0as\u00ed como\u00a027\u00a0nuevas\u00a0muertes a causa de la enfermedad.<\/p>\n<p>De acuerdo con la dependencia federal, hasta el momento suman\u00a05 millones 732 mil 712 casos acumulados\u00a0y\u00a0un total de 324 mil 060 muertes\u00a0desde que inici\u00f3 la pandemia en el pa\u00eds.<\/p>\n<p>Adem\u00e1s, se estima que hay 4 mil 273\u00a0casos activos\u00a0de covid-19, es decir, de personas que presentaron s\u00edntomas relacionados con el virus en los \u00faltimos 14 d\u00edas. Los estados que m\u00e1s casos de estos acumulan son: Baja California Sur, Ciudad de M\u00e9xico, Aguascalientes, Colima, Quintana Roo, Yucat\u00e1n, Baja California, San Luis Potos\u00ed, Nayarit y Campeche.<\/p>\n<p>En tanto, los estados que acumulan el mayor n\u00famero de casos confirmados acumulados son: Ciudad de M\u00e9xico, Estado de M\u00e9xico, Nuevo Le\u00f3n, Guanajuato, Jalisco, Tabasco, San Luis Potos\u00ed, Veracruz, Puebla y Sonora.<\/p>\n<h3 id=\"h-vacunacion-contra-covid-19-en-mexico\">Vacunaci\u00f3n contra COVID-19 en M\u00e9xico<\/h3>\n<p>Al corte del 21 de abril suman 197 millones 496 mil 797 vacunas aplicadas a 85 millones 767 mil 339 personas. Del total de dosis, 44 millones 213 mil 119 corresponden a refuerzos.<\/p>\n<p>Por edad, 80 millones 925 mil 729 personas mayores de 18 a\u00f1os cuentan con al menos una dosis, lo que equivale a 90%; y cuatro millones 841 mil 610 adolescentes de 14 a 17 a\u00f1os, que representa un avance de 54%.<\/p>\n","protected":false},"excerpt":{"rendered":"<p>La Secretar\u00eda de Salud inform\u00f3 que en M\u00e9xico se reportaron en las \u00faltimas 24 horas un total de\u00a0mil 77 nuevos&#8230;<\/p>\n","protected":false},"author":1,"featured_media":0,"comment_status":"open","ping_status":"closed","sticky":false,"template":"","format":"standard","meta":{"footnotes":""},"categories":[2801,6026],"tags":[4959,77],"class_list":["post-166368","post","type-post","status-publish","format-standard","hentry","category-politica","category-portada","tag-featured","tag-principal"],"yoast_head":"<!-- This site is optimized with the Yoast SEO plugin v26.5 - https:\/\/yoast.com\/wordpress\/plugins\/seo\/ -->\n<title>M\u00e9xico acumula 27 muertes por covid-19 y mil 77 contagios en 24 horas - NOTICIAS<\/title>\n<meta name=\"robots\" content=\"index, follow, max-snippet:-1, max-image-preview:large, max-video-preview:-1\" \/>\n<link rel=\"canonical\" href=\"https:\/\/laredsocial-noticias.com\/wp\/mexico-acumula-27-muertes-por-covid-19-y-mil-77-contagios-en-24-horas\/\" \/>\n<meta property=\"og:locale\" content=\"es_ES\" \/>\n<meta property=\"og:type\" content=\"article\" \/>\n<meta property=\"og:title\" content=\"M\u00e9xico acumula 27 muertes por covid-19 y mil 77 contagios en 24 horas - NOTICIAS\" \/>\n<meta property=\"og:description\" content=\"La Secretar\u00eda de Salud inform\u00f3 que en M\u00e9xico se reportaron en las \u00faltimas 24 horas un total de\u00a0mil 77 nuevos...\" \/>\n<meta property=\"og:url\" content=\"https:\/\/laredsocial-noticias.com\/wp\/mexico-acumula-27-muertes-por-covid-19-y-mil-77-contagios-en-24-horas\/\" \/>\n<meta property=\"og:site_name\" content=\"NOTICIAS\" \/>\n<meta property=\"article:published_time\" content=\"2022-04-23T01:03:34+00:00\" \/>\n<meta property=\"article:modified_time\" content=\"2022-04-23T01:04:25+00:00\" \/>\n<meta name=\"author\" content=\"Editor en Jefe\" \/>\n<meta name=\"twitter:card\" content=\"summary_large_image\" \/>\n<meta name=\"twitter:label1\" content=\"Escrito por\" \/>\n\t<meta name=\"twitter:data1\" content=\"Editor en Jefe\" \/>\n\t<meta name=\"twitter:label2\" content=\"Tiempo de lectura\" \/>\n\t<meta name=\"twitter:data2\" content=\"1 minuto\" \/>\n<!-- \/ Yoast SEO plugin. -->","yoast_head_json":{"title":"M\u00e9xico acumula 27 muertes por covid-19 y mil 77 contagios en 24 horas - NOTICIAS","robots":{"index":"index","follow":"follow","max-snippet":"max-snippet:-1","max-image-preview":"max-image-preview:large","max-video-preview":"max-video-preview:-1"},"canonical":"https:\/\/laredsocial-noticias.com\/wp\/mexico-acumula-27-muertes-por-covid-19-y-mil-77-contagios-en-24-horas\/","og_locale":"es_ES","og_type":"article","og_title":"M\u00e9xico acumula 27 muertes por covid-19 y mil 77 contagios en 24 horas - NOTICIAS","og_description":"La Secretar\u00eda de Salud inform\u00f3 que en M\u00e9xico se reportaron en las \u00faltimas 24 horas un total de\u00a0mil 77 nuevos...","og_url":"https:\/\/laredsocial-noticias.com\/wp\/mexico-acumula-27-muertes-por-covid-19-y-mil-77-contagios-en-24-horas\/","og_site_name":"NOTICIAS","article_published_time":"2022-04-23T01:03:34+00:00","article_modified_time":"2022-04-23T01:04:25+00:00","author":"Editor en Jefe","twitter_card":"summary_large_image","twitter_misc":{"Escrito por":"Editor en Jefe","Tiempo de lectura":"1 minuto"},"schema":{"@context":"https:\/\/schema.org","@graph":[{"@type":"WebPage","@id":"https:\/\/laredsocial-noticias.com\/wp\/mexico-acumula-27-muertes-por-covid-19-y-mil-77-contagios-en-24-horas\/","url":"https:\/\/laredsocial-noticias.com\/wp\/mexico-acumula-27-muertes-por-covid-19-y-mil-77-contagios-en-24-horas\/","name":"M\u00e9xico acumula 27 muertes por covid-19 y mil 77 contagios en 24 horas - NOTICIAS","isPartOf":{"@id":"https:\/\/laredsocial-noticias.com\/wp\/#website"},"datePublished":"2022-04-23T01:03:34+00:00","dateModified":"2022-04-23T01:04:25+00:00","author":{"@id":"https:\/\/laredsocial-noticias.com\/wp\/#\/schema\/person\/0ce78643f2de7aae6f6ef10e8453a6e0"},"breadcrumb":{"@id":"https:\/\/laredsocial-noticias.com\/wp\/mexico-acumula-27-muertes-por-covid-19-y-mil-77-contagios-en-24-horas\/#breadcrumb"},"inLanguage":"es","potentialAction":[{"@type":"ReadAction","target":["https:\/\/laredsocial-noticias.com\/wp\/mexico-acumula-27-muertes-por-covid-19-y-mil-77-contagios-en-24-horas\/"]}]},{"@type":"BreadcrumbList","@id":"https:\/\/laredsocial-noticias.com\/wp\/mexico-acumula-27-muertes-por-covid-19-y-mil-77-contagios-en-24-horas\/#breadcrumb","itemListElement":[{"@type":"ListItem","position":1,"name":"Portada","item":"https:\/\/laredsocial-noticias.com\/wp\/"},{"@type":"ListItem","position":2,"name":"M\u00e9xico acumula 27 muertes por covid-19 y mil 77 contagios en 24 horas"}]},{"@type":"WebSite","@id":"https:\/\/laredsocial-noticias.com\/wp\/#website","url":"https:\/\/laredsocial-noticias.com\/wp\/","name":"NOTICIAS","description":"Lo que se ve y se dice en las redes sociales","potentialAction":[{"@type":"SearchAction","target":{"@type":"EntryPoint","urlTemplate":"https:\/\/laredsocial-noticias.com\/wp\/?s={search_term_string}"},"query-input":{"@type":"PropertyValueSpecification","valueRequired":true,"valueName":"search_term_string"}}],"inLanguage":"es"},{"@type":"Person","@id":"https:\/\/laredsocial-noticias.com\/wp\/#\/schema\/person\/0ce78643f2de7aae6f6ef10e8453a6e0","name":"Editor en Jefe","url":"https:\/\/laredsocial-noticias.com\/wp\/author\/jorgeochoa\/"}]}},"_links":{"self":[{"href":"https:\/\/laredsocial-noticias.com\/wp\/wp-json\/wp\/v2\/posts\/166368","targetHints":{"allow":["GET"]}}],"collection":[{"href":"https:\/\/laredsocial-noticias.com\/wp\/wp-json\/wp\/v2\/posts"}],"about":[{"href":"https:\/\/laredsocial-noticias.com\/wp\/wp-json\/wp\/v2\/types\/post"}],"author":[{"embeddable":true,"href":"https:\/\/laredsocial-noticias.com\/wp\/wp-json\/wp\/v2\/users\/1"}],"replies":[{"embeddable":true,"href":"https:\/\/laredsocial-noticias.com\/wp\/wp-json\/wp\/v2\/comments?post=166368"}],"version-history":[{"count":1,"href":"https:\/\/laredsocial-noticias.com\/wp\/wp-json\/wp\/v2\/posts\/166368\/revisions"}],"predecessor-version":[{"id":166369,"href":"https:\/\/laredsocial-noticias.com\/wp\/wp-json\/wp\/v2\/posts\/166368\/revisions\/166369"}],"wp:attachment":[{"href":"https:\/\/laredsocial-noticias.com\/wp\/wp-json\/wp\/v2\/media?parent=166368"}],"wp:term":[{"taxonomy":"category","embeddable":true,"href":"https:\/\/laredsocial-noticias.com\/wp\/wp-json\/wp\/v2\/categories?post=166368"},{"taxonomy":"post_tag","embeddable":true,"href":"https:\/\/laredsocial-noticias.com\/wp\/wp-json\/wp\/v2\/tags?post=166368"}],"curies":[{"name":"wp","href":"https:\/\/api.w.org\/{rel}","templated":true}]}}