{"id":166775,"date":"2022-04-28T12:00:54","date_gmt":"2022-04-28T17:00:54","guid":{"rendered":"https:\/\/laredsocial-noticias.com\/wp\/?p=166775"},"modified":"2022-04-28T09:41:51","modified_gmt":"2022-04-28T14:41:51","slug":"van-10-detenidos-por-enfrentamiento-en-cooperativa-cruz-azul-hidalgo","status":"publish","type":"post","link":"https:\/\/laredsocial-noticias.com\/wp\/van-10-detenidos-por-enfrentamiento-en-cooperativa-cruz-azul-hidalgo\/","title":{"rendered":"Van 10 detenidos por enfrentamiento en Cooperativa Cruz Azul Hidalgo"},"content":{"rendered":"<p>Ricardo Mej\u00eda Berdeja, Subsecretario de Seguridad P\u00fablica del Gobierno de M\u00e9xico inform\u00f3 que van en total\u00a010 personas detenidas\u00a0por el enfrentamiento en la\u00a0Cooperativa de Cruz Azul en Tula, Hidalgo\u00a0que dej\u00f3 un saldo de ocho personas muertas y doce heridos.<\/p>\n<p>En el marco del informe de \u2018Cero Impunidad\u2019, Mej\u00eda Berdeja explic\u00f3 que los hombres fueron capturados durante la tarde del\u00a0mi\u00e9rcoles 27 de abril\u00a0por elementos de la Polic\u00eda Municipal y la Polic\u00eda Estatal de Hidalgo.<\/p>\n<p>Destac\u00f3 que el hecho de violencia ocurri\u00f3 en la madrugada del mismo mi\u00e9rcoles y se trat\u00f3 de un enfrentamiento con palos y tubos entre presuntos\u00a0socios disidentes\u00a0y\u00a0trabajadores integrantes\u00a0de la cementera.<\/p>\n<p>El Subsecretario de SSP destac\u00f3 que dichas personas fueron trasladadas en\u00a015 autobuses\u00a0provenientes la mayor\u00eda de la\u00a0Ciudad de M\u00e9xico\u00a0con el objetivo de tomar las instalaciones.<\/p>\n<blockquote class=\"wp-block-quote\"><p>\u201cDurante el enfrentamiento hubo detonaciones con arma de fuego\u201d, acot\u00f3.<\/p><\/blockquote>\n<p>Ricardo Mej\u00eda asegur\u00f3 que en todo momento y por instrucciones de la misma SSP, tuvieron contacto con el secretario de Gobernador y el Procurador de Justicia de\u00a0Hidalgo.<\/p>\n<p>\u201cYa hay 10 detenidos por este evento lamentable\u201d, reiter\u00f3 al asegurar que continuar\u00e1n con las investigaciones para detener a todos los involucrados en la muerte de ocho personas.<\/p>\n","protected":false},"excerpt":{"rendered":"<p>Ricardo Mej\u00eda Berdeja, Subsecretario de Seguridad P\u00fablica del Gobierno de M\u00e9xico inform\u00f3 que van en total\u00a010 personas detenidas\u00a0por el enfrentamiento&#8230;<\/p>\n","protected":false},"author":1,"featured_media":0,"comment_status":"open","ping_status":"closed","sticky":false,"template":"","format":"standard","meta":{"footnotes":""},"categories":[2379,6026],"tags":[4959,77],"class_list":["post-166775","post","type-post","status-publish","format-standard","hentry","category-estados-2","category-portada","tag-featured","tag-principal"],"yoast_head":"<!-- This site is optimized with the Yoast SEO plugin v26.5 - https:\/\/yoast.com\/wordpress\/plugins\/seo\/ -->\n<title>Van 10 detenidos por enfrentamiento en Cooperativa Cruz Azul Hidalgo - NOTICIAS<\/title>\n<meta name=\"robots\" content=\"index, follow, max-snippet:-1, max-image-preview:large, max-video-preview:-1\" \/>\n<link rel=\"canonical\" href=\"https:\/\/laredsocial-noticias.com\/wp\/van-10-detenidos-por-enfrentamiento-en-cooperativa-cruz-azul-hidalgo\/\" \/>\n<meta property=\"og:locale\" content=\"es_ES\" \/>\n<meta property=\"og:type\" content=\"article\" \/>\n<meta property=\"og:title\" content=\"Van 10 detenidos por enfrentamiento en Cooperativa Cruz Azul Hidalgo - NOTICIAS\" \/>\n<meta property=\"og:description\" content=\"Ricardo Mej\u00eda Berdeja, Subsecretario de Seguridad P\u00fablica del Gobierno de M\u00e9xico inform\u00f3 que van en total\u00a010 personas detenidas\u00a0por el enfrentamiento...\" \/>\n<meta property=\"og:url\" content=\"https:\/\/laredsocial-noticias.com\/wp\/van-10-detenidos-por-enfrentamiento-en-cooperativa-cruz-azul-hidalgo\/\" \/>\n<meta property=\"og:site_name\" content=\"NOTICIAS\" \/>\n<meta property=\"article:published_time\" content=\"2022-04-28T17:00:54+00:00\" \/>\n<meta property=\"og:image\" content=\"https:\/\/laredsocial-noticias.com\/wp\/wp-content\/uploads\/2022\/04\/van-10-detenidos-por-enfrentamiento-en-cooperativa-cruz-azul-hidalgo.jpg\" \/>\n\t<meta property=\"og:image:width\" content=\"1280\" \/>\n\t<meta property=\"og:image:height\" content=\"720\" \/>\n\t<meta property=\"og:image:type\" content=\"image\/jpeg\" \/>\n<meta name=\"author\" content=\"Editor en Jefe\" \/>\n<meta name=\"twitter:card\" content=\"summary_large_image\" \/>\n<meta name=\"twitter:label1\" content=\"Escrito por\" \/>\n\t<meta name=\"twitter:data1\" content=\"Editor en Jefe\" \/>\n\t<meta name=\"twitter:label2\" content=\"Tiempo de lectura\" \/>\n\t<meta name=\"twitter:data2\" content=\"1 minuto\" \/>\n<!-- \/ Yoast SEO plugin. -->","yoast_head_json":{"title":"Van 10 detenidos por enfrentamiento en Cooperativa Cruz Azul Hidalgo - NOTICIAS","robots":{"index":"index","follow":"follow","max-snippet":"max-snippet:-1","max-image-preview":"max-image-preview:large","max-video-preview":"max-video-preview:-1"},"canonical":"https:\/\/laredsocial-noticias.com\/wp\/van-10-detenidos-por-enfrentamiento-en-cooperativa-cruz-azul-hidalgo\/","og_locale":"es_ES","og_type":"article","og_title":"Van 10 detenidos por enfrentamiento en Cooperativa Cruz Azul Hidalgo - NOTICIAS","og_description":"Ricardo Mej\u00eda Berdeja, Subsecretario de Seguridad P\u00fablica del Gobierno de M\u00e9xico inform\u00f3 que van en total\u00a010 personas detenidas\u00a0por el enfrentamiento...","og_url":"https:\/\/laredsocial-noticias.com\/wp\/van-10-detenidos-por-enfrentamiento-en-cooperativa-cruz-azul-hidalgo\/","og_site_name":"NOTICIAS","article_published_time":"2022-04-28T17:00:54+00:00","og_image":[{"width":1280,"height":720,"url":"https:\/\/laredsocial-noticias.com\/wp\/wp-content\/uploads\/2022\/04\/van-10-detenidos-por-enfrentamiento-en-cooperativa-cruz-azul-hidalgo.jpg","type":"image\/jpeg"}],"author":"Editor en Jefe","twitter_card":"summary_large_image","twitter_misc":{"Escrito por":"Editor en Jefe","Tiempo de lectura":"1 minuto"},"schema":{"@context":"https:\/\/schema.org","@graph":[{"@type":"WebPage","@id":"https:\/\/laredsocial-noticias.com\/wp\/van-10-detenidos-por-enfrentamiento-en-cooperativa-cruz-azul-hidalgo\/","url":"https:\/\/laredsocial-noticias.com\/wp\/van-10-detenidos-por-enfrentamiento-en-cooperativa-cruz-azul-hidalgo\/","name":"Van 10 detenidos por enfrentamiento en Cooperativa Cruz Azul Hidalgo - NOTICIAS","isPartOf":{"@id":"https:\/\/laredsocial-noticias.com\/wp\/#website"},"datePublished":"2022-04-28T17:00:54+00:00","author":{"@id":"https:\/\/laredsocial-noticias.com\/wp\/#\/schema\/person\/0ce78643f2de7aae6f6ef10e8453a6e0"},"breadcrumb":{"@id":"https:\/\/laredsocial-noticias.com\/wp\/van-10-detenidos-por-enfrentamiento-en-cooperativa-cruz-azul-hidalgo\/#breadcrumb"},"inLanguage":"es","potentialAction":[{"@type":"ReadAction","target":["https:\/\/laredsocial-noticias.com\/wp\/van-10-detenidos-por-enfrentamiento-en-cooperativa-cruz-azul-hidalgo\/"]}]},{"@type":"BreadcrumbList","@id":"https:\/\/laredsocial-noticias.com\/wp\/van-10-detenidos-por-enfrentamiento-en-cooperativa-cruz-azul-hidalgo\/#breadcrumb","itemListElement":[{"@type":"ListItem","position":1,"name":"Portada","item":"https:\/\/laredsocial-noticias.com\/wp\/"},{"@type":"ListItem","position":2,"name":"Van 10 detenidos por enfrentamiento en Cooperativa Cruz Azul Hidalgo"}]},{"@type":"WebSite","@id":"https:\/\/laredsocial-noticias.com\/wp\/#website","url":"https:\/\/laredsocial-noticias.com\/wp\/","name":"NOTICIAS","description":"Lo que se ve y se dice en las redes sociales","potentialAction":[{"@type":"SearchAction","target":{"@type":"EntryPoint","urlTemplate":"https:\/\/laredsocial-noticias.com\/wp\/?s={search_term_string}"},"query-input":{"@type":"PropertyValueSpecification","valueRequired":true,"valueName":"search_term_string"}}],"inLanguage":"es"},{"@type":"Person","@id":"https:\/\/laredsocial-noticias.com\/wp\/#\/schema\/person\/0ce78643f2de7aae6f6ef10e8453a6e0","name":"Editor en Jefe","url":"https:\/\/laredsocial-noticias.com\/wp\/author\/jorgeochoa\/"}]}},"_links":{"self":[{"href":"https:\/\/laredsocial-noticias.com\/wp\/wp-json\/wp\/v2\/posts\/166775","targetHints":{"allow":["GET"]}}],"collection":[{"href":"https:\/\/laredsocial-noticias.com\/wp\/wp-json\/wp\/v2\/posts"}],"about":[{"href":"https:\/\/laredsocial-noticias.com\/wp\/wp-json\/wp\/v2\/types\/post"}],"author":[{"embeddable":true,"href":"https:\/\/laredsocial-noticias.com\/wp\/wp-json\/wp\/v2\/users\/1"}],"replies":[{"embeddable":true,"href":"https:\/\/laredsocial-noticias.com\/wp\/wp-json\/wp\/v2\/comments?post=166775"}],"version-history":[{"count":1,"href":"https:\/\/laredsocial-noticias.com\/wp\/wp-json\/wp\/v2\/posts\/166775\/revisions"}],"predecessor-version":[{"id":166776,"href":"https:\/\/laredsocial-noticias.com\/wp\/wp-json\/wp\/v2\/posts\/166775\/revisions\/166776"}],"wp:attachment":[{"href":"https:\/\/laredsocial-noticias.com\/wp\/wp-json\/wp\/v2\/media?parent=166775"}],"wp:term":[{"taxonomy":"category","embeddable":true,"href":"https:\/\/laredsocial-noticias.com\/wp\/wp-json\/wp\/v2\/categories?post=166775"},{"taxonomy":"post_tag","embeddable":true,"href":"https:\/\/laredsocial-noticias.com\/wp\/wp-json\/wp\/v2\/tags?post=166775"}],"curies":[{"name":"wp","href":"https:\/\/api.w.org\/{rel}","templated":true}]}}