{"id":167026,"date":"2022-05-02T11:30:30","date_gmt":"2022-05-02T16:30:30","guid":{"rendered":"https:\/\/laredsocial-noticias.com\/wp\/?p=167026"},"modified":"2022-05-02T10:55:56","modified_gmt":"2022-05-02T15:55:56","slug":"amlo-suspendera-mananeras-durante-gira-a-centroamerica-y-cuba-gutierrez-muller-ira-a-eua","status":"publish","type":"post","link":"https:\/\/laredsocial-noticias.com\/wp\/amlo-suspendera-mananeras-durante-gira-a-centroamerica-y-cuba-gutierrez-muller-ira-a-eua\/","title":{"rendered":"AMLO suspender\u00e1 \u2018Ma\u00f1aneras\u2019 durante gira a Centroam\u00e9rica  y Cuba; Guti\u00e9rrez M\u00fcller ir\u00e1 a EUA"},"content":{"rendered":"<p>El presidente\u00a0Andr\u00e9s Manuel L\u00f3pez Obrador\u00a0adelant\u00f3 que debido a su gira por pa\u00edses de\u00a0Centroam\u00e9rica y Cuba,\u00a0del 5 al 8 de mayo, suspender\u00e1 sus conferencias matutinas.<\/p>\n<blockquote class=\"wp-block-quote\"><p>\u201cNo va a haber ma\u00f1aneras en la visita que voy a hacer a Centroam\u00e9rica y a Cuba\u201d, dijo L\u00f3pez Obrador en Palacio Nacional.<\/p><\/blockquote>\n<p>El mandatario federal detall\u00f3 que el 5 de mayo ir\u00e1 a conmemorar la Batalla de Puebla y despu\u00e9s saldr\u00e1 a Guatemala. Despu\u00e9s viajar\u00e1 a El Salvador, Honduras, Belice y La Habana.<\/p>\n<p>\u201cEn la gira por Centroam\u00e9rica vamos a hablar de desarrollo regional, cooperaci\u00f3n y amistad\u201d, inform\u00f3 L\u00f3pez Obrador.<\/p>\n<h3 id=\"h-gutierrez-muller-viajara-a-la-casa-blanca-e-ira-a-centroamerica\">Gutierrez M\u00fcller viajar\u00e1 a la Casa Blanca e ir\u00e1 a Centroam\u00e9rica<\/h3>\n<p>L\u00f3pez Obrador detall\u00f3 que\u00a0\u201cla se\u00f1ora (Jill) Biden\u201d\u00a0convoc\u00f3 a su esposa\u00a0Beatriz Guti\u00e9rrez M\u00fcller\u00a0para conmemorar el 5 de mayo en los Estados Unidos.<\/p>\n<blockquote class=\"wp-block-quote\"><p>\u201cLa est\u00e1n invitando a la Casa Blanca en Washington, por la celebraci\u00f3n del 5 de mayo. Parece que la se\u00f1ora Biden est\u00e1 haciendo la convocatoria y la han invitado\u2026 nos va a alcanzar en Honduras\u201d, sostuvo.<\/p><\/blockquote>\n<p>A su gira por Centroam\u00e9rica y en su visita a La Habana, el presidente informa que lo acompa\u00f1ar\u00e1 el canciller Marcelo Ebrard, los secretarios de Defensa y Marina.<\/p>\n","protected":false},"excerpt":{"rendered":"<p>El presidente\u00a0Andr\u00e9s Manuel L\u00f3pez Obrador\u00a0adelant\u00f3 que debido a su gira por pa\u00edses de\u00a0Centroam\u00e9rica y Cuba,\u00a0del 5 al 8 de mayo,&#8230;<\/p>\n","protected":false},"author":1,"featured_media":0,"comment_status":"open","ping_status":"closed","sticky":false,"template":"","format":"standard","meta":{"footnotes":""},"categories":[2801,6026],"tags":[4959,77],"class_list":["post-167026","post","type-post","status-publish","format-standard","hentry","category-politica","category-portada","tag-featured","tag-principal"],"yoast_head":"<!-- This site is optimized with the Yoast SEO plugin v26.5 - https:\/\/yoast.com\/wordpress\/plugins\/seo\/ -->\n<title>AMLO suspender\u00e1 \u2018Ma\u00f1aneras\u2019 durante gira a Centroam\u00e9rica y Cuba; Guti\u00e9rrez M\u00fcller ir\u00e1 a EUA - NOTICIAS<\/title>\n<meta name=\"robots\" content=\"index, follow, max-snippet:-1, max-image-preview:large, max-video-preview:-1\" \/>\n<link rel=\"canonical\" href=\"https:\/\/laredsocial-noticias.com\/wp\/amlo-suspendera-mananeras-durante-gira-a-centroamerica-y-cuba-gutierrez-muller-ira-a-eua\/\" \/>\n<meta property=\"og:locale\" content=\"es_ES\" \/>\n<meta property=\"og:type\" content=\"article\" \/>\n<meta property=\"og:title\" content=\"AMLO suspender\u00e1 \u2018Ma\u00f1aneras\u2019 durante gira a Centroam\u00e9rica y Cuba; Guti\u00e9rrez M\u00fcller ir\u00e1 a EUA - NOTICIAS\" \/>\n<meta property=\"og:description\" content=\"El presidente\u00a0Andr\u00e9s Manuel L\u00f3pez Obrador\u00a0adelant\u00f3 que debido a su gira por pa\u00edses de\u00a0Centroam\u00e9rica y Cuba,\u00a0del 5 al 8 de mayo,...\" \/>\n<meta property=\"og:url\" content=\"https:\/\/laredsocial-noticias.com\/wp\/amlo-suspendera-mananeras-durante-gira-a-centroamerica-y-cuba-gutierrez-muller-ira-a-eua\/\" \/>\n<meta property=\"og:site_name\" content=\"NOTICIAS\" \/>\n<meta property=\"article:published_time\" content=\"2022-05-02T16:30:30+00:00\" \/>\n<meta name=\"author\" content=\"Editor en Jefe\" \/>\n<meta name=\"twitter:card\" content=\"summary_large_image\" \/>\n<meta name=\"twitter:label1\" content=\"Escrito por\" \/>\n\t<meta name=\"twitter:data1\" content=\"Editor en Jefe\" \/>\n\t<meta name=\"twitter:label2\" content=\"Tiempo de lectura\" \/>\n\t<meta name=\"twitter:data2\" content=\"1 minuto\" \/>\n<!-- \/ Yoast SEO plugin. -->","yoast_head_json":{"title":"AMLO suspender\u00e1 \u2018Ma\u00f1aneras\u2019 durante gira a Centroam\u00e9rica y Cuba; Guti\u00e9rrez M\u00fcller ir\u00e1 a EUA - NOTICIAS","robots":{"index":"index","follow":"follow","max-snippet":"max-snippet:-1","max-image-preview":"max-image-preview:large","max-video-preview":"max-video-preview:-1"},"canonical":"https:\/\/laredsocial-noticias.com\/wp\/amlo-suspendera-mananeras-durante-gira-a-centroamerica-y-cuba-gutierrez-muller-ira-a-eua\/","og_locale":"es_ES","og_type":"article","og_title":"AMLO suspender\u00e1 \u2018Ma\u00f1aneras\u2019 durante gira a Centroam\u00e9rica y Cuba; Guti\u00e9rrez M\u00fcller ir\u00e1 a EUA - NOTICIAS","og_description":"El presidente\u00a0Andr\u00e9s Manuel L\u00f3pez Obrador\u00a0adelant\u00f3 que debido a su gira por pa\u00edses de\u00a0Centroam\u00e9rica y Cuba,\u00a0del 5 al 8 de mayo,...","og_url":"https:\/\/laredsocial-noticias.com\/wp\/amlo-suspendera-mananeras-durante-gira-a-centroamerica-y-cuba-gutierrez-muller-ira-a-eua\/","og_site_name":"NOTICIAS","article_published_time":"2022-05-02T16:30:30+00:00","author":"Editor en Jefe","twitter_card":"summary_large_image","twitter_misc":{"Escrito por":"Editor en Jefe","Tiempo de lectura":"1 minuto"},"schema":{"@context":"https:\/\/schema.org","@graph":[{"@type":"WebPage","@id":"https:\/\/laredsocial-noticias.com\/wp\/amlo-suspendera-mananeras-durante-gira-a-centroamerica-y-cuba-gutierrez-muller-ira-a-eua\/","url":"https:\/\/laredsocial-noticias.com\/wp\/amlo-suspendera-mananeras-durante-gira-a-centroamerica-y-cuba-gutierrez-muller-ira-a-eua\/","name":"AMLO suspender\u00e1 \u2018Ma\u00f1aneras\u2019 durante gira a Centroam\u00e9rica y Cuba; Guti\u00e9rrez M\u00fcller ir\u00e1 a EUA - NOTICIAS","isPartOf":{"@id":"https:\/\/laredsocial-noticias.com\/wp\/#website"},"datePublished":"2022-05-02T16:30:30+00:00","author":{"@id":"https:\/\/laredsocial-noticias.com\/wp\/#\/schema\/person\/0ce78643f2de7aae6f6ef10e8453a6e0"},"breadcrumb":{"@id":"https:\/\/laredsocial-noticias.com\/wp\/amlo-suspendera-mananeras-durante-gira-a-centroamerica-y-cuba-gutierrez-muller-ira-a-eua\/#breadcrumb"},"inLanguage":"es","potentialAction":[{"@type":"ReadAction","target":["https:\/\/laredsocial-noticias.com\/wp\/amlo-suspendera-mananeras-durante-gira-a-centroamerica-y-cuba-gutierrez-muller-ira-a-eua\/"]}]},{"@type":"BreadcrumbList","@id":"https:\/\/laredsocial-noticias.com\/wp\/amlo-suspendera-mananeras-durante-gira-a-centroamerica-y-cuba-gutierrez-muller-ira-a-eua\/#breadcrumb","itemListElement":[{"@type":"ListItem","position":1,"name":"Portada","item":"https:\/\/laredsocial-noticias.com\/wp\/"},{"@type":"ListItem","position":2,"name":"AMLO suspender\u00e1 \u2018Ma\u00f1aneras\u2019 durante gira a Centroam\u00e9rica y Cuba; Guti\u00e9rrez M\u00fcller ir\u00e1 a EUA"}]},{"@type":"WebSite","@id":"https:\/\/laredsocial-noticias.com\/wp\/#website","url":"https:\/\/laredsocial-noticias.com\/wp\/","name":"NOTICIAS","description":"Lo que se ve y se dice en las redes sociales","potentialAction":[{"@type":"SearchAction","target":{"@type":"EntryPoint","urlTemplate":"https:\/\/laredsocial-noticias.com\/wp\/?s={search_term_string}"},"query-input":{"@type":"PropertyValueSpecification","valueRequired":true,"valueName":"search_term_string"}}],"inLanguage":"es"},{"@type":"Person","@id":"https:\/\/laredsocial-noticias.com\/wp\/#\/schema\/person\/0ce78643f2de7aae6f6ef10e8453a6e0","name":"Editor en Jefe","url":"https:\/\/laredsocial-noticias.com\/wp\/author\/jorgeochoa\/"}]}},"_links":{"self":[{"href":"https:\/\/laredsocial-noticias.com\/wp\/wp-json\/wp\/v2\/posts\/167026","targetHints":{"allow":["GET"]}}],"collection":[{"href":"https:\/\/laredsocial-noticias.com\/wp\/wp-json\/wp\/v2\/posts"}],"about":[{"href":"https:\/\/laredsocial-noticias.com\/wp\/wp-json\/wp\/v2\/types\/post"}],"author":[{"embeddable":true,"href":"https:\/\/laredsocial-noticias.com\/wp\/wp-json\/wp\/v2\/users\/1"}],"replies":[{"embeddable":true,"href":"https:\/\/laredsocial-noticias.com\/wp\/wp-json\/wp\/v2\/comments?post=167026"}],"version-history":[{"count":1,"href":"https:\/\/laredsocial-noticias.com\/wp\/wp-json\/wp\/v2\/posts\/167026\/revisions"}],"predecessor-version":[{"id":167027,"href":"https:\/\/laredsocial-noticias.com\/wp\/wp-json\/wp\/v2\/posts\/167026\/revisions\/167027"}],"wp:attachment":[{"href":"https:\/\/laredsocial-noticias.com\/wp\/wp-json\/wp\/v2\/media?parent=167026"}],"wp:term":[{"taxonomy":"category","embeddable":true,"href":"https:\/\/laredsocial-noticias.com\/wp\/wp-json\/wp\/v2\/categories?post=167026"},{"taxonomy":"post_tag","embeddable":true,"href":"https:\/\/laredsocial-noticias.com\/wp\/wp-json\/wp\/v2\/tags?post=167026"}],"curies":[{"name":"wp","href":"https:\/\/api.w.org\/{rel}","templated":true}]}}