{"id":167556,"date":"2022-05-09T08:28:21","date_gmt":"2022-05-09T13:28:21","guid":{"rendered":"https:\/\/laredsocial-noticias.com\/wp\/?p=167556"},"modified":"2022-05-09T08:44:30","modified_gmt":"2022-05-09T13:44:30","slug":"167556-2","status":"publish","type":"post","link":"https:\/\/laredsocial-noticias.com\/wp\/167556-2\/","title":{"rendered":"TRAS BAMBALINAS. La No primera dama en funci\u00f3n diplom\u00e1tica"},"content":{"rendered":"<p>Por JORGE OCTAVIO OCHOA. Para los mexicanos, los resultados de la reciente gira presidencial por Centroam\u00e9rica no ser\u00e1n nada halag\u00fce\u00f1os.<\/p>\n<p>Ninguna gracia caus\u00f3 el anuncio de un financiamiento por 600 millones de pesos para que El Salvador contin\u00fae los programas Sembrando Vidas y J\u00f3venes Emprendedores que en M\u00e9xico han tenido resultados dudosos.<\/p>\n<p>Tampoco caus\u00f3 gran algarab\u00eda que 25 mil trabajadores guatemaltecos vayan a ser afiliados al Instituto Mexicano del Seguro Social (IMSS), que adem\u00e1s tendr\u00e1 graves problemas para atender las tareas que no pudo realizar el malogrado INSABI.<\/p>\n<p>Como es obvio, estos compromisos y convenios, implicar\u00e1n nuevos sacrificios para los mexicanos que, de por s\u00ed, durante la pandemia ya hab\u00edan sufrido la carencia de medicinas, espacios hospitalarios y deficiente atenci\u00f3n m\u00e9dica.<\/p>\n<p>Sin embargo, el periplo centroamericano tiene m\u00e1s jiribilla de lo que parece, a la luz del \u00faltimo discurso de L\u00f3pez Obrador en el Palacio de la Revoluci\u00f3n, en Cuba.<\/p>\n<p>Contra todo lo que se esperaba, L\u00f3pez Obrador plante\u00f3 la iniciativa de \u201cuna nueva relaci\u00f3n\u201d con los Estados Unidos, que termine con la disyuntiva de alinearnos con Estados Unidos o de oponernos de forma defensiva\u201d.<\/p>\n<p>\u201cAdem\u00e1s, no veo otra alternativa ante el crecimiento exponencial de la econom\u00eda de otras regiones del mundo y la decadencia productiva de toda Am\u00e9rica\u201d, advirti\u00f3 el mandatario azteca, en un discurso que sorprendi\u00f3 a muchos.<\/p>\n<p>Asegur\u00f3 que en varias ocasiones ha expresado al presidente Joe Biden que \u201csi la tendencia econ\u00f3mica y comercial de las \u00faltimas tres d\u00e9cadas se mantiene, y no hay nada que leg\u00edtimamente pueda impedirlo, para el 2051 China tendr\u00eda el dominio de 64.8% en el mercado mundial, y Estados Unidos s\u00f3lo el 4% y hasta el 10%\u201d.<\/p>\n<p>Esto plantea la necesidad de buscar un nuevo di\u00e1logo con los gobiernos del vecino del norte, e incluso buscar \u201cla integraci\u00f3n con respeto a las soberan\u00edas y forma de gobierno\u201d de cada pa\u00eds.<\/p>\n<p>\u201cLa buena aplicaci\u00f3n de un tratado comercial nos conviene a todos. Ser\u00eda la salida m\u00e1s eficaz y responsable frente a la fuerte competencia que existe, que se acrecentar\u00e1 con el tiempo, y que, si no hacemos nada para unirnos, llevar\u00e1 al declive de todas las Am\u00e9ricas\u201d, advirti\u00f3.<\/p>\n<p>El presidente de M\u00e9xico se comprometi\u00f3 incluso a insistir ante Biden para \u201cque no se excluya a ning\u00fan pa\u00eds de Am\u00e9rica en la Cumbre del mes pr\u00f3ximo a celebrarse en Los \u00c1ngeles, California, y en que las autoridades de cada pa\u00eds deciden libremente si asisten o no a dicho encuentro, pero que nadie excluya a nadie\u201d.<\/p>\n<p>Este discurso rompi\u00f3 incluso con el tono incendiario que hab\u00eda adoptado unas horas antes, cuando acus\u00f3 al mismo Biden de haber privilegiado el apoyo b\u00e9lico a Ucrania sobre las necesidades ancestrales de Centroam\u00e9rica.<\/p>\n<p>De pronto, el presidente de M\u00e9xico se convirti\u00f3 no s\u00f3lo en el portavoz, sino en correa de transmisi\u00f3n para solicitar m\u00e1s recursos financieros al poderoso vecino del norte frente al crecimiento de los tigres asi\u00e1ticos.<\/p>\n<p>Falta ver c\u00f3mo ser\u00e1 interpretado este discurso, sobre todo por los presidentes de Venezuela, Nicaragua y el propio Cuba, que han perpetuado sus sistemas de gobierno sobre la base de la violaci\u00f3n de derechos humanos.<\/p>\n<p>El planteamiento representa un sensible viraje en el tono de confrontaci\u00f3n que hab\u00eda mantenido con los Estados Unidos y coincide con el incremento de detenci\u00f3n de migrantes que se ha registrado en M\u00e9xico, sobre todo de hondure\u00f1os, guatemaltecos y cubanos.<\/p>\n<p>M\u00e1s significativo a\u00fan, cuando el discurso se registra tan s\u00f3lo unas horas despu\u00e9s de que Beatriz Guti\u00e9rrez Muller, esposa del presidente, se reuni\u00f3 en Estados Unidos con Joe Biden so pretexto de los festejos del 5 de mayo.<\/p>\n<p>Los renglones del nuevo discurso hasta parecieran dictados. Ella lleg\u00f3 a Cuba reci\u00e9n desempacada de EUA, y las fotos de su visita fueron difundidas hasta por la propia Casa Blanca.<\/p>\n<p>\u00bfSer\u00e1 que Biden finalmente decidi\u00f3 poner d\u00f3lares en manos de estos gobiernos para controlar desde sus territorios un fen\u00f3meno que d\u00eda a d\u00eda crece sin control? Sea como sea, la pregunta es la misma: \u00bfQui\u00e9n es m\u00e1s culpable de todo eso?<\/p>\n<p>&nbsp;<\/p>\n<div style=\"width: 640px;\" class=\"wp-video\"><video class=\"wp-video-shortcode\" id=\"video-167556-1\" width=\"640\" height=\"640\" preload=\"metadata\" controls=\"controls\"><source type=\"video\/mp4\" src=\"https:\/\/laredsocial-noticias.com\/wp\/wp-content\/uploads\/2022\/05\/VIDEO-2022-05-09-08-31-57.mp4?_=1\" \/><a href=\"https:\/\/laredsocial-noticias.com\/wp\/wp-content\/uploads\/2022\/05\/VIDEO-2022-05-09-08-31-57.mp4\">https:\/\/laredsocial-noticias.com\/wp\/wp-content\/uploads\/2022\/05\/VIDEO-2022-05-09-08-31-57.mp4<\/a><\/video><\/div>\n","protected":false},"excerpt":{"rendered":"<p>Por JORGE OCTAVIO OCHOA. Para los mexicanos, los resultados de la reciente gira presidencial por Centroam\u00e9rica no ser\u00e1n nada halag\u00fce\u00f1os&#8230;.<\/p>\n","protected":false},"author":1,"featured_media":0,"comment_status":"closed","ping_status":"closed","sticky":false,"template":"","format":"standard","meta":{"footnotes":""},"categories":[399,28,101,102,78,1984],"tags":[],"class_list":["post-167556","post","type-post","status-publish","format-standard","hentry","category-gobierno-de-la-republica","category-gobierno-federal","category-internacional","category-internacionales","category-nacional","category-tras-bambalinas"],"yoast_head":"<!-- This site is optimized with the Yoast SEO plugin v26.5 - https:\/\/yoast.com\/wordpress\/plugins\/seo\/ -->\n<title>TRAS BAMBALINAS. La No primera dama en funci\u00f3n diplom\u00e1tica - NOTICIAS<\/title>\n<meta name=\"robots\" content=\"index, follow, max-snippet:-1, max-image-preview:large, max-video-preview:-1\" \/>\n<link rel=\"canonical\" href=\"https:\/\/laredsocial-noticias.com\/wp\/167556-2\/\" \/>\n<meta property=\"og:locale\" content=\"es_ES\" \/>\n<meta property=\"og:type\" content=\"article\" \/>\n<meta property=\"og:title\" content=\"TRAS BAMBALINAS. La No primera dama en funci\u00f3n diplom\u00e1tica - NOTICIAS\" \/>\n<meta property=\"og:description\" content=\"Por JORGE OCTAVIO OCHOA. Para los mexicanos, los resultados de la reciente gira presidencial por Centroam\u00e9rica no ser\u00e1n nada halag\u00fce\u00f1os....\" \/>\n<meta property=\"og:url\" content=\"https:\/\/laredsocial-noticias.com\/wp\/167556-2\/\" \/>\n<meta property=\"og:site_name\" content=\"NOTICIAS\" \/>\n<meta property=\"article:published_time\" content=\"2022-05-09T13:28:21+00:00\" \/>\n<meta property=\"article:modified_time\" content=\"2022-05-09T13:44:30+00:00\" \/>\n<meta property=\"og:image\" content=\"https:\/\/laredsocial-noticias.com\/wp\/wp-content\/uploads\/2022\/05\/Lo\u0301pez-Obrador-Habana.jpg\" \/>\n\t<meta property=\"og:image:width\" content=\"1280\" \/>\n\t<meta property=\"og:image:height\" content=\"720\" \/>\n\t<meta property=\"og:image:type\" content=\"image\/jpeg\" \/>\n<meta name=\"author\" content=\"Editor en Jefe\" \/>\n<meta name=\"twitter:card\" content=\"summary_large_image\" \/>\n<meta name=\"twitter:label1\" content=\"Escrito por\" \/>\n\t<meta name=\"twitter:data1\" content=\"Editor en Jefe\" \/>\n\t<meta name=\"twitter:label2\" content=\"Tiempo de lectura\" \/>\n\t<meta name=\"twitter:data2\" content=\"4 minutos\" \/>\n<!-- \/ Yoast SEO plugin. -->","yoast_head_json":{"title":"TRAS BAMBALINAS. La No primera dama en funci\u00f3n diplom\u00e1tica - NOTICIAS","robots":{"index":"index","follow":"follow","max-snippet":"max-snippet:-1","max-image-preview":"max-image-preview:large","max-video-preview":"max-video-preview:-1"},"canonical":"https:\/\/laredsocial-noticias.com\/wp\/167556-2\/","og_locale":"es_ES","og_type":"article","og_title":"TRAS BAMBALINAS. La No primera dama en funci\u00f3n diplom\u00e1tica - NOTICIAS","og_description":"Por JORGE OCTAVIO OCHOA. Para los mexicanos, los resultados de la reciente gira presidencial por Centroam\u00e9rica no ser\u00e1n nada halag\u00fce\u00f1os....","og_url":"https:\/\/laredsocial-noticias.com\/wp\/167556-2\/","og_site_name":"NOTICIAS","article_published_time":"2022-05-09T13:28:21+00:00","article_modified_time":"2022-05-09T13:44:30+00:00","og_image":[{"width":1280,"height":720,"url":"https:\/\/laredsocial-noticias.com\/wp\/wp-content\/uploads\/2022\/05\/Lo\u0301pez-Obrador-Habana.jpg","type":"image\/jpeg"}],"author":"Editor en Jefe","twitter_card":"summary_large_image","twitter_misc":{"Escrito por":"Editor en Jefe","Tiempo de lectura":"4 minutos"},"schema":{"@context":"https:\/\/schema.org","@graph":[{"@type":"WebPage","@id":"https:\/\/laredsocial-noticias.com\/wp\/167556-2\/","url":"https:\/\/laredsocial-noticias.com\/wp\/167556-2\/","name":"TRAS BAMBALINAS. La No primera dama en funci\u00f3n diplom\u00e1tica - NOTICIAS","isPartOf":{"@id":"https:\/\/laredsocial-noticias.com\/wp\/#website"},"datePublished":"2022-05-09T13:28:21+00:00","dateModified":"2022-05-09T13:44:30+00:00","author":{"@id":"https:\/\/laredsocial-noticias.com\/wp\/#\/schema\/person\/0ce78643f2de7aae6f6ef10e8453a6e0"},"breadcrumb":{"@id":"https:\/\/laredsocial-noticias.com\/wp\/167556-2\/#breadcrumb"},"inLanguage":"es","potentialAction":[{"@type":"ReadAction","target":["https:\/\/laredsocial-noticias.com\/wp\/167556-2\/"]}]},{"@type":"BreadcrumbList","@id":"https:\/\/laredsocial-noticias.com\/wp\/167556-2\/#breadcrumb","itemListElement":[{"@type":"ListItem","position":1,"name":"Portada","item":"https:\/\/laredsocial-noticias.com\/wp\/"},{"@type":"ListItem","position":2,"name":"TRAS BAMBALINAS. La No primera dama en funci\u00f3n diplom\u00e1tica"}]},{"@type":"WebSite","@id":"https:\/\/laredsocial-noticias.com\/wp\/#website","url":"https:\/\/laredsocial-noticias.com\/wp\/","name":"NOTICIAS","description":"Lo que se ve y se dice en las redes sociales","potentialAction":[{"@type":"SearchAction","target":{"@type":"EntryPoint","urlTemplate":"https:\/\/laredsocial-noticias.com\/wp\/?s={search_term_string}"},"query-input":{"@type":"PropertyValueSpecification","valueRequired":true,"valueName":"search_term_string"}}],"inLanguage":"es"},{"@type":"Person","@id":"https:\/\/laredsocial-noticias.com\/wp\/#\/schema\/person\/0ce78643f2de7aae6f6ef10e8453a6e0","name":"Editor en Jefe","url":"https:\/\/laredsocial-noticias.com\/wp\/author\/jorgeochoa\/"}]}},"_links":{"self":[{"href":"https:\/\/laredsocial-noticias.com\/wp\/wp-json\/wp\/v2\/posts\/167556","targetHints":{"allow":["GET"]}}],"collection":[{"href":"https:\/\/laredsocial-noticias.com\/wp\/wp-json\/wp\/v2\/posts"}],"about":[{"href":"https:\/\/laredsocial-noticias.com\/wp\/wp-json\/wp\/v2\/types\/post"}],"author":[{"embeddable":true,"href":"https:\/\/laredsocial-noticias.com\/wp\/wp-json\/wp\/v2\/users\/1"}],"replies":[{"embeddable":true,"href":"https:\/\/laredsocial-noticias.com\/wp\/wp-json\/wp\/v2\/comments?post=167556"}],"version-history":[{"count":4,"href":"https:\/\/laredsocial-noticias.com\/wp\/wp-json\/wp\/v2\/posts\/167556\/revisions"}],"predecessor-version":[{"id":167561,"href":"https:\/\/laredsocial-noticias.com\/wp\/wp-json\/wp\/v2\/posts\/167556\/revisions\/167561"}],"wp:attachment":[{"href":"https:\/\/laredsocial-noticias.com\/wp\/wp-json\/wp\/v2\/media?parent=167556"}],"wp:term":[{"taxonomy":"category","embeddable":true,"href":"https:\/\/laredsocial-noticias.com\/wp\/wp-json\/wp\/v2\/categories?post=167556"},{"taxonomy":"post_tag","embeddable":true,"href":"https:\/\/laredsocial-noticias.com\/wp\/wp-json\/wp\/v2\/tags?post=167556"}],"curies":[{"name":"wp","href":"https:\/\/api.w.org\/{rel}","templated":true}]}}