{"id":167813,"date":"2022-05-11T11:15:14","date_gmt":"2022-05-11T16:15:14","guid":{"rendered":"https:\/\/laredsocial-noticias.com\/wp\/?p=167813"},"modified":"2022-05-11T20:15:44","modified_gmt":"2022-05-12T01:15:44","slug":"por-primera-ocasion-tecate-reconocera-a-las-futbolistas-mas-destacadas-de-la-liga-mx-femenil","status":"publish","type":"post","link":"https:\/\/laredsocial-noticias.com\/wp\/por-primera-ocasion-tecate-reconocera-a-las-futbolistas-mas-destacadas-de-la-liga-mx-femenil\/","title":{"rendered":"Por primera ocasi\u00f3n, Tecate\u00ae reconocer\u00e1 a las  futbolistas m\u00e1s destacadas de la Liga MX Femenil"},"content":{"rendered":"<ul>\n<li><em>La marca reafirma su compromiso con la inclusi\u00f3n al premiar a las mejores ocho jugadoras de los partidos de cuartos, semifinales y final del torneo Clausura 2022<\/em><\/li>\n<\/ul>\n<p>Por primera ocasi\u00f3n, a trav\u00e9s del trofeo <em>La Jugadora del Partido<\/em>, Tecate\u00ae reconocer\u00e1 a las ocho futbolistas m\u00e1s destacadas durante los juegos de cuartos de final del torneo de Clausura 2022, reafirmando su compromiso con el futbol y fortaleciendo su alianza con la Liga MX Femenil.<\/p>\n<p><em>\u201cLa inclusi\u00f3n y la equidad de g\u00e9nero son elementos prioritarios que forman parte del ADN de HEINEKEN M\u00e9xico y su portafolio de marcas. En Tecate\u00ae estamos sumamente emocionados por poder galardonar por primera vez a aquellas jugadoras que sobresalen y ponen toda su pasi\u00f3n en la cancha. Como la cerveza oficial de la Liga MX, estamos convencidos que un gran paso para romper con estereotipos de g\u00e9nero, nuestras futbolistas deben y merecen ser reconocidas<\/em>\u201d, afirma Nalini Bhagwandin, gerente de Tecate\u00ae en M\u00e9xico.<\/p>\n<p><em>El Jugador y La Jugadora del Partido <\/em>es una iniciativa de Tecate\u00ae que surgi\u00f3 en 2021 para reconocer a los mejores y m\u00e1s sobresalientes futbolistas o \u201c<em>cracks\u201d<\/em> de la Liga MX, a trav\u00e9s de un emblem\u00e1tico trofeo que busca motivar a mujeres y hombres de cada club para dar el m\u00e1ximo en cada partido.<\/p>\n<p><em>\u201cUno de los pilares de la Liga MX Femenil es reconocer a las jugadoras por su calidad y motivarlas a alcanzar su m\u00e1ximo potencial, situaci\u00f3n que trasciende a cosas m\u00e1s grandes como ser agentes de cambio en nuestro futbol y en la sociedad, siendo factor fundamental para reducir la brecha de g\u00e9nero y motivar a las futuras generaciones a seguir abriendo la cancha a los sue\u00f1os\u201d<\/em>, enfatiz\u00f3 Mariana Guti\u00e9rrez Bern\u00e1rdez, directora de la liga femenil.<img loading=\"lazy\" decoding=\"async\" class=\"wp-image-39258 aligncenter\" src=\"https:\/\/laredsocial-noticias.com\/wp\/wp-content\/uploads\/2022\/05\/WhatsApp-Image-2022-05-11-at-11.00.29-AM-1.jpeg\" alt=\"\" width=\"400\" height=\"619\" \/><\/p>\n<p>Dise\u00f1ado por el escultor y soldador mexicano David Madero, cada trofeo es elaborado en bloque de cristal pulido a mano, pesa en total 8 kilos y tiene una altura de 40 cent\u00edmetros, el cual, gracias a su fabricaci\u00f3n completamente artesanal, logra resaltar cada detalle del \u00e1guila representativa de M\u00e9xico y Tecate\u00ae.<\/p>\n<p>Para concluir, la gerente de Tecate\u00ae a\u00f1adi\u00f3: \u201c<em>Cada gota de sudor y cada gol es reflejo del esfuerzo que d\u00eda con d\u00eda hacen nuestras jugadoras para poner en alto el nombre de M\u00e9xico en el f\u00fatbol. Celebrarlas con un trofeo como \u00e9ste, permite visualizar la importancia del papel de las mujeres en el balompi\u00e9\u201d.<\/em><\/p>\n<p>En el partido de Am\u00e9rica Vs Pachuca, llevado a cabo en el Estadio Azteca el pasado 8 de mayo, Charlyn Corral, del equipo hidalguense, fue la primera galardonada con este trofeo por su entrega y destacada participaci\u00f3n.<\/p>\n","protected":false},"excerpt":{"rendered":"<p>La marca reafirma su compromiso con la inclusi\u00f3n al premiar a las mejores ocho jugadoras de los partidos de cuartos,&#8230;<\/p>\n","protected":false},"author":1,"featured_media":0,"comment_status":"open","ping_status":"closed","sticky":false,"template":"","format":"standard","meta":{"footnotes":""},"categories":[337,6026],"tags":[4959,77],"class_list":["post-167813","post","type-post","status-publish","format-standard","hentry","category-deportes","category-portada","tag-featured","tag-principal"],"yoast_head":"<!-- This site is optimized with the Yoast SEO plugin v26.5 - https:\/\/yoast.com\/wordpress\/plugins\/seo\/ -->\n<title>Por primera ocasi\u00f3n, Tecate\u00ae reconocer\u00e1 a las futbolistas m\u00e1s destacadas de la Liga MX Femenil - NOTICIAS<\/title>\n<meta name=\"robots\" content=\"index, follow, max-snippet:-1, max-image-preview:large, max-video-preview:-1\" \/>\n<link rel=\"canonical\" href=\"https:\/\/laredsocial-noticias.com\/wp\/por-primera-ocasion-tecate-reconocera-a-las-futbolistas-mas-destacadas-de-la-liga-mx-femenil\/\" \/>\n<meta property=\"og:locale\" content=\"es_ES\" \/>\n<meta property=\"og:type\" content=\"article\" \/>\n<meta property=\"og:title\" content=\"Por primera ocasi\u00f3n, Tecate\u00ae reconocer\u00e1 a las futbolistas m\u00e1s destacadas de la Liga MX Femenil - NOTICIAS\" \/>\n<meta property=\"og:description\" content=\"La marca reafirma su compromiso con la inclusi\u00f3n al premiar a las mejores ocho jugadoras de los partidos de cuartos,...\" \/>\n<meta property=\"og:url\" content=\"https:\/\/laredsocial-noticias.com\/wp\/por-primera-ocasion-tecate-reconocera-a-las-futbolistas-mas-destacadas-de-la-liga-mx-femenil\/\" \/>\n<meta property=\"og:site_name\" content=\"NOTICIAS\" \/>\n<meta property=\"article:published_time\" content=\"2022-05-11T16:15:14+00:00\" \/>\n<meta property=\"article:modified_time\" content=\"2022-05-12T01:15:44+00:00\" \/>\n<meta property=\"og:image\" content=\"https:\/\/laredsocial-noticias.com\/wp\/wp-content\/uploads\/2022\/05\/WhatsApp-Image-2022-05-11-at-11.00.29-AM-1.jpeg\" \/>\n<meta name=\"author\" content=\"Editor en Jefe\" \/>\n<meta name=\"twitter:card\" content=\"summary_large_image\" \/>\n<meta name=\"twitter:label1\" content=\"Escrito por\" \/>\n\t<meta name=\"twitter:data1\" content=\"Editor en Jefe\" \/>\n\t<meta name=\"twitter:label2\" content=\"Tiempo de lectura\" \/>\n\t<meta name=\"twitter:data2\" content=\"2 minutos\" \/>\n<!-- \/ Yoast SEO plugin. -->","yoast_head_json":{"title":"Por primera ocasi\u00f3n, Tecate\u00ae reconocer\u00e1 a las futbolistas m\u00e1s destacadas de la Liga MX Femenil - NOTICIAS","robots":{"index":"index","follow":"follow","max-snippet":"max-snippet:-1","max-image-preview":"max-image-preview:large","max-video-preview":"max-video-preview:-1"},"canonical":"https:\/\/laredsocial-noticias.com\/wp\/por-primera-ocasion-tecate-reconocera-a-las-futbolistas-mas-destacadas-de-la-liga-mx-femenil\/","og_locale":"es_ES","og_type":"article","og_title":"Por primera ocasi\u00f3n, Tecate\u00ae reconocer\u00e1 a las futbolistas m\u00e1s destacadas de la Liga MX Femenil - NOTICIAS","og_description":"La marca reafirma su compromiso con la inclusi\u00f3n al premiar a las mejores ocho jugadoras de los partidos de cuartos,...","og_url":"https:\/\/laredsocial-noticias.com\/wp\/por-primera-ocasion-tecate-reconocera-a-las-futbolistas-mas-destacadas-de-la-liga-mx-femenil\/","og_site_name":"NOTICIAS","article_published_time":"2022-05-11T16:15:14+00:00","article_modified_time":"2022-05-12T01:15:44+00:00","og_image":[{"url":"https:\/\/laredsocial-noticias.com\/wp\/wp-content\/uploads\/2022\/05\/WhatsApp-Image-2022-05-11-at-11.00.29-AM-1.jpeg","type":"","width":"","height":""}],"author":"Editor en Jefe","twitter_card":"summary_large_image","twitter_misc":{"Escrito por":"Editor en Jefe","Tiempo de lectura":"2 minutos"},"schema":{"@context":"https:\/\/schema.org","@graph":[{"@type":"WebPage","@id":"https:\/\/laredsocial-noticias.com\/wp\/por-primera-ocasion-tecate-reconocera-a-las-futbolistas-mas-destacadas-de-la-liga-mx-femenil\/","url":"https:\/\/laredsocial-noticias.com\/wp\/por-primera-ocasion-tecate-reconocera-a-las-futbolistas-mas-destacadas-de-la-liga-mx-femenil\/","name":"Por primera ocasi\u00f3n, Tecate\u00ae reconocer\u00e1 a las futbolistas m\u00e1s destacadas de la Liga MX Femenil - NOTICIAS","isPartOf":{"@id":"https:\/\/laredsocial-noticias.com\/wp\/#website"},"primaryImageOfPage":{"@id":"https:\/\/laredsocial-noticias.com\/wp\/por-primera-ocasion-tecate-reconocera-a-las-futbolistas-mas-destacadas-de-la-liga-mx-femenil\/#primaryimage"},"image":{"@id":"https:\/\/laredsocial-noticias.com\/wp\/por-primera-ocasion-tecate-reconocera-a-las-futbolistas-mas-destacadas-de-la-liga-mx-femenil\/#primaryimage"},"thumbnailUrl":"https:\/\/laredsocial-noticias.com\/wp\/wp-content\/uploads\/2022\/05\/WhatsApp-Image-2022-05-11-at-11.00.29-AM-1.jpeg","datePublished":"2022-05-11T16:15:14+00:00","dateModified":"2022-05-12T01:15:44+00:00","author":{"@id":"https:\/\/laredsocial-noticias.com\/wp\/#\/schema\/person\/0ce78643f2de7aae6f6ef10e8453a6e0"},"breadcrumb":{"@id":"https:\/\/laredsocial-noticias.com\/wp\/por-primera-ocasion-tecate-reconocera-a-las-futbolistas-mas-destacadas-de-la-liga-mx-femenil\/#breadcrumb"},"inLanguage":"es","potentialAction":[{"@type":"ReadAction","target":["https:\/\/laredsocial-noticias.com\/wp\/por-primera-ocasion-tecate-reconocera-a-las-futbolistas-mas-destacadas-de-la-liga-mx-femenil\/"]}]},{"@type":"ImageObject","inLanguage":"es","@id":"https:\/\/laredsocial-noticias.com\/wp\/por-primera-ocasion-tecate-reconocera-a-las-futbolistas-mas-destacadas-de-la-liga-mx-femenil\/#primaryimage","url":"","contentUrl":""},{"@type":"BreadcrumbList","@id":"https:\/\/laredsocial-noticias.com\/wp\/por-primera-ocasion-tecate-reconocera-a-las-futbolistas-mas-destacadas-de-la-liga-mx-femenil\/#breadcrumb","itemListElement":[{"@type":"ListItem","position":1,"name":"Portada","item":"https:\/\/laredsocial-noticias.com\/wp\/"},{"@type":"ListItem","position":2,"name":"Por primera ocasi\u00f3n, Tecate\u00ae reconocer\u00e1 a las futbolistas m\u00e1s destacadas de la Liga MX Femenil"}]},{"@type":"WebSite","@id":"https:\/\/laredsocial-noticias.com\/wp\/#website","url":"https:\/\/laredsocial-noticias.com\/wp\/","name":"NOTICIAS","description":"Lo que se ve y se dice en las redes sociales","potentialAction":[{"@type":"SearchAction","target":{"@type":"EntryPoint","urlTemplate":"https:\/\/laredsocial-noticias.com\/wp\/?s={search_term_string}"},"query-input":{"@type":"PropertyValueSpecification","valueRequired":true,"valueName":"search_term_string"}}],"inLanguage":"es"},{"@type":"Person","@id":"https:\/\/laredsocial-noticias.com\/wp\/#\/schema\/person\/0ce78643f2de7aae6f6ef10e8453a6e0","name":"Editor en Jefe","url":"https:\/\/laredsocial-noticias.com\/wp\/author\/jorgeochoa\/"}]}},"_links":{"self":[{"href":"https:\/\/laredsocial-noticias.com\/wp\/wp-json\/wp\/v2\/posts\/167813","targetHints":{"allow":["GET"]}}],"collection":[{"href":"https:\/\/laredsocial-noticias.com\/wp\/wp-json\/wp\/v2\/posts"}],"about":[{"href":"https:\/\/laredsocial-noticias.com\/wp\/wp-json\/wp\/v2\/types\/post"}],"author":[{"embeddable":true,"href":"https:\/\/laredsocial-noticias.com\/wp\/wp-json\/wp\/v2\/users\/1"}],"replies":[{"embeddable":true,"href":"https:\/\/laredsocial-noticias.com\/wp\/wp-json\/wp\/v2\/comments?post=167813"}],"version-history":[{"count":1,"href":"https:\/\/laredsocial-noticias.com\/wp\/wp-json\/wp\/v2\/posts\/167813\/revisions"}],"predecessor-version":[{"id":167814,"href":"https:\/\/laredsocial-noticias.com\/wp\/wp-json\/wp\/v2\/posts\/167813\/revisions\/167814"}],"wp:attachment":[{"href":"https:\/\/laredsocial-noticias.com\/wp\/wp-json\/wp\/v2\/media?parent=167813"}],"wp:term":[{"taxonomy":"category","embeddable":true,"href":"https:\/\/laredsocial-noticias.com\/wp\/wp-json\/wp\/v2\/categories?post=167813"},{"taxonomy":"post_tag","embeddable":true,"href":"https:\/\/laredsocial-noticias.com\/wp\/wp-json\/wp\/v2\/tags?post=167813"}],"curies":[{"name":"wp","href":"https:\/\/api.w.org\/{rel}","templated":true}]}}