{"id":16807,"date":"2016-07-09T18:57:01","date_gmt":"2016-07-09T23:57:01","guid":{"rendered":"http:\/\/laredsocial-noticias.com\/wp\/?p=16807"},"modified":"2016-07-09T19:01:26","modified_gmt":"2016-07-10T00:01:26","slug":"arranca-delegacion-miguel-hidalgo-bici-tours-mh","status":"publish","type":"post","link":"https:\/\/laredsocial-noticias.com\/wp\/arranca-delegacion-miguel-hidalgo-bici-tours-mh\/","title":{"rendered":"ARRANCA DELEGACI\u00d3N MIGUEL HIDALGO BICI TOURS MH"},"content":{"rendered":"<p>&nbsp;<\/p>\n<p><img loading=\"lazy\" decoding=\"async\" class=\"aligncenter size-full wp-image-16804\" src=\"http:\/\/laredsocial-noticias.com\/wp\/wp-content\/uploads\/2016\/07\/FOTO-1-09JUL16.jpg\" alt=\"FOTO 1 09JUL16\" width=\"1600\" height=\"1067\" data-wp-pid=\"16804\" \/><\/p>\n<p>&nbsp;<\/p>\n<ul>\n<li>A trav\u00e9s de recorridos en bicicleta, los visitantes conocer\u00e1n lugares emblem\u00e1ticos de la demarcaci\u00f3n.<\/li>\n<\/ul>\n<p>&nbsp;<\/p>\n<ul>\n<li>Defiende la Jefa Delegacional a la bicicleta como una alternativa de movilidad en la ciudad.<\/li>\n<\/ul>\n<p>&nbsp;<\/p>\n<ul>\n<li>Por la ma\u00f1ana, X\u00f3chitl G\u00e1lvez encabez\u00f3 jornada de plantaci\u00f3n de \u00e1rboles en las colonias Granada y Ampliaci\u00f3n Granda.<\/li>\n<\/ul>\n<p>&nbsp;<\/p>\n<blockquote><p>La Delegaci\u00f3n Miguel Hidalgo y agrupaci\u00f3n Rock &amp; Ruedas pusieron en marcha el programa\u00a0 Bici Tours MH,\u00a0 que busca fomentar el turismo cultural en la demarcaci\u00f3n y promover el uso de la bicicleta como una alternativa de movilidad en la ciudad.<\/p><\/blockquote>\n<p>&nbsp;<\/p>\n<p>Acompa\u00f1ada por vecinos, integrantes de Rock &amp; Ruedas y representantes de los medios de comunicaci\u00f3n, la Jefa Delegacional en Miguel Hidalgo, X\u00f3chitl G\u00e1lvez Ruiz, inici\u00f3 la rodada en el Parque Lincoln y recorri\u00f3 las calles de Masaryk, Horacio y Ferrocarril de Cuernavaca, realizando paradas en puntos de inter\u00e9s tur\u00edstico y arquitect\u00f3nico como el Conservatorio Nacional de M\u00fasica, la Hacienda de los Morales y la iglesia de San Agust\u00edn.<\/p>\n<p>&nbsp;<\/p>\n<p>La Jefa Delegacional destac\u00f3 la necesidad de generar conciencia y disuadir el uso excesivo e innecesario del autom\u00f3vil y buscar nuevas alternativas de movilidad, sobre todo ahora que los niveles de contaminaci\u00f3n se han disparado.<\/p>\n<p>&nbsp;<\/p>\n<blockquote><p>\u201cEstamos rebasados y esta ciudad no puede con m\u00e1s autos.\u00a0 La bicicleta presenta una soluci\u00f3n real, sana y efectiva para movernos en la delegaci\u00f3n y en toda la ciudad.\u00a0 Actualmente se cuenta con infraestructura de ciclov\u00edas y seguiremos impulsado la inversi\u00f3n en este rubro\u201d, asegur\u00f3 X\u00f3chitl G\u00e1lvez.<\/p><\/blockquote>\n<p>&nbsp;<\/p>\n<p>Explic\u00f3 que durante el verano los tours ser\u00e1n gratuitos y posteriormente habr\u00e1 una cuota de recuperaci\u00f3n que servir\u00e1 para dar mantenimiento a las bicicletas, las cuales son propiedad de la agrupaci\u00f3n Rock &amp; Ruedas.<\/p>\n<p>&nbsp;<\/p>\n<p>Los tours culturales se realizan en los horarios de 11:00, 13:00 y 16:00 horas y contar\u00e1n con diversos recorridos de aproximadamente dos horas cada uno. Habr\u00e1 nuevas rutas para visitar otros lugares arquitect\u00f3nicos, hist\u00f3ricos y art\u00edsticos. Adem\u00e1s, se realizar\u00e1n recorridos especiales en D\u00eda de Muertos y fiestas patrias.<\/p>\n<p>&nbsp;<\/p>\n<p>En el evento estuvieron presentes la Directora Ejecutiva de Desarrollo Social de la delegaci\u00f3n, Gabriela Salido Magos y el representante de Rock &amp; Ruedas, Alejandro Dom\u00ednguez.<\/p>\n<p>&nbsp;<\/p>\n<p>Por la ma\u00f1ana, la Jefa Delegacional encabez\u00f3 una Jornada de Plantaci\u00f3n de \u00e1rboles frutales, como ciruelos, tejocotes y chabacanos, as\u00ed como de la especie Ficus, en calles de las colonias Granada y Ampliaci\u00f3n Granada, donde participaron vecinos.<\/p>\n<p>&nbsp;<\/p>\n<p>\u201cNecesitamos \u00e1reas verdes, debemos participar en la reforestaci\u00f3n para generar aire limpio para nuestros hijos, no podemos quedarnos cruzados de brazos.\u00a0 Los vecinos pueden adoptar los \u00e1rboles de las calles para regarlos por lo menos dos veces a la semana.\u00a0 Asumamos esa responsabilidad\u201d, solicit\u00f3.<\/p>\n<p>&nbsp;<\/p>\n<p>TWITTER: <a href=\"https:\/\/twitter.com\/LaRedSocialMX\">@LaRedSocialMX<\/a><u>\u00a0\u00a0 \u00a0\u00a0<\/u><a href=\"https:\/\/twitter.com\/laredsocialcom\">@laredsocialcom<\/a><\/p>\n<p>FACEBOOK: Laredsoc\u00a0\u00a0 \u2026..\u00a0 Redsocial Noticias<\/p>\n","protected":false},"excerpt":{"rendered":"<p>&nbsp; &nbsp; A trav\u00e9s de recorridos en bicicleta, los visitantes conocer\u00e1n lugares emblem\u00e1ticos de la demarcaci\u00f3n. &nbsp; Defiende la Jefa&#8230;<\/p>\n","protected":false},"author":1,"featured_media":0,"comment_status":"open","ping_status":"open","sticky":false,"template":"","format":"standard","meta":{"footnotes":""},"categories":[91],"tags":[],"class_list":["post-16807","post","type-post","status-publish","format-standard","hentry","category-cdmx"],"yoast_head":"<!-- This site is optimized with the Yoast SEO plugin v26.5 - https:\/\/yoast.com\/wordpress\/plugins\/seo\/ -->\n<title>ARRANCA DELEGACI\u00d3N MIGUEL HIDALGO BICI TOURS MH - NOTICIAS<\/title>\n<meta name=\"robots\" content=\"index, follow, max-snippet:-1, max-image-preview:large, max-video-preview:-1\" \/>\n<link rel=\"canonical\" href=\"https:\/\/laredsocial-noticias.com\/wp\/arranca-delegacion-miguel-hidalgo-bici-tours-mh\/\" \/>\n<meta property=\"og:locale\" content=\"es_ES\" \/>\n<meta property=\"og:type\" content=\"article\" \/>\n<meta property=\"og:title\" content=\"ARRANCA DELEGACI\u00d3N MIGUEL HIDALGO BICI TOURS MH - NOTICIAS\" \/>\n<meta property=\"og:description\" content=\"&nbsp; &nbsp; A trav\u00e9s de recorridos en bicicleta, los visitantes conocer\u00e1n lugares emblem\u00e1ticos de la demarcaci\u00f3n. &nbsp; Defiende la Jefa...\" \/>\n<meta property=\"og:url\" content=\"https:\/\/laredsocial-noticias.com\/wp\/arranca-delegacion-miguel-hidalgo-bici-tours-mh\/\" \/>\n<meta property=\"og:site_name\" content=\"NOTICIAS\" \/>\n<meta property=\"article:published_time\" content=\"2016-07-09T23:57:01+00:00\" \/>\n<meta property=\"article:modified_time\" content=\"2016-07-10T00:01:26+00:00\" \/>\n<meta property=\"og:image\" content=\"https:\/\/laredsocial-noticias.com\/wp\/wp-content\/uploads\/2016\/07\/FOTO-3-09JUL16.jpg\" \/>\n\t<meta property=\"og:image:width\" content=\"1600\" \/>\n\t<meta property=\"og:image:height\" content=\"1068\" \/>\n\t<meta property=\"og:image:type\" content=\"image\/jpeg\" \/>\n<meta name=\"author\" content=\"Editor en Jefe\" \/>\n<meta name=\"twitter:card\" content=\"summary_large_image\" \/>\n<meta name=\"twitter:label1\" content=\"Escrito por\" \/>\n\t<meta name=\"twitter:data1\" content=\"Editor en Jefe\" \/>\n\t<meta name=\"twitter:label2\" content=\"Tiempo de lectura\" \/>\n\t<meta name=\"twitter:data2\" content=\"2 minutos\" \/>\n<!-- \/ Yoast SEO plugin. -->","yoast_head_json":{"title":"ARRANCA DELEGACI\u00d3N MIGUEL HIDALGO BICI TOURS MH - NOTICIAS","robots":{"index":"index","follow":"follow","max-snippet":"max-snippet:-1","max-image-preview":"max-image-preview:large","max-video-preview":"max-video-preview:-1"},"canonical":"https:\/\/laredsocial-noticias.com\/wp\/arranca-delegacion-miguel-hidalgo-bici-tours-mh\/","og_locale":"es_ES","og_type":"article","og_title":"ARRANCA DELEGACI\u00d3N MIGUEL HIDALGO BICI TOURS MH - NOTICIAS","og_description":"&nbsp; &nbsp; A trav\u00e9s de recorridos en bicicleta, los visitantes conocer\u00e1n lugares emblem\u00e1ticos de la demarcaci\u00f3n. &nbsp; Defiende la Jefa...","og_url":"https:\/\/laredsocial-noticias.com\/wp\/arranca-delegacion-miguel-hidalgo-bici-tours-mh\/","og_site_name":"NOTICIAS","article_published_time":"2016-07-09T23:57:01+00:00","article_modified_time":"2016-07-10T00:01:26+00:00","og_image":[{"width":1600,"height":1068,"url":"https:\/\/laredsocial-noticias.com\/wp\/wp-content\/uploads\/2016\/07\/FOTO-3-09JUL16.jpg","type":"image\/jpeg"}],"author":"Editor en Jefe","twitter_card":"summary_large_image","twitter_misc":{"Escrito por":"Editor en Jefe","Tiempo de lectura":"2 minutos"},"schema":{"@context":"https:\/\/schema.org","@graph":[{"@type":"WebPage","@id":"https:\/\/laredsocial-noticias.com\/wp\/arranca-delegacion-miguel-hidalgo-bici-tours-mh\/","url":"https:\/\/laredsocial-noticias.com\/wp\/arranca-delegacion-miguel-hidalgo-bici-tours-mh\/","name":"ARRANCA DELEGACI\u00d3N MIGUEL HIDALGO BICI TOURS MH - NOTICIAS","isPartOf":{"@id":"https:\/\/laredsocial-noticias.com\/wp\/#website"},"primaryImageOfPage":{"@id":"https:\/\/laredsocial-noticias.com\/wp\/arranca-delegacion-miguel-hidalgo-bici-tours-mh\/#primaryimage"},"image":{"@id":"https:\/\/laredsocial-noticias.com\/wp\/arranca-delegacion-miguel-hidalgo-bici-tours-mh\/#primaryimage"},"thumbnailUrl":"http:\/\/laredsocial-noticias.com\/wp\/wp-content\/uploads\/2016\/07\/FOTO-1-09JUL16.jpg","datePublished":"2016-07-09T23:57:01+00:00","dateModified":"2016-07-10T00:01:26+00:00","author":{"@id":"https:\/\/laredsocial-noticias.com\/wp\/#\/schema\/person\/0ce78643f2de7aae6f6ef10e8453a6e0"},"breadcrumb":{"@id":"https:\/\/laredsocial-noticias.com\/wp\/arranca-delegacion-miguel-hidalgo-bici-tours-mh\/#breadcrumb"},"inLanguage":"es","potentialAction":[{"@type":"ReadAction","target":["https:\/\/laredsocial-noticias.com\/wp\/arranca-delegacion-miguel-hidalgo-bici-tours-mh\/"]}]},{"@type":"ImageObject","inLanguage":"es","@id":"https:\/\/laredsocial-noticias.com\/wp\/arranca-delegacion-miguel-hidalgo-bici-tours-mh\/#primaryimage","url":"","contentUrl":""},{"@type":"BreadcrumbList","@id":"https:\/\/laredsocial-noticias.com\/wp\/arranca-delegacion-miguel-hidalgo-bici-tours-mh\/#breadcrumb","itemListElement":[{"@type":"ListItem","position":1,"name":"Portada","item":"https:\/\/laredsocial-noticias.com\/wp\/"},{"@type":"ListItem","position":2,"name":"ARRANCA DELEGACI\u00d3N MIGUEL HIDALGO BICI TOURS MH"}]},{"@type":"WebSite","@id":"https:\/\/laredsocial-noticias.com\/wp\/#website","url":"https:\/\/laredsocial-noticias.com\/wp\/","name":"NOTICIAS","description":"Lo que se ve y se dice en las redes sociales","potentialAction":[{"@type":"SearchAction","target":{"@type":"EntryPoint","urlTemplate":"https:\/\/laredsocial-noticias.com\/wp\/?s={search_term_string}"},"query-input":{"@type":"PropertyValueSpecification","valueRequired":true,"valueName":"search_term_string"}}],"inLanguage":"es"},{"@type":"Person","@id":"https:\/\/laredsocial-noticias.com\/wp\/#\/schema\/person\/0ce78643f2de7aae6f6ef10e8453a6e0","name":"Editor en Jefe","url":"https:\/\/laredsocial-noticias.com\/wp\/author\/jorgeochoa\/"}]}},"_links":{"self":[{"href":"https:\/\/laredsocial-noticias.com\/wp\/wp-json\/wp\/v2\/posts\/16807","targetHints":{"allow":["GET"]}}],"collection":[{"href":"https:\/\/laredsocial-noticias.com\/wp\/wp-json\/wp\/v2\/posts"}],"about":[{"href":"https:\/\/laredsocial-noticias.com\/wp\/wp-json\/wp\/v2\/types\/post"}],"author":[{"embeddable":true,"href":"https:\/\/laredsocial-noticias.com\/wp\/wp-json\/wp\/v2\/users\/1"}],"replies":[{"embeddable":true,"href":"https:\/\/laredsocial-noticias.com\/wp\/wp-json\/wp\/v2\/comments?post=16807"}],"version-history":[{"count":3,"href":"https:\/\/laredsocial-noticias.com\/wp\/wp-json\/wp\/v2\/posts\/16807\/revisions"}],"predecessor-version":[{"id":16810,"href":"https:\/\/laredsocial-noticias.com\/wp\/wp-json\/wp\/v2\/posts\/16807\/revisions\/16810"}],"wp:attachment":[{"href":"https:\/\/laredsocial-noticias.com\/wp\/wp-json\/wp\/v2\/media?parent=16807"}],"wp:term":[{"taxonomy":"category","embeddable":true,"href":"https:\/\/laredsocial-noticias.com\/wp\/wp-json\/wp\/v2\/categories?post=16807"},{"taxonomy":"post_tag","embeddable":true,"href":"https:\/\/laredsocial-noticias.com\/wp\/wp-json\/wp\/v2\/tags?post=16807"}],"curies":[{"name":"wp","href":"https:\/\/api.w.org\/{rel}","templated":true}]}}