{"id":168099,"date":"2022-05-15T16:52:22","date_gmt":"2022-05-15T21:52:22","guid":{"rendered":"https:\/\/laredsocial-noticias.com\/wp\/?p=168099"},"modified":"2022-05-15T16:52:36","modified_gmt":"2022-05-15T21:52:36","slug":"con-gritos-de-presidente-reciben-a-monreal-en-quintana-roo","status":"publish","type":"post","link":"https:\/\/laredsocial-noticias.com\/wp\/con-gritos-de-presidente-reciben-a-monreal-en-quintana-roo\/","title":{"rendered":"Con gritos de \u201c\u00a1Presidente!\u201d reciben a Monreal en Quintana Roo"},"content":{"rendered":"<p><a href=\"https:\/\/laredsocial-noticias.com\/wp\/wp-content\/uploads\/2022\/05\/A66E68A4-EB6D-4800-AAA2-8AA63038DFCD.jpeg\"><img loading=\"lazy\" decoding=\"async\" class=\"alignleft size-thumbnail wp-image-168107\" src=\"https:\/\/laredsocial-noticias.com\/wp\/wp-content\/uploads\/2022\/05\/A66E68A4-EB6D-4800-AAA2-8AA63038DFCD-150x150.jpeg\" alt=\"\" width=\"150\" height=\"150\" \/><\/a>El senador Ricardo Monreal \u00c1vila fue recibido con el grito de \u00a1Presidente! \u00a1Presidente!, por los asistentes a un mitin de la candidata a la gubernatura de Quintana Roo, Mara Lezama, quien compite por la coalici\u00f3n Juntos Hacemos Historia.<\/p>\n<p>Monreal \u00c1vila acompa\u00f1\u00f3, con varios senadores de Morena, a quien se perfila como la nueva gobernadora del estado a un recorrido por el municipio de Benito Ju\u00e1rez. Al llegar a la concentraci\u00f3n, donde los esperaban miles de simpatizantes, varios de ellos lo reconocieron, le levantaron la mano y corearon \u00a1Presidente! \u00a1Presidente!<\/p>\n<p>No es la primera vez que el l\u00edder de Morena en el Senado de la Rep\u00fablica recibe el respaldo de militantes del movimiento, para que compita por la Presidencia de la Rep\u00fablica de 2024.<\/p>\n<p>Ocurri\u00f3 en el Sal\u00f3n Tenampa, de la Ciudad de M\u00e9xico; en Saltillo, Coahuila, durante el Tercer Informe del senador Armando Guadiana; durante la presentaci\u00f3n de su libro \u201cOtro campo es posible\u201d, en Tuxtla Guti\u00e9rrez, Chiapas; y en el propio Sal\u00f3n de Sesiones del Senado, cuando se debat\u00edan las causas del por qu\u00e9 no se incluy\u00f3 al llamado Grupo Plural en la Comisi\u00f3n Permanente, en diciembre del a\u00f1o pasado.<\/p>\n<p>Monreal \u00c1vila ha dejado claro que, una vez que se publique la convocatoria de su partido, se inscribir\u00e1 para competir por la candidatura de Morena a la Presidencia de la Rep\u00fablica.<\/p>\n<p>Tambi\u00e9n ha reiterado su posici\u00f3n para que se establezcan reglas claras y piso parejo para designar al candidato del movimiento que encabeza el presidente Andr\u00e9s Manuel L\u00f3pez Obrador, quien se ha resistido a mencionar al senador como uno de los fuertes aspirantes a sucederlo.<\/p>\n<p>En el estrado, acompa\u00f1ado de la candidata a la gubernatura de Quintana Roo, el senador destac\u00f3 la unidad de Morena, del Partido del Trabajo, del Partido Verde Ecologista de M\u00e9xico y de Fuerza por M\u00e9xico, para apoyar a \u201cuna mujer que encabeza un movimiento social para transformar\u201d a la entidad de ra\u00edz.<\/p>\n<p>Adem\u00e1s, frente a Rafael Ochoa, quien fue l\u00edder del SNTE, convoc\u00f3 a los maestros para \u201cno titubear\u201d ni temerle al cambio, pues \u201cvamos con claridad, con visi\u00f3n de futuro, a transformar este estado (\u2026) y Mara actuar\u00e1 con dignidad, decoro y responsabilidad por el pueblo de Quintana Roo.<br \/>\nAl encuentro asistieron el senador Faustino L\u00f3pez Vargas, Crist\u00f3bal Arias Sol\u00eds, Mar\u00eda Antonia C\u00e1rdenas Mariscal, Nestora Salgado Garc\u00eda y la senadora con licencia Marybel Villegas Canch\u00e9.<br \/>\n0-0-0-0<\/p>\n","protected":false},"excerpt":{"rendered":"<p>El senador Ricardo Monreal \u00c1vila fue recibido con el grito de \u00a1Presidente! \u00a1Presidente!, por los asistentes a un mitin de&#8230;<\/p>\n","protected":false},"author":1,"featured_media":0,"comment_status":"closed","ping_status":"closed","sticky":false,"template":"","format":"standard","meta":{"footnotes":""},"categories":[2262],"tags":[],"class_list":["post-168099","post","type-post","status-publish","format-standard","hentry","category-elecciones"],"yoast_head":"<!-- This site is optimized with the Yoast SEO plugin v26.5 - https:\/\/yoast.com\/wordpress\/plugins\/seo\/ -->\n<title>Con gritos de \u201c\u00a1Presidente!\u201d reciben a Monreal en Quintana Roo - NOTICIAS<\/title>\n<meta name=\"robots\" content=\"index, follow, max-snippet:-1, max-image-preview:large, max-video-preview:-1\" \/>\n<link rel=\"canonical\" href=\"https:\/\/laredsocial-noticias.com\/wp\/con-gritos-de-presidente-reciben-a-monreal-en-quintana-roo\/\" \/>\n<meta property=\"og:locale\" content=\"es_ES\" \/>\n<meta property=\"og:type\" content=\"article\" \/>\n<meta property=\"og:title\" content=\"Con gritos de \u201c\u00a1Presidente!\u201d reciben a Monreal en Quintana Roo - NOTICIAS\" \/>\n<meta property=\"og:description\" content=\"El senador Ricardo Monreal \u00c1vila fue recibido con el grito de \u00a1Presidente! \u00a1Presidente!, por los asistentes a un mitin de...\" \/>\n<meta property=\"og:url\" content=\"https:\/\/laredsocial-noticias.com\/wp\/con-gritos-de-presidente-reciben-a-monreal-en-quintana-roo\/\" \/>\n<meta property=\"og:site_name\" content=\"NOTICIAS\" \/>\n<meta property=\"article:published_time\" content=\"2022-05-15T21:52:22+00:00\" \/>\n<meta property=\"article:modified_time\" content=\"2022-05-15T21:52:36+00:00\" \/>\n<meta property=\"og:image\" content=\"https:\/\/laredsocial-noticias.com\/wp\/wp-content\/uploads\/2022\/05\/B47C4B4C-A77A-47A0-A87B-EE1A014A3A8D.jpeg\" \/>\n\t<meta property=\"og:image:width\" content=\"1024\" \/>\n\t<meta property=\"og:image:height\" content=\"683\" \/>\n\t<meta property=\"og:image:type\" content=\"image\/jpeg\" \/>\n<meta name=\"author\" content=\"Editor en Jefe\" \/>\n<meta name=\"twitter:card\" content=\"summary_large_image\" \/>\n<meta name=\"twitter:label1\" content=\"Escrito por\" \/>\n\t<meta name=\"twitter:data1\" content=\"Editor en Jefe\" \/>\n\t<meta name=\"twitter:label2\" content=\"Tiempo de lectura\" \/>\n\t<meta name=\"twitter:data2\" content=\"2 minutos\" \/>\n<!-- \/ Yoast SEO plugin. -->","yoast_head_json":{"title":"Con gritos de \u201c\u00a1Presidente!\u201d reciben a Monreal en Quintana Roo - NOTICIAS","robots":{"index":"index","follow":"follow","max-snippet":"max-snippet:-1","max-image-preview":"max-image-preview:large","max-video-preview":"max-video-preview:-1"},"canonical":"https:\/\/laredsocial-noticias.com\/wp\/con-gritos-de-presidente-reciben-a-monreal-en-quintana-roo\/","og_locale":"es_ES","og_type":"article","og_title":"Con gritos de \u201c\u00a1Presidente!\u201d reciben a Monreal en Quintana Roo - NOTICIAS","og_description":"El senador Ricardo Monreal \u00c1vila fue recibido con el grito de \u00a1Presidente! \u00a1Presidente!, por los asistentes a un mitin de...","og_url":"https:\/\/laredsocial-noticias.com\/wp\/con-gritos-de-presidente-reciben-a-monreal-en-quintana-roo\/","og_site_name":"NOTICIAS","article_published_time":"2022-05-15T21:52:22+00:00","article_modified_time":"2022-05-15T21:52:36+00:00","og_image":[{"width":1024,"height":683,"url":"https:\/\/laredsocial-noticias.com\/wp\/wp-content\/uploads\/2022\/05\/B47C4B4C-A77A-47A0-A87B-EE1A014A3A8D.jpeg","type":"image\/jpeg"}],"author":"Editor en Jefe","twitter_card":"summary_large_image","twitter_misc":{"Escrito por":"Editor en Jefe","Tiempo de lectura":"2 minutos"},"schema":{"@context":"https:\/\/schema.org","@graph":[{"@type":"WebPage","@id":"https:\/\/laredsocial-noticias.com\/wp\/con-gritos-de-presidente-reciben-a-monreal-en-quintana-roo\/","url":"https:\/\/laredsocial-noticias.com\/wp\/con-gritos-de-presidente-reciben-a-monreal-en-quintana-roo\/","name":"Con gritos de \u201c\u00a1Presidente!\u201d reciben a Monreal en Quintana Roo - NOTICIAS","isPartOf":{"@id":"https:\/\/laredsocial-noticias.com\/wp\/#website"},"primaryImageOfPage":{"@id":"https:\/\/laredsocial-noticias.com\/wp\/con-gritos-de-presidente-reciben-a-monreal-en-quintana-roo\/#primaryimage"},"image":{"@id":"https:\/\/laredsocial-noticias.com\/wp\/con-gritos-de-presidente-reciben-a-monreal-en-quintana-roo\/#primaryimage"},"thumbnailUrl":"https:\/\/laredsocial-noticias.com\/wp\/wp-content\/uploads\/2022\/05\/A66E68A4-EB6D-4800-AAA2-8AA63038DFCD-150x150.jpeg","datePublished":"2022-05-15T21:52:22+00:00","dateModified":"2022-05-15T21:52:36+00:00","author":{"@id":"https:\/\/laredsocial-noticias.com\/wp\/#\/schema\/person\/0ce78643f2de7aae6f6ef10e8453a6e0"},"breadcrumb":{"@id":"https:\/\/laredsocial-noticias.com\/wp\/con-gritos-de-presidente-reciben-a-monreal-en-quintana-roo\/#breadcrumb"},"inLanguage":"es","potentialAction":[{"@type":"ReadAction","target":["https:\/\/laredsocial-noticias.com\/wp\/con-gritos-de-presidente-reciben-a-monreal-en-quintana-roo\/"]}]},{"@type":"ImageObject","inLanguage":"es","@id":"https:\/\/laredsocial-noticias.com\/wp\/con-gritos-de-presidente-reciben-a-monreal-en-quintana-roo\/#primaryimage","url":"","contentUrl":""},{"@type":"BreadcrumbList","@id":"https:\/\/laredsocial-noticias.com\/wp\/con-gritos-de-presidente-reciben-a-monreal-en-quintana-roo\/#breadcrumb","itemListElement":[{"@type":"ListItem","position":1,"name":"Portada","item":"https:\/\/laredsocial-noticias.com\/wp\/"},{"@type":"ListItem","position":2,"name":"Con gritos de \u201c\u00a1Presidente!\u201d reciben a Monreal en Quintana Roo"}]},{"@type":"WebSite","@id":"https:\/\/laredsocial-noticias.com\/wp\/#website","url":"https:\/\/laredsocial-noticias.com\/wp\/","name":"NOTICIAS","description":"Lo que se ve y se dice en las redes sociales","potentialAction":[{"@type":"SearchAction","target":{"@type":"EntryPoint","urlTemplate":"https:\/\/laredsocial-noticias.com\/wp\/?s={search_term_string}"},"query-input":{"@type":"PropertyValueSpecification","valueRequired":true,"valueName":"search_term_string"}}],"inLanguage":"es"},{"@type":"Person","@id":"https:\/\/laredsocial-noticias.com\/wp\/#\/schema\/person\/0ce78643f2de7aae6f6ef10e8453a6e0","name":"Editor en Jefe","url":"https:\/\/laredsocial-noticias.com\/wp\/author\/jorgeochoa\/"}]}},"_links":{"self":[{"href":"https:\/\/laredsocial-noticias.com\/wp\/wp-json\/wp\/v2\/posts\/168099","targetHints":{"allow":["GET"]}}],"collection":[{"href":"https:\/\/laredsocial-noticias.com\/wp\/wp-json\/wp\/v2\/posts"}],"about":[{"href":"https:\/\/laredsocial-noticias.com\/wp\/wp-json\/wp\/v2\/types\/post"}],"author":[{"embeddable":true,"href":"https:\/\/laredsocial-noticias.com\/wp\/wp-json\/wp\/v2\/users\/1"}],"replies":[{"embeddable":true,"href":"https:\/\/laredsocial-noticias.com\/wp\/wp-json\/wp\/v2\/comments?post=168099"}],"version-history":[{"count":1,"href":"https:\/\/laredsocial-noticias.com\/wp\/wp-json\/wp\/v2\/posts\/168099\/revisions"}],"predecessor-version":[{"id":168108,"href":"https:\/\/laredsocial-noticias.com\/wp\/wp-json\/wp\/v2\/posts\/168099\/revisions\/168108"}],"wp:attachment":[{"href":"https:\/\/laredsocial-noticias.com\/wp\/wp-json\/wp\/v2\/media?parent=168099"}],"wp:term":[{"taxonomy":"category","embeddable":true,"href":"https:\/\/laredsocial-noticias.com\/wp\/wp-json\/wp\/v2\/categories?post=168099"},{"taxonomy":"post_tag","embeddable":true,"href":"https:\/\/laredsocial-noticias.com\/wp\/wp-json\/wp\/v2\/tags?post=168099"}],"curies":[{"name":"wp","href":"https:\/\/api.w.org\/{rel}","templated":true}]}}