{"id":168346,"date":"2022-05-18T12:30:07","date_gmt":"2022-05-18T17:30:07","guid":{"rendered":"https:\/\/laredsocial-noticias.com\/wp\/?p=168346"},"modified":"2022-05-18T10:04:34","modified_gmt":"2022-05-18T15:04:34","slug":"pablo-escalante-nuevo-presidente-del-grupo-de-tesoreros-del-sector-publico","status":"publish","type":"post","link":"https:\/\/laredsocial-noticias.com\/wp\/pablo-escalante-nuevo-presidente-del-grupo-de-tesoreros-del-sector-publico\/","title":{"rendered":"Pablo Escalante, nuevo presidente del Grupo de Tesoreros del Sector P\u00fablico"},"content":{"rendered":"<p>Pablo Santiago Escalante Tattersfield fue nombrado como su nuevo presidente del Grupo de Tesoreros del Sector P\u00fablico A.C. (GTSP) para el periodo 2022-2024, con ello se dar\u00e1 continuidad a la gesti\u00f3n de su antecesora Ang\u00e9lica Gonz\u00e1lez Rossi.<\/p>\n<p>Escalante Tattersfield ocup\u00f3 distintas vicepresidencias en la Comisi\u00f3n Nacional Bancaria y de Valores (CNBV) y cuenta con m\u00e1s de 37 a\u00f1os de experiencia en el sector financiero, en la administraci\u00f3n p\u00fablica se desempe\u00f1\u00f3 como sub tesorero de la Federaci\u00f3n.<\/p>\n<p>Actualmente es consejero independiente de distintas instituciones y asociaciones financieras, entre ellas, de la Asociaci\u00f3n Mexicana de Empresas de N\u00f3mina (AMDEN); asimismo es cofundador del GTSP donde ha promovido la consolidaci\u00f3n de experiencias de los funcionarios p\u00fablicos responsables de las Tesorer\u00edas en las instituciones y organismos p\u00fablicos.<\/p>\n<p>Como presidente del Grupo, Escalante Tattersfield focalizar\u00e1 su programa de trabajo en procurar y fomentar las mejores pr\u00e1cticas financieras, operativas y de \u00e9tica en las tesorer\u00edas p\u00fablicas, a trav\u00e9s de un manejo transparente y seguro de los recursos p\u00fablicos en beneficio del pa\u00eds, mediante los organismos representados.<\/p>\n<p>Adicionalmente, buscar\u00e1 la participaci\u00f3n activa en la modernizaci\u00f3n y optimizaci\u00f3n en la Administraci\u00f3n de los Recursos Financieros de las Tesorer\u00edas P\u00fablicas, involucrando\u00a0 a las Entidades Financieras privadas con la intenci\u00f3n de aumentar la eficiencia del aparato gubernamental en beneficio de la poblaci\u00f3n en general.<\/p>\n<p>Para este fin, promover\u00e1 la integraci\u00f3n de todos los funcionarios p\u00fablicos responsables de las Tesorer\u00edas de instituciones y organismos p\u00fablicos, interesados en generar estos beneficios, a fin de contribuir\u00a0 al fortalecimiento de sus conocimientos.<\/p>\n<p>El GTSP se fund\u00f3 en 1998 a iniciativa de un peque\u00f1o grupo de servidores p\u00fablicos, responsables del manejo de tesorer\u00edas p\u00fablicas con el objeto de mitigar riesgos y compartir experiencias.<\/p>\n<p>Actualmente se integra por 40 miembros de 21 organismos y dependencias federales.<\/p>\n<p>En 2009 se formaliz\u00f3 como Asociaci\u00f3n Civil sin fines de lucro, con ello, centra su objetivo en la profesionalizaci\u00f3n e institucionalizaci\u00f3n en el manejo responsable y transparente de recursos p\u00fablicos, compartiendo mejores pr\u00e1cticas de gobierno corporativo. En este sentido el Grupo ha dise\u00f1ado, impartido y coordinado comit\u00e9s t\u00e9cnicos en su materia, con el fin de difundir el conocimiento adquirido y facilitar la labor a los responsables del manejo de recursos p\u00fablicos.<\/p>\n<p>Los integrantes del GTSP est\u00e1n convencidos que la incorporaci\u00f3n de las mejores pr\u00e1cticas para las Tesorer\u00edas P\u00fablicas en M\u00e9xico, contribuyen de forma relevante al fortalecimiento de las finanzas p\u00fablicas.<\/p>\n","protected":false},"excerpt":{"rendered":"<p>Pablo Santiago Escalante Tattersfield fue nombrado como su nuevo presidente del Grupo de Tesoreros del Sector P\u00fablico A.C. (GTSP) para&#8230;<\/p>\n","protected":false},"author":1,"featured_media":0,"comment_status":"open","ping_status":"closed","sticky":false,"template":"","format":"standard","meta":{"footnotes":""},"categories":[2811,6026],"tags":[4959,77],"class_list":["post-168346","post","type-post","status-publish","format-standard","hentry","category-economia","category-portada","tag-featured","tag-principal"],"yoast_head":"<!-- This site is optimized with the Yoast SEO plugin v26.5 - https:\/\/yoast.com\/wordpress\/plugins\/seo\/ -->\n<title>Pablo Escalante, nuevo presidente del Grupo de Tesoreros del Sector P\u00fablico - NOTICIAS<\/title>\n<meta name=\"robots\" content=\"index, follow, max-snippet:-1, max-image-preview:large, max-video-preview:-1\" \/>\n<link rel=\"canonical\" href=\"https:\/\/laredsocial-noticias.com\/wp\/pablo-escalante-nuevo-presidente-del-grupo-de-tesoreros-del-sector-publico\/\" \/>\n<meta property=\"og:locale\" content=\"es_ES\" \/>\n<meta property=\"og:type\" content=\"article\" \/>\n<meta property=\"og:title\" content=\"Pablo Escalante, nuevo presidente del Grupo de Tesoreros del Sector P\u00fablico - NOTICIAS\" \/>\n<meta property=\"og:description\" content=\"Pablo Santiago Escalante Tattersfield fue nombrado como su nuevo presidente del Grupo de Tesoreros del Sector P\u00fablico A.C. (GTSP) para...\" \/>\n<meta property=\"og:url\" content=\"https:\/\/laredsocial-noticias.com\/wp\/pablo-escalante-nuevo-presidente-del-grupo-de-tesoreros-del-sector-publico\/\" \/>\n<meta property=\"og:site_name\" content=\"NOTICIAS\" \/>\n<meta property=\"article:published_time\" content=\"2022-05-18T17:30:07+00:00\" \/>\n<meta property=\"og:image\" content=\"https:\/\/laredsocial-noticias.com\/wp\/wp-content\/uploads\/2022\/05\/Pablo_Santiago_Escalante_Tattersfield.jpg\" \/>\n\t<meta property=\"og:image:width\" content=\"1280\" \/>\n\t<meta property=\"og:image:height\" content=\"720\" \/>\n\t<meta property=\"og:image:type\" content=\"image\/jpeg\" \/>\n<meta name=\"author\" content=\"Editor en Jefe\" \/>\n<meta name=\"twitter:card\" content=\"summary_large_image\" \/>\n<meta name=\"twitter:label1\" content=\"Escrito por\" \/>\n\t<meta name=\"twitter:data1\" content=\"Editor en Jefe\" \/>\n\t<meta name=\"twitter:label2\" content=\"Tiempo de lectura\" \/>\n\t<meta name=\"twitter:data2\" content=\"2 minutos\" \/>\n<!-- \/ Yoast SEO plugin. -->","yoast_head_json":{"title":"Pablo Escalante, nuevo presidente del Grupo de Tesoreros del Sector P\u00fablico - NOTICIAS","robots":{"index":"index","follow":"follow","max-snippet":"max-snippet:-1","max-image-preview":"max-image-preview:large","max-video-preview":"max-video-preview:-1"},"canonical":"https:\/\/laredsocial-noticias.com\/wp\/pablo-escalante-nuevo-presidente-del-grupo-de-tesoreros-del-sector-publico\/","og_locale":"es_ES","og_type":"article","og_title":"Pablo Escalante, nuevo presidente del Grupo de Tesoreros del Sector P\u00fablico - NOTICIAS","og_description":"Pablo Santiago Escalante Tattersfield fue nombrado como su nuevo presidente del Grupo de Tesoreros del Sector P\u00fablico A.C. (GTSP) para...","og_url":"https:\/\/laredsocial-noticias.com\/wp\/pablo-escalante-nuevo-presidente-del-grupo-de-tesoreros-del-sector-publico\/","og_site_name":"NOTICIAS","article_published_time":"2022-05-18T17:30:07+00:00","og_image":[{"width":1280,"height":720,"url":"https:\/\/laredsocial-noticias.com\/wp\/wp-content\/uploads\/2022\/05\/Pablo_Santiago_Escalante_Tattersfield.jpg","type":"image\/jpeg"}],"author":"Editor en Jefe","twitter_card":"summary_large_image","twitter_misc":{"Escrito por":"Editor en Jefe","Tiempo de lectura":"2 minutos"},"schema":{"@context":"https:\/\/schema.org","@graph":[{"@type":"WebPage","@id":"https:\/\/laredsocial-noticias.com\/wp\/pablo-escalante-nuevo-presidente-del-grupo-de-tesoreros-del-sector-publico\/","url":"https:\/\/laredsocial-noticias.com\/wp\/pablo-escalante-nuevo-presidente-del-grupo-de-tesoreros-del-sector-publico\/","name":"Pablo Escalante, nuevo presidente del Grupo de Tesoreros del Sector P\u00fablico - NOTICIAS","isPartOf":{"@id":"https:\/\/laredsocial-noticias.com\/wp\/#website"},"datePublished":"2022-05-18T17:30:07+00:00","author":{"@id":"https:\/\/laredsocial-noticias.com\/wp\/#\/schema\/person\/0ce78643f2de7aae6f6ef10e8453a6e0"},"breadcrumb":{"@id":"https:\/\/laredsocial-noticias.com\/wp\/pablo-escalante-nuevo-presidente-del-grupo-de-tesoreros-del-sector-publico\/#breadcrumb"},"inLanguage":"es","potentialAction":[{"@type":"ReadAction","target":["https:\/\/laredsocial-noticias.com\/wp\/pablo-escalante-nuevo-presidente-del-grupo-de-tesoreros-del-sector-publico\/"]}]},{"@type":"BreadcrumbList","@id":"https:\/\/laredsocial-noticias.com\/wp\/pablo-escalante-nuevo-presidente-del-grupo-de-tesoreros-del-sector-publico\/#breadcrumb","itemListElement":[{"@type":"ListItem","position":1,"name":"Portada","item":"https:\/\/laredsocial-noticias.com\/wp\/"},{"@type":"ListItem","position":2,"name":"Pablo Escalante, nuevo presidente del Grupo de Tesoreros del Sector P\u00fablico"}]},{"@type":"WebSite","@id":"https:\/\/laredsocial-noticias.com\/wp\/#website","url":"https:\/\/laredsocial-noticias.com\/wp\/","name":"NOTICIAS","description":"Lo que se ve y se dice en las redes sociales","potentialAction":[{"@type":"SearchAction","target":{"@type":"EntryPoint","urlTemplate":"https:\/\/laredsocial-noticias.com\/wp\/?s={search_term_string}"},"query-input":{"@type":"PropertyValueSpecification","valueRequired":true,"valueName":"search_term_string"}}],"inLanguage":"es"},{"@type":"Person","@id":"https:\/\/laredsocial-noticias.com\/wp\/#\/schema\/person\/0ce78643f2de7aae6f6ef10e8453a6e0","name":"Editor en Jefe","url":"https:\/\/laredsocial-noticias.com\/wp\/author\/jorgeochoa\/"}]}},"_links":{"self":[{"href":"https:\/\/laredsocial-noticias.com\/wp\/wp-json\/wp\/v2\/posts\/168346","targetHints":{"allow":["GET"]}}],"collection":[{"href":"https:\/\/laredsocial-noticias.com\/wp\/wp-json\/wp\/v2\/posts"}],"about":[{"href":"https:\/\/laredsocial-noticias.com\/wp\/wp-json\/wp\/v2\/types\/post"}],"author":[{"embeddable":true,"href":"https:\/\/laredsocial-noticias.com\/wp\/wp-json\/wp\/v2\/users\/1"}],"replies":[{"embeddable":true,"href":"https:\/\/laredsocial-noticias.com\/wp\/wp-json\/wp\/v2\/comments?post=168346"}],"version-history":[{"count":1,"href":"https:\/\/laredsocial-noticias.com\/wp\/wp-json\/wp\/v2\/posts\/168346\/revisions"}],"predecessor-version":[{"id":168347,"href":"https:\/\/laredsocial-noticias.com\/wp\/wp-json\/wp\/v2\/posts\/168346\/revisions\/168347"}],"wp:attachment":[{"href":"https:\/\/laredsocial-noticias.com\/wp\/wp-json\/wp\/v2\/media?parent=168346"}],"wp:term":[{"taxonomy":"category","embeddable":true,"href":"https:\/\/laredsocial-noticias.com\/wp\/wp-json\/wp\/v2\/categories?post=168346"},{"taxonomy":"post_tag","embeddable":true,"href":"https:\/\/laredsocial-noticias.com\/wp\/wp-json\/wp\/v2\/tags?post=168346"}],"curies":[{"name":"wp","href":"https:\/\/api.w.org\/{rel}","templated":true}]}}